{"id":143740,"date":"2020-03-19T09:56:01","date_gmt":"2020-03-19T06:56:01","guid":{"rendered":"http:\/\/arantv.az\/?p=143740"},"modified":"2020-03-19T09:56:01","modified_gmt":"2020-03-19T06:56:01","slug":"az%c9%99rbaycanda-%c9%99rd%c9%99-olan-bacisina-sevgi-mesajlari-yazan-g%c9%99nci-oldurdu-t%c9%99f%c9%99rruat","status":"publish","type":"post","link":"https:\/\/arantv.az\/?p=143740","title":{"rendered":"Az\u0259rbaycanda \u0259rd\u0259 olan bac\u0131s\u0131na sevgi mesajlar\u0131 yazan g\u0259nci \u00f6ld\u00fcrd\u00fc &#8211; T\u018fF\u018fRR\u00dcAT"},"content":{"rendered":"<p>L\u0259nk\u0259randa q\u0259tl t\u00f6r\u0259tm\u0259kd\u0259 t\u0259qsirli bilin\u0259n 1995-ci il t\u0259v\u0259ll\u00fcdl\u00fc Heyd\u0259r \u018flilinin cinay\u0259t i\u015fi \u00fczr\u0259 kassasiya \u015fikay\u0259tin\u0259 bax\u0131l\u0131b.<\/p>\n<p><b>ARANTV.AZ\u00a0<\/b>\u00a0oxu.az-a istinad\u0259n x\u0259b\u0259r verir ki, Ali M\u0259hk\u0259m\u0259nin hakimi \u018fli Seyf\u0259liyevin s\u0259drliyi il\u0259 ke\u00e7iril\u0259n iclasda q\u0259rar elan edilib.<\/p>\n<p>Q\u0259rara g\u00f6r\u0259, onun \u015fikay\u0259ti t\u0259min edilm\u0259yib.<\/p>\n<p>L\u0259nk\u0259ran rayonu A\u015fa\u011f\u0131 N\u00fcv\u0259di q\u0259s\u0259b\u0259 sakini, 1997-ci il t\u0259v\u0259ll\u00fcdl\u00fc \u015eadman Balayev Heyd\u0259r \u018flilinin bac\u0131s\u0131na \u201cWatsapp\u201ddan tan\u0131\u015fl\u0131q m\u0259zmunlu &#8220;SMS\u201d m\u0259tnl\u0259ri g\u00f6nd\u0259rib.<\/p>\n<p>Heyd\u0259r \u018flili bundan bac\u0131s\u0131n\u0131n \u0259ri vasit\u0259si il\u0259 x\u0259b\u0259r tutub. O, qisas almaq niyy\u0259ti il\u0259 \u015eadman Balayevi \u00f6ld\u00fcrm\u0259k q\u0259rar\u0131na g\u0259lib. Bu m\u0259qs\u0259dl\u0259 29 yanvar 2019-cu il tarixd\u0259 saat 9 rad\u0259l\u0259rind\u0259 bac\u0131s\u0131n\u0131n \u0259rind\u0259n \u015eadman Balayevin Bak\u0131 \u015f\u0259h\u0259rin\u0259 getm\u0259k \u00fc\u00e7\u00fcn L\u0259nk\u0259ran \u015f\u0259h\u0259rind\u0259 &#8220;L\u0259v\u0259ngi dair\u0259si\u201d adlanan \u0259razid\u0259 yerl\u0259\u015f\u0259n avtova\u011fzalda oldu\u011funu \u00f6yr\u0259nib.<\/p>\n<p>Evd\u0259n b\u0131\u00e7aq g\u00f6t\u00fcr\u0259n Heyd\u0259r \u018flili niyy\u0259tini bac\u0131s\u0131n\u0131n \u0259rind\u0259n gizl\u0259dib v\u0259 avtova\u011fzala g\u0259lib. O, \u015eadman Balayevin avtova\u011fzal\u0131n giri\u015find\u0259 dayand\u0131\u011f\u0131n\u0131 g\u00f6r\u00fcb. Heyd\u0259r \u018flili \u015eadman Balayev\u0259 t\u0259r\u0259f qa\u00e7\u0131b. Bunu g\u00f6r\u0259n \u015eadman Balayev qa\u00e7maq ist\u0259yib. Heyd\u0259r \u018flili \u015eadman Balayevi &#8220;Xan L\u0259nk\u0259ran\u201d restoran\u0131na q\u0259d\u0259r t\u0259qib edib v\u0259 orada qar\u015f\u0131s\u0131n\u0131 k\u0259s\u0259r\u0259k t\u0259pikl\u0259yib.<\/p>\n<div id=\"AdviadNativeVideo0\" class=\"AdviadNativeVideo\"><\/div>\n<p>Sonra o, \u015eadman Balayev\u0259 bir ne\u00e7\u0259 b\u0131\u00e7aq x\u0259sar\u0259ti yetirib. \u015eadman Balayev ald\u0131\u011f\u0131 x\u0259sar\u0259tl\u0259rd\u0259n hadis\u0259 yerind\u0259 \u00f6l\u00fcb.<\/p>\n<p>\u0130stintaq orqan\u0131 t\u0259r\u0259find\u0259n Heyd\u0259r \u018flilinin bar\u0259sind\u0259 Cinay\u0259t M\u0259c\u0259ll\u0259sinin 120.1-ci (q\u0259sd\u0259n adam \u00f6ld\u00fcrm\u0259) madd\u0259si il\u0259 ittiham elan edilib.<\/p>\n<p>L\u0259nk\u0259ran A\u011f\u0131r Cinay\u0259tl\u0259r M\u0259hk\u0259m\u0259sinin h\u00f6km\u00fc il\u0259 Heyd\u0259r \u018flili 10 il 6 ay m\u00fcdd\u0259tin\u0259 azadl\u0131qdan m\u0259hrum edilib.<\/p>\n<p>H\u00f6kmd\u0259n naraz\u0131 qalan z\u0259r\u0259r\u00e7\u0259kmi\u015fin h\u00fcquqi varisi, atas\u0131 Nail Balayev apelyasiya \u015fikay\u0259ti verib.<\/p>\n<p>O qeyd edib ki, o\u011flunu q\u0259tl\u0259 yetirm\u0259y\u0259 Heyd\u0259r \u018flilini bac\u0131s\u0131n\u0131n \u0259ri Ramin Abdullayev t\u0259hrik edib.<\/p>\n<p>H\u00fcquqi varis Ramin Abdullayevin m\u0259suliyy\u0259td\u0259n k\u0259narda qald\u0131\u011f\u0131n\u0131, onun da m\u0259suliyy\u0259t\u0259 c\u0259lb olunmas\u0131n\u0131, Heyd\u0259r \u018flilinin is\u0259 c\u0259zas\u0131n\u0131n a\u011f\u0131rla\u015fd\u0131r\u0131lmas\u0131n\u0131 ist\u0259yib.<\/p>\n<p>\u015eikay\u0259t ara\u015fd\u0131r\u0131lmas\u0131 \u00fc\u00e7\u00fcn \u015eirvan Apelyasiya M\u0259hk\u0259m\u0259sin\u0259 g\u00f6nd\u0259rilib. Hakim El\u015fad \u018fliyevin s\u0259drliyi il\u0259 ba\u015f tutan prosesd\u0259 apelyasiya \u015fikay\u0259tinin d\u0259lill\u0259ri ara\u015fd\u0131r\u0131l\u0131b, sonda q\u0259rar elan edilib. M\u0259rhum \u015eadman Balayevin h\u00fcquqi varisi t\u0259r\u0259find\u0259n veril\u0259n \u015fikay\u0259t t\u0259min olunmay\u0131b.<\/p>\n","protected":false},"excerpt":{"rendered":"<p>L\u0259nk\u0259randa q\u0259tl t\u00f6r\u0259tm\u0259kd\u0259 t\u0259qsirli bilin\u0259n 1995-ci il t\u0259v\u0259ll\u00fcdl\u00fc Heyd\u0259r \u018flilinin cinay\u0259t i\u015fi \u00fczr\u0259 kassasiya \u015fikay\u0259tin\u0259 bax\u0131l\u0131b. ARANTV.AZ\u00a0\u00a0oxu.az-a istinad\u0259n x\u0259b\u0259r verir ki, Ali M\u0259hk\u0259m\u0259nin hakimi \u018fli Seyf\u0259liyevin s\u0259drliyi il\u0259 ke\u00e7iril\u0259n iclasda q\u0259rar elan edilib. Q\u0259rara g\u00f6r\u0259, onun \u015fikay\u0259ti t\u0259min edilm\u0259yib. L\u0259nk\u0259ran rayonu A\u015fa\u011f\u0131 N\u00fcv\u0259di q\u0259s\u0259b\u0259 sakini, 1997-ci il t\u0259v\u0259ll\u00fcdl\u00fc \u015eadman Balayev Heyd\u0259r \u018flilinin bac\u0131s\u0131na \u201cWatsapp\u201ddan tan\u0131\u015fl\u0131q m\u0259zmunlu &#8220;SMS\u201d m\u0259tnl\u0259ri g\u00f6nd\u0259rib. Heyd\u0259r \u018flili bundan bac\u0131s\u0131n\u0131n \u0259ri vasit\u0259si il\u0259 x\u0259b\u0259r tutub. O, qisas almaq niyy\u0259ti il\u0259 \u015eadman Balayevi \u00f6ld\u00fcrm\u0259k q\u0259rar\u0131na g\u0259lib. Bu m\u0259qs\u0259dl\u0259 29 yanvar 2019-cu il tarixd\u0259 saat 9 rad\u0259l\u0259rind\u0259 bac\u0131s\u0131n\u0131n \u0259rind\u0259n&hellip;<\/p>\n","protected":false},"author":2,"featured_media":143741,"comment_status":"closed","ping_status":"closed","sticky":false,"template":"","format":"standard","meta":{"om_disable_all_campaigns":false,"_monsterinsights_skip_tracking":false,"_monsterinsights_sitenote_active":false,"_monsterinsights_sitenote_note":"","_monsterinsights_sitenote_category":0},"categories":[5],"tags":[],"aioseo_notices":[],"gutentor_comment":0,"rttpg_featured_image_url":{"full":["https:\/\/arantv.az\/wp-content\/uploads\/2020\/03\/sms_61584600239.jpg",620,349,false],"landscape":["https:\/\/arantv.az\/wp-content\/uploads\/2020\/03\/sms_61584600239.jpg",620,349,false],"portraits":["https:\/\/arantv.az\/wp-content\/uploads\/2020\/03\/sms_61584600239.jpg",620,349,false],"thumbnail":["https:\/\/arantv.az\/wp-content\/uploads\/2020\/03\/sms_61584600239-150x150.jpg",150,150,true],"medium":["https:\/\/arantv.az\/wp-content\/uploads\/2020\/03\/sms_61584600239-300x169.jpg",300,169,true],"large":["https:\/\/arantv.az\/wp-content\/uploads\/2020\/03\/sms_61584600239.jpg",620,349,false],"1536x1536":["https:\/\/arantv.az\/wp-content\/uploads\/2020\/03\/sms_61584600239.jpg",620,349,false],"2048x2048":["https:\/\/arantv.az\/wp-content\/uploads\/2020\/03\/sms_61584600239.jpg",620,349,false],"post-thumbnail":["https:\/\/arantv.az\/wp-content\/uploads\/2020\/03\/sms_61584600239-240x172.jpg",240,172,true],"advps-thumb-one":["https:\/\/arantv.az\/wp-content\/uploads\/2020\/03\/sms_61584600239.jpg",620,349,false]},"rttpg_author":{"display_name":"V\u00fcsal Rafiqo\u011flu","author_link":"https:\/\/arantv.az\/?author=2"},"rttpg_comment":0,"rttpg_category":"<a href=\"https:\/\/arantv.az\/?cat=5\" rel=\"category\">Hadis\u0259<\/a>","rttpg_excerpt":"L\u0259nk\u0259randa q\u0259tl t\u00f6r\u0259tm\u0259kd\u0259 t\u0259qsirli bilin\u0259n 1995-ci il t\u0259v\u0259ll\u00fcdl\u00fc Heyd\u0259r \u018flilinin cinay\u0259t i\u015fi \u00fczr\u0259 kassasiya \u015fikay\u0259tin\u0259 bax\u0131l\u0131b. ARANTV.AZ\u00a0\u00a0oxu.az-a istinad\u0259n x\u0259b\u0259r verir ki, Ali M\u0259hk\u0259m\u0259nin hakimi \u018fli Seyf\u0259liyevin s\u0259drliyi il\u0259 ke\u00e7iril\u0259n iclasda q\u0259rar elan edilib. Q\u0259rara g\u00f6r\u0259, onun \u015fikay\u0259ti t\u0259min edilm\u0259yib. L\u0259nk\u0259ran rayonu A\u015fa\u011f\u0131 N\u00fcv\u0259di q\u0259s\u0259b\u0259 sakini, 1997-ci il t\u0259v\u0259ll\u00fcdl\u00fc \u015eadman Balayev Heyd\u0259r \u018flilinin bac\u0131s\u0131na \u201cWatsapp\u201ddan tan\u0131\u015fl\u0131q&hellip;","_links":{"self":[{"href":"https:\/\/arantv.az\/index.php?rest_route=\/wp\/v2\/posts\/143740"}],"collection":[{"href":"https:\/\/arantv.az\/index.php?rest_route=\/wp\/v2\/posts"}],"about":[{"href":"https:\/\/arantv.az\/index.php?rest_route=\/wp\/v2\/types\/post"}],"author":[{"embeddable":true,"href":"https:\/\/arantv.az\/index.php?rest_route=\/wp\/v2\/users\/2"}],"replies":[{"embeddable":true,"href":"https:\/\/arantv.az\/index.php?rest_route=%2Fwp%2Fv2%2Fcomments&post=143740"}],"version-history":[{"count":0,"href":"https:\/\/arantv.az\/index.php?rest_route=\/wp\/v2\/posts\/143740\/revisions"}],"wp:featuredmedia":[{"embeddable":true,"href":"https:\/\/arantv.az\/index.php?rest_route=\/wp\/v2\/media\/143741"}],"wp:attachment":[{"href":"https:\/\/arantv.az\/index.php?rest_route=%2Fwp%2Fv2%2Fmedia&parent=143740"}],"wp:term":[{"taxonomy":"category","embeddable":true,"href":"https:\/\/arantv.az\/index.php?rest_route=%2Fwp%2Fv2%2Fcategories&post=143740"},{"taxonomy":"post_tag","embeddable":true,"href":"https:\/\/arantv.az\/index.php?rest_route=%2Fwp%2Fv2%2Ftags&post=143740"}],"curies":[{"name":"wp","href":"https:\/\/api.w.org\/{rel}","templated":true}]}}