{"id":143785,"date":"2020-03-19T10:32:25","date_gmt":"2020-03-19T07:32:25","guid":{"rendered":"http:\/\/arantv.az\/?p=143785"},"modified":"2020-03-19T10:32:25","modified_gmt":"2020-03-19T07:32:25","slug":"s%c9%99daq%c9%99t-v%c9%99liyeva-az%c9%99rbaycan-dovl%c9%99ti-h%c9%99kiml%c9%99rin-f%c9%99dakarligini-layiqinc%c9%99-qiym%c9%99tl%c9%99ndirdi","status":"publish","type":"post","link":"https:\/\/arantv.az\/?p=143785","title":{"rendered":"S\u0259daq\u0259t V\u0259liyeva: Az\u0259rbaycan d\u00f6vl\u0259ti h\u0259kiml\u0259rin f\u0259dakarl\u0131\u011f\u0131n\u0131 layiqinc\u0259 qiym\u0259tl\u0259ndirdi"},"content":{"rendered":"<p>&#8220;C\u0259nab Prezident \u0130lham \u018fliyevin yeni n\u00f6v koronavirus infeksiyas\u0131 il\u0259 m\u00fcbariz\u0259 t\u0259dbirl\u0259rind\u0259 i\u015ftirak ed\u0259n tibb i\u015f\u00e7il\u0259rinin sosial m\u00fcdafi\u0259sinin g\u00fccl\u0259ndirilm\u0259si haqq\u0131nda S\u0259r\u0259ncam imzalamas\u0131, onlar\u0131n \u0259m\u0259khaqlar\u0131na ayl\u0131q v\u0259zif\u0259 maa\u015f\u0131n\u0131n 3-5 mislin\u0259d\u0259k miqdarda m\u00fcdd\u0259tli \u0259lav\u0259nin m\u00fc\u0259yy\u0259n edilm\u0259si bir daha onu g\u00f6st\u0259rir ki, Az\u0259rbaycan d\u00f6vl\u0259ti h\u0259kiml\u0259rin f\u0259dakarl\u0131\u011f\u0131n\u0131 layiqinc\u0259 qiym\u0259tl\u0259ndirir&#8221;.<\/p>\n<p><strong>ARANTV.AZ<\/strong>\u00a0 x\u0259b\u0259r verir ki, bunu\u00a0<a href=\"https:\/\/az.trend.az\/\" target=\"_blank\" rel=\"noopener\">Trend<\/a>-\u0259 a\u00e7\u0131qlamas\u0131nda Yeni Az\u0259rbaycan Partiyas\u0131 (YAP) Nizami rayon t\u0259\u015fkilat\u0131n\u0131n s\u0259dri, Milli M\u0259clisin deputat\u0131 S\u0259daq\u0259t V\u0259liyeva deyib.<\/p>\n<p>Onun s\u00f6zl\u0259rin\u0259 g\u00f6r\u0259, Az\u0259rbaycan d\u00f6vl\u0259ti koronavirusla m\u00fcbariz\u0259d\u0259 \u00dcST-\u00fcn t\u0259limatlar\u0131n\u0131 da n\u0259z\u0259r\u0259 almaqla \u00e7ox ciddi t\u0259dbirl\u0259r h\u0259yata ke\u00e7irir, v\u0259t\u0259nda\u015flar\u0131m\u0131z\u0131n qorunmas\u0131, onlar\u0131n sa\u011flaml\u0131qlar\u0131n\u0131n m\u00fcdafi\u0259si \u00fc\u00e7\u00fcn b\u00fct\u00fcn add\u0131mlar\u0131 at\u0131r:<\/p>\n<p>&#8220;\u00d6lk\u0259mizd\u0259 effektiv karantin t\u0259dbirl\u0259ri g\u00f6r\u00fcl\u00fcr, m\u00fc\u0259yy\u0259n m\u0259hdudiyy\u0259tl\u0259r t\u0259tbiq edilir, xaricd\u0259ki az\u0259rbaycanl\u0131lar, x\u00fcsusil\u0259 d\u0259 t\u0259l\u0259b\u0259l\u0259r Az\u0259rbaycana g\u0259tirilir, m\u00fcasir avadanl\u0131qlar al\u0131n\u0131r, testl\u0259r, yoxlamalar apar\u0131l\u0131r, narahatl\u0131q do\u011fura bil\u0259c\u0259k m\u0259s\u0259l\u0259l\u0259r\u0259 d\u0259rhal m\u00fcnasib\u0259t bildirilir, sosial-iqtisadi sah\u0259d\u0259 v\u0259t\u0259nda\u015flar\u0131n maraqlar\u0131 maksimum \u015f\u0259kild\u0259 qorunur v\u0259 t\u0259min edilir&#8221;.<\/p>\n<p>S\u0259daq\u0259t V\u0259liyeva \u0259lav\u0259 edib ki, Prezident xalq\u0131n t\u0259hl\u00fck\u0259sizliyinin v\u0259 sa\u011flaml\u0131\u011f\u0131n\u0131n t\u0259min edilm\u0259si \u00fc\u00e7\u00fcn qlobal pandemiyan\u0131n d\u00fcnya \u00f6lk\u0259l\u0259rind\u0259 yaratd\u0131\u011f\u0131 f\u0259sadlar\u0131 izl\u0259yir, d\u00fczg\u00fcn t\u0259hlil edir, t\u0259hl\u00fck\u0259l\u0259rin qar\u015f\u0131s\u0131n\u0131 almaq \u00fc\u00e7\u00fcn vaxt\u0131nda v\u0259 rasional q\u0259rarlar verir, n\u0259zar\u0259tin g\u00fccl\u0259ndirilm\u0259si \u015f\u0259raitind\u0259 y\u00fcks\u0259k \u00e7evikliy\u0259 malik operativ q\u0259rargah\u0131n f\u0259aliyy\u0259tini t\u0259min edir:<\/p>\n<p>&#8220;El\u0259 bu s\u0259b\u0259bd\u0259ndir ki, d\u00fcnya \u00f6lk\u0259l\u0259rind\u0259, x\u00fcsusil\u0259 d\u0259 Avropada v\u0259 AB\u015e-da ya\u015fanan ajiotaj, kilometrl\u0259rl\u0259 \u0259rzaq n\u00f6vb\u0259l\u0259ri, qida \u00e7at\u0131\u015fmazl\u0131\u011f\u0131 ucbat\u0131ndan ma\u011fazalara k\u00fctl\u0259vi h\u00fccumlar, silah al\u0131\u015f\u0131 v\u0259 s. panikadan do\u011fan add\u0131mlar Az\u0259rbaycanda ya\u015fanmad\u0131, ya\u015fanm\u0131r. Y\u0259ni, c\u0259nab Prezident \u0130lham \u018fliyevin f\u0259aliyy\u0259ti n\u0259tic\u0259sind\u0259 Az\u0259rbaycan pandemiyan\u0131n ilk dal\u011falar\u0131ndan \u00e7ox az itkil\u0259rl\u0259 \u00e7\u0131xd\u0131&#8221;.<\/p>\n<p>S\u0259daq\u0259t V\u0259liyeva diqq\u0259t\u0259 \u00e7atd\u0131r\u0131b ki, \u00f6lk\u0259 r\u0259hb\u0259rinin qlobal t\u0259hl\u00fck\u0259 il\u0259 m\u00fcbariz\u0259d\u0259 \u00f6n s\u0131rada durmas\u0131, v\u0259t\u0259nda\u015flar\u0131n\u0131 pandemiya t\u0259hl\u00fck\u0259sind\u0259n qorumas\u0131 m\u00fcbariz\u0259d\u0259 i\u015ftirak ed\u0259n dig\u0259r insanlarda stimul, h\u0259v\u0259s yarad\u0131r:<\/p>\n<p>&#8220;H\u0259r k\u0259s \u00e7al\u0131\u015f\u0131r ki, Prezidenti kimi \u00fcmumi b\u0259la il\u0259 m\u00fcbariz\u0259 apars\u0131n, \u0259lind\u0259n g\u0259l\u0259ni etsin. Odur ki, Az\u0259rbaycan\u0131n bu sah\u0259d\u0259 m\u00fct\u0259x\u0259ssis olan h\u0259kiml\u0259ri, tibb bac\u0131lar\u0131, \u00fcmum\u0259n tibb personal\u0131 gec\u0259, g\u00fcnd\u00fcz dem\u0259d\u0259n i\u015fl\u0259yir, karantind\u0259 olan v\u0259t\u0259nda\u015flara, virusa yoluxmu\u015f \u015f\u0259xsl\u0259r\u0259 xidm\u0259t edirl\u0259r. \u00c7ox q\u00fcrurvericidir ki, h\u0259r zaman oldu\u011fu kimi bu d\u0259f\u0259 d\u0259 c\u0259nab \u0130lham \u018fliyev h\u0259kiml\u0259rin \u0259m\u0259yini, f\u0259dakarl\u0131\u011f\u0131n\u0131 y\u00fcks\u0259k qiym\u0259tl\u0259ndirdi. Bu, Az\u0259rbaycanda yeni sosial qay\u011f\u0131 n\u00fcmun\u0259si idi. B\u0259lk\u0259 d\u0259, el\u0259 insanlar ola bil\u0259r ki, yoluxucu-infeksion x\u0259st\u0259likl\u0259 m\u00fcbariz\u0259nin mahiyy\u0259tini s\u0259thi anlas\u0131nlar. Amma bir virus hava-damc\u0131 yolu il\u0259 insana yoluxursa, h\u0259tta g\u00f6zl\u0259rd\u0259n bel\u0259 yoluxma ba\u015f verirs\u0259, dem\u0259k ki h\u0259min sah\u0259d\u0259 \u00e7al\u0131\u015fan tibb i\u015f\u00e7il\u0259rinin h\u0259yat\u0131n\u0131n hans\u0131 t\u0259hl\u00fck\u0259 il\u0259 qar\u015f\u0131-qar\u015f\u0131 durdu\u011funu bir daha ba\u015fa d\u00fc\u015fm\u0259k laz\u0131md\u0131r. Q\u0131rx ildir v\u0259r\u0259m sah\u0259sind\u0259 \u00e7al\u0131\u015fan h\u0259kim kimi bu c\u00fcr viruslar\u0131n, x\u0259st\u0259likl\u0259rin n\u0259 q\u0259d\u0259r t\u0259hl\u00fck\u0259li v\u0259 t\u0259hdid oldu\u011funu \u00e7ox yax\u015f\u0131 anlay\u0131ram. Bu s\u0259b\u0259bd\u0259n d\u0259 yeni n\u00f6v koronavirus infeksiyas\u0131 il\u0259 m\u00fcbariz\u0259 t\u0259dbirl\u0259rind\u0259 i\u015ftirak ed\u0259n tibb i\u015f\u00e7il\u0259rinin sosial m\u00fcdafi\u0259sinin g\u00fccl\u0259ndirilm\u0259sini, bu istiqam\u0259td\u0259 at\u0131lan add\u0131mlar\u0131 \u00e7ox y\u00fcks\u0259k d\u0259y\u0259rl\u0259ndirir\u0259m, t\u0259qdir\u0259layiq hal hesab edir\u0259m&#8221;.<\/p>\n<p>Xat\u0131rladaq ki, Prezident \u0130lham \u018fliyev yeni n\u00f6v koronavirus (COV\u0130D-19) infeksiyas\u0131 il\u0259 m\u00fcbariz\u0259 t\u0259dbirl\u0259rind\u0259 i\u015ftirak ed\u0259n tibb i\u015f\u00e7il\u0259rinin sosial m\u00fcdafi\u0259sinin g\u00fccl\u0259ndirilm\u0259si haqq\u0131nda S\u0259r\u0259ncam imzalay\u0131b.<\/p>\n<p>S\u0259r\u0259ncama \u0259sas\u0259n yeni n\u00f6v koronavirus (COV\u0130D-19) infeksiyas\u0131 il\u0259 \u0259laq\u0259li \u0259m\u0259k \u015f\u0259raitin\u0259 g\u00f6r\u0259 d\u00f6vl\u0259t tibb m\u00fc\u0259ssis\u0259l\u0259rind\u0259 \u00e7al\u0131\u015fan i\u015f\u00e7il\u0259rin \u0259m\u0259khaqlar\u0131na ayl\u0131q v\u0259zif\u0259 (tarif) maa\u015f\u0131n\u0131n 3-5 mislin\u0259d\u0259k miqdarda m\u00fcdd\u0259tli \u0259lav\u0259 m\u00fc\u0259yy\u0259n edilir.<\/p>\n<p>Nazirl\u0259r Kabinetin\u0259 bu S\u0259r\u0259ncamla m\u00fc\u0259yy\u0259n edil\u0259n m\u00fcdd\u0259tli \u0259lav\u0259nin \u015famil olunaca\u011f\u0131 tibb i\u015f\u00e7il\u0259rinin \u0259hat\u0259 dair\u0259sini, \u0259lav\u0259nin \u00f6d\u0259nilm\u0259 m\u00fcdd\u0259tini v\u0259 i\u015fin x\u00fcsusiyy\u0259tind\u0259n as\u0131l\u0131 olaraq miqdar\u0131n\u0131 m\u00fc\u0259yy\u0259n etm\u0259k, COV\u0130D-19 infeksiyas\u0131 il\u0259 m\u00fcbariz\u0259 t\u0259dbirl\u0259rin\u0259 c\u0259lb edil\u0259n \u00f6z\u0259l tibb m\u00fc\u0259ssis\u0259l\u0259rind\u0259 \u00e7al\u0131\u015fan tibb i\u015f\u00e7il\u0259rinin v\u0259 k\u00f6n\u00fcll\u00fcl\u0259rin \u0259m\u0259yinin \u00f6d\u0259nilm\u0259si \u015f\u0259rtl\u0259rini m\u00fc\u0259yy\u0259n etm\u0259k v\u0259 S\u0259r\u0259ncamdan ir\u0259li g\u0259l\u0259n dig\u0259r m\u0259s\u0259l\u0259l\u0259ri h\u0259ll etm\u0259k tap\u015f\u0131r\u0131l\u0131b.<\/p>\n","protected":false},"excerpt":{"rendered":"<p>&#8220;C\u0259nab Prezident \u0130lham \u018fliyevin yeni n\u00f6v koronavirus infeksiyas\u0131 il\u0259 m\u00fcbariz\u0259 t\u0259dbirl\u0259rind\u0259 i\u015ftirak ed\u0259n tibb i\u015f\u00e7il\u0259rinin sosial m\u00fcdafi\u0259sinin g\u00fccl\u0259ndirilm\u0259si haqq\u0131nda S\u0259r\u0259ncam imzalamas\u0131, onlar\u0131n \u0259m\u0259khaqlar\u0131na ayl\u0131q v\u0259zif\u0259 maa\u015f\u0131n\u0131n 3-5 mislin\u0259d\u0259k miqdarda m\u00fcdd\u0259tli \u0259lav\u0259nin m\u00fc\u0259yy\u0259n edilm\u0259si bir daha onu g\u00f6st\u0259rir ki, Az\u0259rbaycan d\u00f6vl\u0259ti h\u0259kiml\u0259rin f\u0259dakarl\u0131\u011f\u0131n\u0131 layiqinc\u0259 qiym\u0259tl\u0259ndirir&#8221;. ARANTV.AZ\u00a0 x\u0259b\u0259r verir ki, bunu\u00a0Trend-\u0259 a\u00e7\u0131qlamas\u0131nda Yeni Az\u0259rbaycan Partiyas\u0131 (YAP) Nizami rayon t\u0259\u015fkilat\u0131n\u0131n s\u0259dri, Milli M\u0259clisin deputat\u0131 S\u0259daq\u0259t V\u0259liyeva deyib. Onun s\u00f6zl\u0259rin\u0259 g\u00f6r\u0259, Az\u0259rbaycan d\u00f6vl\u0259ti koronavirusla m\u00fcbariz\u0259d\u0259 \u00dcST-\u00fcn t\u0259limatlar\u0131n\u0131 da n\u0259z\u0259r\u0259 almaqla \u00e7ox ciddi t\u0259dbirl\u0259r h\u0259yata ke\u00e7irir, v\u0259t\u0259nda\u015flar\u0131m\u0131z\u0131n qorunmas\u0131, onlar\u0131n sa\u011flaml\u0131qlar\u0131n\u0131n m\u00fcdafi\u0259si \u00fc\u00e7\u00fcn b\u00fct\u00fcn add\u0131mlar\u0131 at\u0131r:&hellip;<\/p>\n","protected":false},"author":2,"featured_media":143786,"comment_status":"closed","ping_status":"closed","sticky":false,"template":"","format":"standard","meta":{"om_disable_all_campaigns":false,"_monsterinsights_skip_tracking":false,"_monsterinsights_sitenote_active":false,"_monsterinsights_sitenote_note":"","_monsterinsights_sitenote_category":0},"categories":[4],"tags":[],"aioseo_notices":[],"gutentor_comment":0,"rttpg_featured_image_url":{"full":["https:\/\/arantv.az\/wp-content\/uploads\/2020\/03\/835041.jpg",1200,900,false],"landscape":["https:\/\/arantv.az\/wp-content\/uploads\/2020\/03\/835041.jpg",1200,900,false],"portraits":["https:\/\/arantv.az\/wp-content\/uploads\/2020\/03\/835041.jpg",1200,900,false],"thumbnail":["https:\/\/arantv.az\/wp-content\/uploads\/2020\/03\/835041-150x150.jpg",150,150,true],"medium":["https:\/\/arantv.az\/wp-content\/uploads\/2020\/03\/835041-300x225.jpg",300,225,true],"large":["https:\/\/arantv.az\/wp-content\/uploads\/2020\/03\/835041-1024x768.jpg",640,480,true],"1536x1536":["https:\/\/arantv.az\/wp-content\/uploads\/2020\/03\/835041.jpg",1200,900,false],"2048x2048":["https:\/\/arantv.az\/wp-content\/uploads\/2020\/03\/835041.jpg",1200,900,false],"post-thumbnail":["https:\/\/arantv.az\/wp-content\/uploads\/2020\/03\/835041-240x172.jpg",240,172,true],"advps-thumb-one":["https:\/\/arantv.az\/wp-content\/uploads\/2020\/03\/835041-1200x620.jpg",1200,620,true]},"rttpg_author":{"display_name":"V\u00fcsal Rafiqo\u011flu","author_link":"https:\/\/arantv.az\/?author=2"},"rttpg_comment":0,"rttpg_category":"<a href=\"https:\/\/arantv.az\/?cat=4\" rel=\"category\">Siyas\u0259t<\/a>","rttpg_excerpt":"&#8220;C\u0259nab Prezident \u0130lham \u018fliyevin yeni n\u00f6v koronavirus infeksiyas\u0131 il\u0259 m\u00fcbariz\u0259 t\u0259dbirl\u0259rind\u0259 i\u015ftirak ed\u0259n tibb i\u015f\u00e7il\u0259rinin sosial m\u00fcdafi\u0259sinin g\u00fccl\u0259ndirilm\u0259si haqq\u0131nda S\u0259r\u0259ncam imzalamas\u0131, onlar\u0131n \u0259m\u0259khaqlar\u0131na ayl\u0131q v\u0259zif\u0259 maa\u015f\u0131n\u0131n 3-5 mislin\u0259d\u0259k miqdarda m\u00fcdd\u0259tli \u0259lav\u0259nin m\u00fc\u0259yy\u0259n edilm\u0259si bir daha onu g\u00f6st\u0259rir ki, Az\u0259rbaycan d\u00f6vl\u0259ti h\u0259kiml\u0259rin f\u0259dakarl\u0131\u011f\u0131n\u0131 layiqinc\u0259 qiym\u0259tl\u0259ndirir&#8221;. ARANTV.AZ\u00a0 x\u0259b\u0259r verir ki, bunu\u00a0Trend-\u0259 a\u00e7\u0131qlamas\u0131nda Yeni Az\u0259rbaycan Partiyas\u0131 (YAP) Nizami&hellip;","_links":{"self":[{"href":"https:\/\/arantv.az\/index.php?rest_route=\/wp\/v2\/posts\/143785"}],"collection":[{"href":"https:\/\/arantv.az\/index.php?rest_route=\/wp\/v2\/posts"}],"about":[{"href":"https:\/\/arantv.az\/index.php?rest_route=\/wp\/v2\/types\/post"}],"author":[{"embeddable":true,"href":"https:\/\/arantv.az\/index.php?rest_route=\/wp\/v2\/users\/2"}],"replies":[{"embeddable":true,"href":"https:\/\/arantv.az\/index.php?rest_route=%2Fwp%2Fv2%2Fcomments&post=143785"}],"version-history":[{"count":0,"href":"https:\/\/arantv.az\/index.php?rest_route=\/wp\/v2\/posts\/143785\/revisions"}],"wp:featuredmedia":[{"embeddable":true,"href":"https:\/\/arantv.az\/index.php?rest_route=\/wp\/v2\/media\/143786"}],"wp:attachment":[{"href":"https:\/\/arantv.az\/index.php?rest_route=%2Fwp%2Fv2%2Fmedia&parent=143785"}],"wp:term":[{"taxonomy":"category","embeddable":true,"href":"https:\/\/arantv.az\/index.php?rest_route=%2Fwp%2Fv2%2Fcategories&post=143785"},{"taxonomy":"post_tag","embeddable":true,"href":"https:\/\/arantv.az\/index.php?rest_route=%2Fwp%2Fv2%2Ftags&post=143785"}],"curies":[{"name":"wp","href":"https:\/\/api.w.org\/{rel}","templated":true}]}}