{"id":143815,"date":"2020-03-19T11:39:59","date_gmt":"2020-03-19T08:39:59","guid":{"rendered":"http:\/\/arantv.az\/?p=143815"},"modified":"2020-03-19T11:39:59","modified_gmt":"2020-03-19T08:39:59","slug":"sumqayitda-icra-numay%c9%99nd%c9%99liyinin-binasinda-yangin","status":"publish","type":"post","link":"https:\/\/arantv.az\/?p=143815","title":{"rendered":"Sumqay\u0131tda icra n\u00fcmay\u0259nd\u0259liyinin binas\u0131nda yan\u011f\u0131n"},"content":{"rendered":"<p>Sumqay\u0131tda icra n\u00fcmay\u0259nd\u0259liyinin binas\u0131nda yan\u011f\u0131n olub.<\/p>\n<p>Bu bar\u0259d\u0259 F\u00f6vq\u0259lad\u0259 Hallar Nazirliyi m\u0259lumat yay\u0131b.<\/p>\n<p>M\u0259lumata g\u00f6r\u0259, \u015f\u0259h\u0259rin Hac\u0131 Zeynalabdin q\u0259s\u0259b\u0259sind\u0259 \u00fcmumi sah\u0259si 150 m\u00b2 olan q\u0259s\u0259b\u0259 icra n\u00fcmay\u0259nd\u0259liyinin yerl\u0259\u015fdiyi birm\u0259rt\u0259b\u0259li, taxta konstruksiyalardan ibar\u0259t binan\u0131n tavan\u0131 v\u0259 \u00e7arda\u011f\u0131 80 m\u00b2 sah\u0259d\u0259 yan\u0131b.<\/p>\n<p>Binan\u0131n qalan hiss\u0259si yan\u011f\u0131ndan m\u00fchafiz\u0259 olunub. Yan\u011f\u0131n s\u00f6nd\u00fcr\u00fcl\u00fcb.<\/p>\n","protected":false},"excerpt":{"rendered":"<p>Sumqay\u0131tda icra n\u00fcmay\u0259nd\u0259liyinin binas\u0131nda yan\u011f\u0131n olub. Bu bar\u0259d\u0259 F\u00f6vq\u0259lad\u0259 Hallar Nazirliyi m\u0259lumat yay\u0131b. M\u0259lumata g\u00f6r\u0259, \u015f\u0259h\u0259rin Hac\u0131 Zeynalabdin q\u0259s\u0259b\u0259sind\u0259 \u00fcmumi sah\u0259si 150 m\u00b2 olan q\u0259s\u0259b\u0259 icra n\u00fcmay\u0259nd\u0259liyinin yerl\u0259\u015fdiyi birm\u0259rt\u0259b\u0259li, taxta konstruksiyalardan ibar\u0259t binan\u0131n tavan\u0131 v\u0259 \u00e7arda\u011f\u0131 80 m\u00b2 sah\u0259d\u0259 yan\u0131b. Binan\u0131n qalan hiss\u0259si yan\u011f\u0131ndan m\u00fchafiz\u0259 olunub. Yan\u011f\u0131n s\u00f6nd\u00fcr\u00fcl\u00fcb.<\/p>\n","protected":false},"author":2,"featured_media":143816,"comment_status":"closed","ping_status":"closed","sticky":false,"template":"","format":"standard","meta":{"om_disable_all_campaigns":false,"_monsterinsights_skip_tracking":false,"_monsterinsights_sitenote_active":false,"_monsterinsights_sitenote_note":"","_monsterinsights_sitenote_category":0},"categories":[5],"tags":[],"aioseo_notices":[],"gutentor_comment":0,"rttpg_featured_image_url":{"full":["https:\/\/arantv.az\/wp-content\/uploads\/2020\/03\/15175066356459819162_1000x669.jpg",620,368,false],"landscape":["https:\/\/arantv.az\/wp-content\/uploads\/2020\/03\/15175066356459819162_1000x669.jpg",620,368,false],"portraits":["https:\/\/arantv.az\/wp-content\/uploads\/2020\/03\/15175066356459819162_1000x669.jpg",620,368,false],"thumbnail":["https:\/\/arantv.az\/wp-content\/uploads\/2020\/03\/15175066356459819162_1000x669-150x150.jpg",150,150,true],"medium":["https:\/\/arantv.az\/wp-content\/uploads\/2020\/03\/15175066356459819162_1000x669-300x178.jpg",300,178,true],"large":["https:\/\/arantv.az\/wp-content\/uploads\/2020\/03\/15175066356459819162_1000x669.jpg",620,368,false],"1536x1536":["https:\/\/arantv.az\/wp-content\/uploads\/2020\/03\/15175066356459819162_1000x669.jpg",620,368,false],"2048x2048":["https:\/\/arantv.az\/wp-content\/uploads\/2020\/03\/15175066356459819162_1000x669.jpg",620,368,false],"post-thumbnail":["https:\/\/arantv.az\/wp-content\/uploads\/2020\/03\/15175066356459819162_1000x669-240x172.jpg",240,172,true],"advps-thumb-one":["https:\/\/arantv.az\/wp-content\/uploads\/2020\/03\/15175066356459819162_1000x669.jpg",620,368,false]},"rttpg_author":{"display_name":"V\u00fcsal Rafiqo\u011flu","author_link":"https:\/\/arantv.az\/?author=2"},"rttpg_comment":0,"rttpg_category":"<a href=\"https:\/\/arantv.az\/?cat=5\" rel=\"category\">Hadis\u0259<\/a>","rttpg_excerpt":"Sumqay\u0131tda icra n\u00fcmay\u0259nd\u0259liyinin binas\u0131nda yan\u011f\u0131n olub. Bu bar\u0259d\u0259 F\u00f6vq\u0259lad\u0259 Hallar Nazirliyi m\u0259lumat yay\u0131b. M\u0259lumata g\u00f6r\u0259, \u015f\u0259h\u0259rin Hac\u0131 Zeynalabdin q\u0259s\u0259b\u0259sind\u0259 \u00fcmumi sah\u0259si 150 m\u00b2 olan q\u0259s\u0259b\u0259 icra n\u00fcmay\u0259nd\u0259liyinin yerl\u0259\u015fdiyi birm\u0259rt\u0259b\u0259li, taxta konstruksiyalardan ibar\u0259t binan\u0131n tavan\u0131 v\u0259 \u00e7arda\u011f\u0131 80 m\u00b2 sah\u0259d\u0259 yan\u0131b. Binan\u0131n qalan hiss\u0259si yan\u011f\u0131ndan m\u00fchafiz\u0259 olunub. Yan\u011f\u0131n s\u00f6nd\u00fcr\u00fcl\u00fcb.","_links":{"self":[{"href":"https:\/\/arantv.az\/index.php?rest_route=\/wp\/v2\/posts\/143815"}],"collection":[{"href":"https:\/\/arantv.az\/index.php?rest_route=\/wp\/v2\/posts"}],"about":[{"href":"https:\/\/arantv.az\/index.php?rest_route=\/wp\/v2\/types\/post"}],"author":[{"embeddable":true,"href":"https:\/\/arantv.az\/index.php?rest_route=\/wp\/v2\/users\/2"}],"replies":[{"embeddable":true,"href":"https:\/\/arantv.az\/index.php?rest_route=%2Fwp%2Fv2%2Fcomments&post=143815"}],"version-history":[{"count":0,"href":"https:\/\/arantv.az\/index.php?rest_route=\/wp\/v2\/posts\/143815\/revisions"}],"wp:featuredmedia":[{"embeddable":true,"href":"https:\/\/arantv.az\/index.php?rest_route=\/wp\/v2\/media\/143816"}],"wp:attachment":[{"href":"https:\/\/arantv.az\/index.php?rest_route=%2Fwp%2Fv2%2Fmedia&parent=143815"}],"wp:term":[{"taxonomy":"category","embeddable":true,"href":"https:\/\/arantv.az\/index.php?rest_route=%2Fwp%2Fv2%2Fcategories&post=143815"},{"taxonomy":"post_tag","embeddable":true,"href":"https:\/\/arantv.az\/index.php?rest_route=%2Fwp%2Fv2%2Ftags&post=143815"}],"curies":[{"name":"wp","href":"https:\/\/api.w.org\/{rel}","templated":true}]}}