{"id":143819,"date":"2020-03-19T11:41:58","date_gmt":"2020-03-19T08:41:58","guid":{"rendered":"http:\/\/arantv.az\/?p=143819"},"modified":"2020-03-19T11:41:58","modified_gmt":"2020-03-19T08:41:58","slug":"m%c9%99lah%c9%99t-ibrahimqizi-dovl%c9%99timizin-s%c9%99hiyy%c9%99-iscil%c9%99rin%c9%99-qaygi-v%c9%99-diqq%c9%99ti-yuks%c9%99k-s%c9%99viyy%c9%99d%c9%99dir","status":"publish","type":"post","link":"https:\/\/arantv.az\/?p=143819","title":{"rendered":"M\u0259lah\u0259t \u0130brahimq\u0131z\u0131: &#8220;D\u00f6vl\u0259timizin s\u0259hiyy\u0259 i\u015f\u00e7il\u0259rin\u0259 qay\u011f\u0131 v\u0259 diqq\u0259ti y\u00fcks\u0259k s\u0259viyy\u0259d\u0259dir&#8221;"},"content":{"rendered":"<p>&#8220;Prezident \u0130lham \u018fliyevin imzalad\u0131\u011f\u0131 s\u0259r\u0259ncam onu g\u00f6st\u0259rir ki, d\u00f6vl\u0259timizin s\u0259hiyy\u0259 i\u015f\u00e7il\u0259rin\u0259 qay\u011f\u0131 v\u0259 diqq\u0259ti y\u00fcks\u0259k s\u0259viyy\u0259d\u0259dir&#8221;.<\/p>\n<p><strong>ARANTV.AZ\u00a0<\/strong> x\u0259b\u0259r verir ki, bunu\u00a0<a href=\"https:\/\/az.trend.az\/\" target=\"_blank\" rel=\"noopener\">Trend<\/a>-\u0259 Milli M\u0259clisin deputat\u0131 M\u0259lah\u0259t \u0130brahimq\u0131z\u0131 bildirib.<\/p>\n<p>Onun s\u00f6zl\u0259rin\u0259 g\u00f6r\u0259, s\u0259r\u0259ncam tibb i\u015f\u00e7il\u0259ri \u00fc\u00e7\u00fcn \u00e7ox vacib q\u0259rard\u0131r:<\/p>\n<p>&#8220;\u00d6t\u0259n g\u00fcn Prezident \u0130lham \u018fliyev koronavirus infeksiyas\u0131na qar\u015f\u0131 m\u00fcbariz\u0259 aparan tibb i\u015f\u00e7il\u0259rinin sosil m\u00fcdafi\u0259sinin g\u00fccl\u0259ndirilm\u0259si il\u0259 ba\u011fl\u0131 \u00e7ox vacib bir s\u0259r\u0259ncam imzalad\u0131. S\u0259r\u0259ncama \u0259sas\u0259n, yeni n\u00f6v koronavirus infeksiyas\u0131na qar\u015f\u0131 m\u00fcbariz\u0259 aparan d\u00f6vl\u0259t tibb m\u00fc\u0259ssis\u0259l\u0259rind\u0259 \u00e7al\u0131\u015fan s\u0259hiyy\u0259 i\u015f\u00e7il\u0259rinin \u0259m\u0259khaqlar\u0131na ayl\u0131q v\u0259zif\u0259 (tarif) maa\u015f\u0131n\u0131n 3-5 mislin\u0259d\u0259k miqdarda m\u00fcdd\u0259tli \u0259lav\u0259 m\u00fc\u0259yy\u0259n edilib. Bu s\u0259r\u0259ncamdan da ir\u0259li g\u0259l\u0259n m\u0259s\u0259l\u0259l\u0259r Nazirl\u0259r Kabinetin\u0259 tap\u015f\u0131r\u0131l\u0131b. Kabinet s\u0259r\u0259ncamdan ir\u0259li g\u0259l\u0259n b\u00fct\u00fcn tap\u015f\u0131r\u0131qlar\u0131 \u0259n q\u0131sa m\u00fcdd\u0259td\u0259 ara\u015fd\u0131r\u0131b d\u00f6vl\u0259t ba\u015f\u00e7\u0131s\u0131na t\u0259qdim ed\u0259c\u0259k ki, bu m\u0259s\u0259l\u0259 realla\u015fs\u0131n&#8221;.<\/p>\n<p>Deputat qeyd edib ki, s\u0259r\u0259ncam \u00f6z\u0259l m\u00fc\u0259ssis\u0259l\u0259rd\u0259 \u00e7al\u0131\u015fan tibbi i\u015f\u00e7il\u0259rin\u0259 d\u0259 \u015famil oluna bil\u0259r:<\/p>\n<p>&#8220;\u00c7ox vacib detallar var ki, onlar ham\u0131s\u0131 m\u00fc\u0259yy\u0259nl\u0259\u015fdirilm\u0259lidir v\u0259 q\u0259rar \u0259sas\u0131nda infeksiyaya qar\u015f\u0131 m\u00fcbariz\u0259 aparan tibb i\u015f\u00e7il\u0259rinin \u0259m\u0259khaqlar\u0131 art\u0131r\u0131lmal\u0131d\u0131r. Burada \u00f6z\u0259l m\u00fc\u0259ssis\u0259l\u0259rin tibb i\u015f\u00e7il\u0259ri d\u0259 ola bil\u0259r. K\u00f6n\u00fcll\u00fc tibb i\u015f\u00e7il\u0259ri d\u0259 var ki, onlara da qanunvericilik \u00e7\u0259r\u00e7iv\u0259sind\u0259 m\u00fc\u0259yy\u0259n sosial imtiyazlar veril\u0259 bil\u0259r. \u018fsas odur ki, Prezident \u0130lham \u018fliyevin siyasi irad\u0259si il\u0259 bu s\u0259r\u0259ncam imzalan\u0131b v\u0259 yax\u0131n g\u00fcnl\u0259rd\u0259 bu s\u0259r\u0259ncam \u00f6z real \u0259ksini tapacaq&#8221;.<\/p>\n<p>Xat\u0131rladaq ki, Prezident \u0130lham \u018fliyev yeni n\u00f6v koronavirus (COV\u0130D-19) infeksiyas\u0131 il\u0259 m\u00fcbariz\u0259 t\u0259dbirl\u0259rind\u0259 i\u015ftirak ed\u0259n tibb i\u015f\u00e7il\u0259rinin sosial m\u00fcdafi\u0259sinin g\u00fccl\u0259ndirilm\u0259si haqq\u0131nda S\u0259r\u0259ncam imzalay\u0131b.<\/p>\n<p>S\u0259r\u0259ncama \u0259sas\u0259n yeni n\u00f6v koronavirus (COV\u0130D-19) infeksiyas\u0131 il\u0259 \u0259laq\u0259li \u0259m\u0259k \u015f\u0259raitin\u0259 g\u00f6r\u0259 d\u00f6vl\u0259t tibb m\u00fc\u0259ssis\u0259l\u0259rind\u0259 \u00e7al\u0131\u015fan i\u015f\u00e7il\u0259rin \u0259m\u0259khaqlar\u0131na ayl\u0131q v\u0259zif\u0259 (tarif) maa\u015f\u0131n\u0131n 3-5 mislin\u0259d\u0259k miqdarda m\u00fcdd\u0259tli \u0259lav\u0259 m\u00fc\u0259yy\u0259n edilir.<\/p>\n<p>Nazirl\u0259r Kabinetin\u0259 bu S\u0259r\u0259ncamla m\u00fc\u0259yy\u0259n edil\u0259n m\u00fcdd\u0259tli \u0259lav\u0259nin \u015famil olunaca\u011f\u0131 tibb i\u015f\u00e7il\u0259rinin \u0259hat\u0259 dair\u0259sini, \u0259lav\u0259nin \u00f6d\u0259nilm\u0259 m\u00fcdd\u0259tini v\u0259 i\u015fin x\u00fcsusiyy\u0259tind\u0259n as\u0131l\u0131 olaraq miqdar\u0131n\u0131 m\u00fc\u0259yy\u0259n etm\u0259k, COV\u0130D-19 infeksiyas\u0131 il\u0259 m\u00fcbariz\u0259 t\u0259dbirl\u0259rin\u0259 c\u0259lb edil\u0259n \u00f6z\u0259l tibb m\u00fc\u0259ssis\u0259l\u0259rind\u0259 \u00e7al\u0131\u015fan tibb i\u015f\u00e7il\u0259rinin v\u0259 k\u00f6n\u00fcll\u00fcl\u0259rin \u0259m\u0259yinin \u00f6d\u0259nilm\u0259si \u015f\u0259rtl\u0259rini m\u00fc\u0259yy\u0259n etm\u0259k v\u0259 S\u0259r\u0259ncamdan ir\u0259li g\u0259l\u0259n dig\u0259r m\u0259s\u0259l\u0259l\u0259ri h\u0259ll etm\u0259k tap\u015f\u0131r\u0131l\u0131b.<\/p>\n","protected":false},"excerpt":{"rendered":"<p>&#8220;Prezident \u0130lham \u018fliyevin imzalad\u0131\u011f\u0131 s\u0259r\u0259ncam onu g\u00f6st\u0259rir ki, d\u00f6vl\u0259timizin s\u0259hiyy\u0259 i\u015f\u00e7il\u0259rin\u0259 qay\u011f\u0131 v\u0259 diqq\u0259ti y\u00fcks\u0259k s\u0259viyy\u0259d\u0259dir&#8221;. ARANTV.AZ\u00a0 x\u0259b\u0259r verir ki, bunu\u00a0Trend-\u0259 Milli M\u0259clisin deputat\u0131 M\u0259lah\u0259t \u0130brahimq\u0131z\u0131 bildirib. Onun s\u00f6zl\u0259rin\u0259 g\u00f6r\u0259, s\u0259r\u0259ncam tibb i\u015f\u00e7il\u0259ri \u00fc\u00e7\u00fcn \u00e7ox vacib q\u0259rard\u0131r: &#8220;\u00d6t\u0259n g\u00fcn Prezident \u0130lham \u018fliyev koronavirus infeksiyas\u0131na qar\u015f\u0131 m\u00fcbariz\u0259 aparan tibb i\u015f\u00e7il\u0259rinin sosil m\u00fcdafi\u0259sinin g\u00fccl\u0259ndirilm\u0259si il\u0259 ba\u011fl\u0131 \u00e7ox vacib bir s\u0259r\u0259ncam imzalad\u0131. S\u0259r\u0259ncama \u0259sas\u0259n, yeni n\u00f6v koronavirus infeksiyas\u0131na qar\u015f\u0131 m\u00fcbariz\u0259 aparan d\u00f6vl\u0259t tibb m\u00fc\u0259ssis\u0259l\u0259rind\u0259 \u00e7al\u0131\u015fan s\u0259hiyy\u0259 i\u015f\u00e7il\u0259rinin \u0259m\u0259khaqlar\u0131na ayl\u0131q v\u0259zif\u0259 (tarif) maa\u015f\u0131n\u0131n 3-5 mislin\u0259d\u0259k miqdarda m\u00fcdd\u0259tli \u0259lav\u0259 m\u00fc\u0259yy\u0259n edilib. Bu s\u0259r\u0259ncamdan da ir\u0259li&hellip;<\/p>\n","protected":false},"author":2,"featured_media":143820,"comment_status":"closed","ping_status":"closed","sticky":false,"template":"","format":"standard","meta":{"om_disable_all_campaigns":false,"_monsterinsights_skip_tracking":false,"_monsterinsights_sitenote_active":false,"_monsterinsights_sitenote_note":"","_monsterinsights_sitenote_category":0},"categories":[4],"tags":[],"aioseo_notices":[],"gutentor_comment":0,"rttpg_featured_image_url":{"full":["https:\/\/arantv.az\/wp-content\/uploads\/2020\/03\/835084.jpg",660,413,false],"landscape":["https:\/\/arantv.az\/wp-content\/uploads\/2020\/03\/835084.jpg",660,413,false],"portraits":["https:\/\/arantv.az\/wp-content\/uploads\/2020\/03\/835084.jpg",660,413,false],"thumbnail":["https:\/\/arantv.az\/wp-content\/uploads\/2020\/03\/835084-150x150.jpg",150,150,true],"medium":["https:\/\/arantv.az\/wp-content\/uploads\/2020\/03\/835084-300x188.jpg",300,188,true],"large":["https:\/\/arantv.az\/wp-content\/uploads\/2020\/03\/835084.jpg",640,400,false],"1536x1536":["https:\/\/arantv.az\/wp-content\/uploads\/2020\/03\/835084.jpg",660,413,false],"2048x2048":["https:\/\/arantv.az\/wp-content\/uploads\/2020\/03\/835084.jpg",660,413,false],"post-thumbnail":["https:\/\/arantv.az\/wp-content\/uploads\/2020\/03\/835084-240x172.jpg",240,172,true],"advps-thumb-one":["https:\/\/arantv.az\/wp-content\/uploads\/2020\/03\/835084.jpg",660,413,false]},"rttpg_author":{"display_name":"V\u00fcsal Rafiqo\u011flu","author_link":"https:\/\/arantv.az\/?author=2"},"rttpg_comment":0,"rttpg_category":"<a href=\"https:\/\/arantv.az\/?cat=4\" rel=\"category\">Siyas\u0259t<\/a>","rttpg_excerpt":"&#8220;Prezident \u0130lham \u018fliyevin imzalad\u0131\u011f\u0131 s\u0259r\u0259ncam onu g\u00f6st\u0259rir ki, d\u00f6vl\u0259timizin s\u0259hiyy\u0259 i\u015f\u00e7il\u0259rin\u0259 qay\u011f\u0131 v\u0259 diqq\u0259ti y\u00fcks\u0259k s\u0259viyy\u0259d\u0259dir&#8221;. ARANTV.AZ\u00a0 x\u0259b\u0259r verir ki, bunu\u00a0Trend-\u0259 Milli M\u0259clisin deputat\u0131 M\u0259lah\u0259t \u0130brahimq\u0131z\u0131 bildirib. Onun s\u00f6zl\u0259rin\u0259 g\u00f6r\u0259, s\u0259r\u0259ncam tibb i\u015f\u00e7il\u0259ri \u00fc\u00e7\u00fcn \u00e7ox vacib q\u0259rard\u0131r: &#8220;\u00d6t\u0259n g\u00fcn Prezident \u0130lham \u018fliyev koronavirus infeksiyas\u0131na qar\u015f\u0131 m\u00fcbariz\u0259 aparan tibb i\u015f\u00e7il\u0259rinin sosil m\u00fcdafi\u0259sinin g\u00fccl\u0259ndirilm\u0259si il\u0259 ba\u011fl\u0131 \u00e7ox&hellip;","_links":{"self":[{"href":"https:\/\/arantv.az\/index.php?rest_route=\/wp\/v2\/posts\/143819"}],"collection":[{"href":"https:\/\/arantv.az\/index.php?rest_route=\/wp\/v2\/posts"}],"about":[{"href":"https:\/\/arantv.az\/index.php?rest_route=\/wp\/v2\/types\/post"}],"author":[{"embeddable":true,"href":"https:\/\/arantv.az\/index.php?rest_route=\/wp\/v2\/users\/2"}],"replies":[{"embeddable":true,"href":"https:\/\/arantv.az\/index.php?rest_route=%2Fwp%2Fv2%2Fcomments&post=143819"}],"version-history":[{"count":0,"href":"https:\/\/arantv.az\/index.php?rest_route=\/wp\/v2\/posts\/143819\/revisions"}],"wp:featuredmedia":[{"embeddable":true,"href":"https:\/\/arantv.az\/index.php?rest_route=\/wp\/v2\/media\/143820"}],"wp:attachment":[{"href":"https:\/\/arantv.az\/index.php?rest_route=%2Fwp%2Fv2%2Fmedia&parent=143819"}],"wp:term":[{"taxonomy":"category","embeddable":true,"href":"https:\/\/arantv.az\/index.php?rest_route=%2Fwp%2Fv2%2Fcategories&post=143819"},{"taxonomy":"post_tag","embeddable":true,"href":"https:\/\/arantv.az\/index.php?rest_route=%2Fwp%2Fv2%2Ftags&post=143819"}],"curies":[{"name":"wp","href":"https:\/\/api.w.org\/{rel}","templated":true}]}}