{"id":143869,"date":"2020-03-19T12:44:41","date_gmt":"2020-03-19T09:44:41","guid":{"rendered":"http:\/\/arantv.az\/?p=143869"},"modified":"2020-03-19T12:44:41","modified_gmt":"2020-03-19T09:44:41","slug":"bakiya-geri-donm%c9%99k-ist%c9%99y%c9%99n-s%c9%99xsl%c9%99rin-v%c9%99siq%c9%99l%c9%99ri-yoxlanilacaq","status":"publish","type":"post","link":"https:\/\/arantv.az\/?p=143869","title":{"rendered":"Bak\u0131ya geri d\u00f6nm\u0259k ist\u0259y\u0259n \u015f\u0259xsl\u0259rin v\u0259siq\u0259l\u0259ri yoxlan\u0131lacaq"},"content":{"rendered":"<p>Bak\u0131 Beyn\u0259lxalq Avtova\u011fzal Kompleksi 19-21 tarixl\u0259rind\u0259 regionlara gedi\u015f \u00fc\u00e7\u00fcn normal qaydada i\u015fl\u0259y\u0259c\u0259k.<\/p>\n<p><strong>ARANTV.AZ<\/strong>\u00a0<a href=\"https:\/\/az.trend.az\/\" target=\"_blank\" rel=\"noopener\">Trend<\/a>-\u0259 istinad\u0259n x\u0259b\u0259r verir ki, bu bar\u0259d\u0259 D\u00f6vl\u0259t Avtomobil N\u0259qliyyat\u0131 Xidm\u0259tinin (DANX) m\u0259tbuat katibi Nurid\u0259 Allahyarova bildirib.<\/p>\n<p>Onun s\u00f6zl\u0259rin\u0259 g\u00f6r\u0259, paytaxta geri d\u00f6nm\u0259k ist\u0259y\u0259n \u015f\u0259xsl\u0259rin v\u0259siq\u0259l\u0259ri yoxlan\u0131ld\u0131qdan soran yola sal\u0131nacaq:<\/p>\n<p>&#8220;Bilirsiniz ki, Nazirl\u0259r Kabinetinin yan\u0131nda Operativ Q\u0259rargah\u0131n koronavirus infeksiyas\u0131n\u0131n yay\u0131lmas\u0131n\u0131n qar\u015f\u0131s\u0131n\u0131 almaq m\u0259qs\u0259dil\u0259 Bak\u0131, Ab\u015feron v\u0259 Sumqay\u0131t \u015f\u0259h\u0259rin\u0259 giri\u015f \u00e7\u0131x\u0131\u015flar\u0131n\u0131n m\u0259hdudla\u015fd\u0131r\u0131lmas\u0131na dair q\u0259rar\u0131 var. Bu g\u00fcn Operativ Q\u0259rargahla da raz\u0131la\u015fd\u0131r\u0131ld\u0131qdan sonra bel\u0259 bir q\u0259rara g\u0259linib ki, art\u0131q mart ay\u0131n\u0131n 19-20-21 tarixl\u0259rind\u0259 h\u0259m region qeydiyyat\u0131, h\u0259m d\u0259 Bak\u0131, Sumqay\u0131t v\u0259 Ab\u015feronda qeydiyyatda olan s\u0259rni\u015finl\u0259rin regiona gedi\u015fl\u0259ri t\u0259min olunsun. BBAK bu \u00fc\u00e7 g\u00fcnd\u0259 adi i\u015f rejimind\u0259 \u00e7al\u0131\u015facaq v\u0259 regiona getm\u0259k ist\u0259y\u0259n \u015f\u0259xsl\u0259rin gedi\u015fl\u0259ri t\u0259min olunacaq. Geri d\u00f6n\u00fc\u015fl\u0259 ba\u011fl\u0131 is\u0259 onu dey\u0259 bil\u0259rik ki, mart ay\u0131n\u0131n 27-28-d\u0259 regiondan paytaxta yaln\u0131z Bak\u0131, Ab\u015feron v\u0259 Sumqay\u0131t qeydiyyatl\u0131 \u015f\u0259xsl\u0259r burax\u0131lacaq&#8221;.<\/p>\n<p>N.Allahyarova vur\u011fulay\u0131b ki, regionlarda ya\u015fayan v\u0259 ora qeydiyyat\u0131 olan v\u0259t\u0259nda\u015flardan xahi\u015f edilir ki, problem yaranmas\u0131n dey\u0259, region avtova\u011fzallar\u0131na geri qay\u0131tmaqla ba\u011fl\u0131 yax\u0131nla\u015fmas\u0131nlar. DANX v\u0259 dig\u0259r m\u00fch\u00fcm qurum \u0259m\u0259kda\u015flar\u0131 region avtova\u011fzallar\u0131na ezam olunacaqlar. Bu m\u00fcdd\u0259t \u0259rzind\u0259 s\u0259rni\u015finl\u0259r \u015f\u0259xsiyy\u0259t v\u0259siq\u0259l\u0259ri yoxlan\u0131laraq geri yola sal\u0131nacaq&#8221;.<\/p>\n<div><\/div>\n<p>Qeyd ed\u0259k ki, bayram g\u00fcnl\u0259rind\u0259 b\u00f6lg\u0259l\u0259rd\u0259n Bak\u0131, Sumqay\u0131t v\u0259 Ab\u015ferona giri\u015fin qada\u011fan edilm\u0259si il\u0259 \u0259laq\u0259dar 3 yerd\u0259 yol polisi postlar\u0131 qura\u015fd\u0131r\u0131l\u0131b. Bu postlar Bak\u0131-\u018fl\u0259t-Astara yolunun 65-ci, Bak\u0131-Quba yolunun 45-ci v\u0259 Bak\u0131-\u015eamax\u0131 yolunun 26-c\u0131 kilometrliyind\u0259 yerl\u0259\u015fir.<\/p>\n<p>Xat\u0131rladaq ki, koronavirus infeksiyas\u0131n\u0131n yay\u0131lmas\u0131 hallar\u0131n\u0131n qar\u015f\u0131s\u0131n\u0131 almaq m\u0259qs\u0259dil\u0259 Nazirl\u0259r Kabineti yan\u0131nda Operativ Q\u0259rargah t\u0259r\u0259find\u0259n q\u0259bul edilmi\u015f q\u0259rara \u0259sas\u0259n mart\u0131n 19-da saat 00.00-dan etibar\u0259n x\u00fcsusi t\u0259yinatl\u0131, o c\u00fcml\u0259d\u0259n t\u0259cili tibbi yard\u0131m, q\u0259za-b\u0259rpa, xilasedici, habel\u0259 y\u00fck da\u015f\u0131yan avtomobill\u0259rin h\u0259r\u0259k\u0259ti istisna olmaqla respublikan\u0131n \u015f\u0259h\u0259r v\u0259 rayonlar\u0131nda qeydiyyatda olan n\u0259qliyyat vasit\u0259l\u0259rinin v\u0259 onlar\u0131n s\u0259rni\u015finl\u0259rinin Bak\u0131, Sumqay\u0131t \u015f\u0259h\u0259rl\u0259rin\u0259 v\u0259 Ab\u015feron rayonuna burax\u0131lmas\u0131 mart\u0131n 29-d\u0259k dayand\u0131r\u0131lacaq, yaln\u0131z Bak\u0131, Sumqay\u0131t \u015f\u0259h\u0259rl\u0259rind\u0259 v\u0259 Ab\u015feron rayonunda qeydiyyatda olan n\u0259qliyyat vasit\u0259l\u0259rinin v\u0259 onlar\u0131n s\u0259rni\u015finl\u0259rinin Bak\u0131 \u015f\u0259h\u0259rin\u0259 s\u0259rb\u0259st giri\u015f-\u00e7\u0131x\u0131\u015f\u0131na icaz\u0259 veril\u0259c\u0259k.<\/p>\n","protected":false},"excerpt":{"rendered":"<p>Bak\u0131 Beyn\u0259lxalq Avtova\u011fzal Kompleksi 19-21 tarixl\u0259rind\u0259 regionlara gedi\u015f \u00fc\u00e7\u00fcn normal qaydada i\u015fl\u0259y\u0259c\u0259k. ARANTV.AZ\u00a0Trend-\u0259 istinad\u0259n x\u0259b\u0259r verir ki, bu bar\u0259d\u0259 D\u00f6vl\u0259t Avtomobil N\u0259qliyyat\u0131 Xidm\u0259tinin (DANX) m\u0259tbuat katibi Nurid\u0259 Allahyarova bildirib. Onun s\u00f6zl\u0259rin\u0259 g\u00f6r\u0259, paytaxta geri d\u00f6nm\u0259k ist\u0259y\u0259n \u015f\u0259xsl\u0259rin v\u0259siq\u0259l\u0259ri yoxlan\u0131ld\u0131qdan soran yola sal\u0131nacaq: &#8220;Bilirsiniz ki, Nazirl\u0259r Kabinetinin yan\u0131nda Operativ Q\u0259rargah\u0131n koronavirus infeksiyas\u0131n\u0131n yay\u0131lmas\u0131n\u0131n qar\u015f\u0131s\u0131n\u0131 almaq m\u0259qs\u0259dil\u0259 Bak\u0131, Ab\u015feron v\u0259 Sumqay\u0131t \u015f\u0259h\u0259rin\u0259 giri\u015f \u00e7\u0131x\u0131\u015flar\u0131n\u0131n m\u0259hdudla\u015fd\u0131r\u0131lmas\u0131na dair q\u0259rar\u0131 var. Bu g\u00fcn Operativ Q\u0259rargahla da raz\u0131la\u015fd\u0131r\u0131ld\u0131qdan sonra bel\u0259 bir q\u0259rara g\u0259linib ki, art\u0131q mart ay\u0131n\u0131n 19-20-21 tarixl\u0259rind\u0259 h\u0259m region qeydiyyat\u0131, h\u0259m d\u0259 Bak\u0131, Sumqay\u0131t&hellip;<\/p>\n","protected":false},"author":2,"featured_media":143870,"comment_status":"closed","ping_status":"closed","sticky":false,"template":"","format":"standard","meta":{"om_disable_all_campaigns":false,"_monsterinsights_skip_tracking":false,"_monsterinsights_sitenote_active":false,"_monsterinsights_sitenote_note":"","_monsterinsights_sitenote_category":0},"categories":[1],"tags":[],"aioseo_notices":[],"gutentor_comment":0,"rttpg_featured_image_url":{"full":["https:\/\/arantv.az\/wp-content\/uploads\/2020\/03\/835101.jpg",1200,799,false],"landscape":["https:\/\/arantv.az\/wp-content\/uploads\/2020\/03\/835101.jpg",1200,799,false],"portraits":["https:\/\/arantv.az\/wp-content\/uploads\/2020\/03\/835101.jpg",1200,799,false],"thumbnail":["https:\/\/arantv.az\/wp-content\/uploads\/2020\/03\/835101-150x150.jpg",150,150,true],"medium":["https:\/\/arantv.az\/wp-content\/uploads\/2020\/03\/835101-300x200.jpg",300,200,true],"large":["https:\/\/arantv.az\/wp-content\/uploads\/2020\/03\/835101-1024x682.jpg",640,426,true],"1536x1536":["https:\/\/arantv.az\/wp-content\/uploads\/2020\/03\/835101.jpg",1200,799,false],"2048x2048":["https:\/\/arantv.az\/wp-content\/uploads\/2020\/03\/835101.jpg",1200,799,false],"post-thumbnail":["https:\/\/arantv.az\/wp-content\/uploads\/2020\/03\/835101-240x172.jpg",240,172,true],"advps-thumb-one":["https:\/\/arantv.az\/wp-content\/uploads\/2020\/03\/835101-1200x620.jpg",1200,620,true]},"rttpg_author":{"display_name":"V\u00fcsal Rafiqo\u011flu","author_link":"https:\/\/arantv.az\/?author=2"},"rttpg_comment":0,"rttpg_category":"<a href=\"https:\/\/arantv.az\/?cat=1\" rel=\"category\">C\u0259miyy\u0259t<\/a>","rttpg_excerpt":"Bak\u0131 Beyn\u0259lxalq Avtova\u011fzal Kompleksi 19-21 tarixl\u0259rind\u0259 regionlara gedi\u015f \u00fc\u00e7\u00fcn normal qaydada i\u015fl\u0259y\u0259c\u0259k. ARANTV.AZ\u00a0Trend-\u0259 istinad\u0259n x\u0259b\u0259r verir ki, bu bar\u0259d\u0259 D\u00f6vl\u0259t Avtomobil N\u0259qliyyat\u0131 Xidm\u0259tinin (DANX) m\u0259tbuat katibi Nurid\u0259 Allahyarova bildirib. Onun s\u00f6zl\u0259rin\u0259 g\u00f6r\u0259, paytaxta geri d\u00f6nm\u0259k ist\u0259y\u0259n \u015f\u0259xsl\u0259rin v\u0259siq\u0259l\u0259ri yoxlan\u0131ld\u0131qdan soran yola sal\u0131nacaq: &#8220;Bilirsiniz ki, Nazirl\u0259r Kabinetinin yan\u0131nda Operativ Q\u0259rargah\u0131n koronavirus infeksiyas\u0131n\u0131n yay\u0131lmas\u0131n\u0131n qar\u015f\u0131s\u0131n\u0131 almaq m\u0259qs\u0259dil\u0259&hellip;","_links":{"self":[{"href":"https:\/\/arantv.az\/index.php?rest_route=\/wp\/v2\/posts\/143869"}],"collection":[{"href":"https:\/\/arantv.az\/index.php?rest_route=\/wp\/v2\/posts"}],"about":[{"href":"https:\/\/arantv.az\/index.php?rest_route=\/wp\/v2\/types\/post"}],"author":[{"embeddable":true,"href":"https:\/\/arantv.az\/index.php?rest_route=\/wp\/v2\/users\/2"}],"replies":[{"embeddable":true,"href":"https:\/\/arantv.az\/index.php?rest_route=%2Fwp%2Fv2%2Fcomments&post=143869"}],"version-history":[{"count":0,"href":"https:\/\/arantv.az\/index.php?rest_route=\/wp\/v2\/posts\/143869\/revisions"}],"wp:featuredmedia":[{"embeddable":true,"href":"https:\/\/arantv.az\/index.php?rest_route=\/wp\/v2\/media\/143870"}],"wp:attachment":[{"href":"https:\/\/arantv.az\/index.php?rest_route=%2Fwp%2Fv2%2Fmedia&parent=143869"}],"wp:term":[{"taxonomy":"category","embeddable":true,"href":"https:\/\/arantv.az\/index.php?rest_route=%2Fwp%2Fv2%2Fcategories&post=143869"},{"taxonomy":"post_tag","embeddable":true,"href":"https:\/\/arantv.az\/index.php?rest_route=%2Fwp%2Fv2%2Ftags&post=143869"}],"curies":[{"name":"wp","href":"https:\/\/api.w.org\/{rel}","templated":true}]}}