{"id":143877,"date":"2020-03-19T12:50:12","date_gmt":"2020-03-19T09:50:12","guid":{"rendered":"http:\/\/arantv.az\/?p=143877"},"modified":"2020-03-19T12:50:12","modified_gmt":"2020-03-19T09:50:12","slug":"sabah-az%c9%99rbaycana-yaz-f%c9%99sli-daxil-olacaq","status":"publish","type":"post","link":"https:\/\/arantv.az\/?p=143877","title":{"rendered":"Sabah Az\u0259rbaycana yaz f\u0259sli daxil olacaq"},"content":{"rendered":"<p><strong>Bu il Az\u0259rbaycana yaz f\u0259sli mart\u0131n 20-d\u0259 daxil olacaq.<\/strong><\/p>\n<p><strong>ARANTV.AZ\u00a0<\/strong> x\u0259b\u0259r verir ki, yaz f\u0259slinin \u00f6lk\u0259miz\u0259 q\u0259d\u0259m qoymas\u0131 sabah yerli vaxtla saat 07:49-a t\u0259sad\u00fcf ed\u0259c\u0259k. Bununla da gec\u0259 il\u0259 g\u00fcnd\u00fcz b\u0259rab\u0259rl\u0259\u015f\u0259c\u0259k.<\/p>\n<p>Qeyd ed\u0259k ki, iyunun 21-d\u0259 saat 01:43-d\u0259 yay, sentyabr\u0131n 22-d\u0259 saat 17:30-da pay\u0131z \u00f6lk\u0259miz\u0259 daxil olacaq. Bu halda G\u00fcn\u0259\u015f ekliptika \u00fczr\u0259 h\u0259r\u0259k\u0259t ed\u0259r\u0259k \u015eimal yar\u0131mk\u00fcr\u0259sind\u0259n C\u0259nub yar\u0131mk\u00fcr\u0259sin\u0259 ke\u00e7\u0259c\u0259k.<\/p>\n<p>Q\u0131\u015f f\u0259sli is\u0259 dekabr\u0131n 21-d\u0259 saat 14:02-d\u0259 Az\u0259rbaycana q\u0259d\u0259m qoyacaq. Bu zaman G\u00fcn\u0259\u015f \u00fcf\u00fcqd\u0259n \u0259n minimum n\u00f6qt\u0259d\u0259 olacaq v\u0259 G\u00fcn\u0259\u015f \u015f\u00fcalar\u0131n\u0131n istiqam\u0259ti il\u0259 yerin f\u0131rlanma oxu \u0259n b\u00f6y\u00fck bucaq \u0259m\u0259l\u0259 g\u0259tir\u0259c\u0259k.Ax\u015fam.az<\/p>\n","protected":false},"excerpt":{"rendered":"<p>Bu il Az\u0259rbaycana yaz f\u0259sli mart\u0131n 20-d\u0259 daxil olacaq. ARANTV.AZ\u00a0 x\u0259b\u0259r verir ki, yaz f\u0259slinin \u00f6lk\u0259miz\u0259 q\u0259d\u0259m qoymas\u0131 sabah yerli vaxtla saat 07:49-a t\u0259sad\u00fcf ed\u0259c\u0259k. Bununla da gec\u0259 il\u0259 g\u00fcnd\u00fcz b\u0259rab\u0259rl\u0259\u015f\u0259c\u0259k. Qeyd ed\u0259k ki, iyunun 21-d\u0259 saat 01:43-d\u0259 yay, sentyabr\u0131n 22-d\u0259 saat 17:30-da pay\u0131z \u00f6lk\u0259miz\u0259 daxil olacaq. Bu halda G\u00fcn\u0259\u015f ekliptika \u00fczr\u0259 h\u0259r\u0259k\u0259t ed\u0259r\u0259k \u015eimal yar\u0131mk\u00fcr\u0259sind\u0259n C\u0259nub yar\u0131mk\u00fcr\u0259sin\u0259 ke\u00e7\u0259c\u0259k. Q\u0131\u015f f\u0259sli is\u0259 dekabr\u0131n 21-d\u0259 saat 14:02-d\u0259 Az\u0259rbaycana q\u0259d\u0259m qoyacaq. Bu zaman G\u00fcn\u0259\u015f \u00fcf\u00fcqd\u0259n \u0259n minimum n\u00f6qt\u0259d\u0259 olacaq v\u0259 G\u00fcn\u0259\u015f \u015f\u00fcalar\u0131n\u0131n istiqam\u0259ti il\u0259 yerin f\u0131rlanma oxu \u0259n b\u00f6y\u00fck bucaq \u0259m\u0259l\u0259 g\u0259tir\u0259c\u0259k.Ax\u015fam.az<\/p>\n","protected":false},"author":2,"featured_media":143878,"comment_status":"closed","ping_status":"closed","sticky":false,"template":"","format":"standard","meta":{"om_disable_all_campaigns":false,"_monsterinsights_skip_tracking":false,"_monsterinsights_sitenote_active":false,"_monsterinsights_sitenote_note":"","_monsterinsights_sitenote_category":0},"categories":[1],"tags":[],"aioseo_notices":[],"gutentor_comment":0,"rttpg_featured_image_url":{"full":["https:\/\/arantv.az\/wp-content\/uploads\/2020\/03\/196060_zio08plqde.jpg",1000,625,false],"landscape":["https:\/\/arantv.az\/wp-content\/uploads\/2020\/03\/196060_zio08plqde.jpg",1000,625,false],"portraits":["https:\/\/arantv.az\/wp-content\/uploads\/2020\/03\/196060_zio08plqde.jpg",1000,625,false],"thumbnail":["https:\/\/arantv.az\/wp-content\/uploads\/2020\/03\/196060_zio08plqde-150x150.jpg",150,150,true],"medium":["https:\/\/arantv.az\/wp-content\/uploads\/2020\/03\/196060_zio08plqde-300x188.jpg",300,188,true],"large":["https:\/\/arantv.az\/wp-content\/uploads\/2020\/03\/196060_zio08plqde.jpg",640,400,false],"1536x1536":["https:\/\/arantv.az\/wp-content\/uploads\/2020\/03\/196060_zio08plqde.jpg",1000,625,false],"2048x2048":["https:\/\/arantv.az\/wp-content\/uploads\/2020\/03\/196060_zio08plqde.jpg",1000,625,false],"post-thumbnail":["https:\/\/arantv.az\/wp-content\/uploads\/2020\/03\/196060_zio08plqde-240x172.jpg",240,172,true],"advps-thumb-one":["https:\/\/arantv.az\/wp-content\/uploads\/2020\/03\/196060_zio08plqde-1000x620.jpg",1000,620,true]},"rttpg_author":{"display_name":"V\u00fcsal Rafiqo\u011flu","author_link":"https:\/\/arantv.az\/?author=2"},"rttpg_comment":0,"rttpg_category":"<a href=\"https:\/\/arantv.az\/?cat=1\" rel=\"category\">C\u0259miyy\u0259t<\/a>","rttpg_excerpt":"Bu il Az\u0259rbaycana yaz f\u0259sli mart\u0131n 20-d\u0259 daxil olacaq. ARANTV.AZ\u00a0 x\u0259b\u0259r verir ki, yaz f\u0259slinin \u00f6lk\u0259miz\u0259 q\u0259d\u0259m qoymas\u0131 sabah yerli vaxtla saat 07:49-a t\u0259sad\u00fcf ed\u0259c\u0259k. Bununla da gec\u0259 il\u0259 g\u00fcnd\u00fcz b\u0259rab\u0259rl\u0259\u015f\u0259c\u0259k. Qeyd ed\u0259k ki, iyunun 21-d\u0259 saat 01:43-d\u0259 yay, sentyabr\u0131n 22-d\u0259 saat 17:30-da pay\u0131z \u00f6lk\u0259miz\u0259 daxil olacaq. Bu halda G\u00fcn\u0259\u015f ekliptika \u00fczr\u0259 h\u0259r\u0259k\u0259t ed\u0259r\u0259k \u015eimal&hellip;","_links":{"self":[{"href":"https:\/\/arantv.az\/index.php?rest_route=\/wp\/v2\/posts\/143877"}],"collection":[{"href":"https:\/\/arantv.az\/index.php?rest_route=\/wp\/v2\/posts"}],"about":[{"href":"https:\/\/arantv.az\/index.php?rest_route=\/wp\/v2\/types\/post"}],"author":[{"embeddable":true,"href":"https:\/\/arantv.az\/index.php?rest_route=\/wp\/v2\/users\/2"}],"replies":[{"embeddable":true,"href":"https:\/\/arantv.az\/index.php?rest_route=%2Fwp%2Fv2%2Fcomments&post=143877"}],"version-history":[{"count":0,"href":"https:\/\/arantv.az\/index.php?rest_route=\/wp\/v2\/posts\/143877\/revisions"}],"wp:featuredmedia":[{"embeddable":true,"href":"https:\/\/arantv.az\/index.php?rest_route=\/wp\/v2\/media\/143878"}],"wp:attachment":[{"href":"https:\/\/arantv.az\/index.php?rest_route=%2Fwp%2Fv2%2Fmedia&parent=143877"}],"wp:term":[{"taxonomy":"category","embeddable":true,"href":"https:\/\/arantv.az\/index.php?rest_route=%2Fwp%2Fv2%2Fcategories&post=143877"},{"taxonomy":"post_tag","embeddable":true,"href":"https:\/\/arantv.az\/index.php?rest_route=%2Fwp%2Fv2%2Ftags&post=143877"}],"curies":[{"name":"wp","href":"https:\/\/api.w.org\/{rel}","templated":true}]}}