{"id":143945,"date":"2020-03-19T13:29:02","date_gmt":"2020-03-19T10:29:02","guid":{"rendered":"http:\/\/arantv.az\/?p=143945"},"modified":"2020-03-19T13:29:02","modified_gmt":"2020-03-19T10:29:02","slug":"prezident-h%c9%99r-bir-v%c9%99t%c9%99ndas-oz-m%c9%99suliyy%c9%99tini-d%c9%99rk-etsin","status":"publish","type":"post","link":"https:\/\/arantv.az\/?p=143945","title":{"rendered":"Prezident: H\u0259r bir v\u0259t\u0259nda\u015f \u00f6z m\u0259suliyy\u0259tini d\u0259rk etsin"},"content":{"rendered":"<p>&#8220;Bu il koronavirusa g\u00f6r\u0259 k\u00fctl\u0259vi t\u0259dbirl\u0259rin ke\u00e7irilm\u0259si m\u00fcmk\u00fcn deyil. \u018fmin\u0259m ki, Az\u0259rbaycan xalq\u0131 bu v\u0259ziyy\u0259ti yax\u015f\u0131 anlay\u0131r. Az\u0259rbaycan d\u00f6vl\u0259ti t\u0259r\u0259find\u0259n g\u00f6r\u00fcl\u0259n b\u00fct\u00fcn t\u0259dbirl\u0259r xalq\u0131n sa\u011flaml\u0131\u011f\u0131n\u0131, \u00f6lk\u0259mizin t\u0259hl\u00fck\u0259sizliyini t\u0259min etm\u0259k \u00fc\u00e7\u00fcnd\u00fcr&#8221;<\/p>\n<p>Bunu\u00a0Prezident\u00a0\u0130lham \u018fliyev\u00a0Novruz bayram\u0131 m\u00fcnasib\u0259til\u0259 Az\u0259rbaycan xalq\u0131na \u00fcnvanlad\u0131\u011f\u0131 t\u0259brik m\u0259ktubunda bildirib.<\/p>\n<p>D\u00f6vl\u0259t ba\u015f\u00e7\u0131s\u0131 qeyd edib: &#8220;Ona g\u00f6r\u0259 xahi\u015f edir\u0259m ki, h\u0259r bir v\u0259t\u0259nda\u015f \u00f6z m\u0259suliyy\u0259tini d\u0259rk etsin v\u0259 ya\u015fl\u0131 n\u0259slin n\u00fcmay\u0259nd\u0259l\u0259rin\u0259 x\u00fcsusi diqq\u0259t g\u00f6st\u0259rilm\u0259lidir. Ya\u015fl\u0131 n\u0259slin n\u00fcmay\u0259nd\u0259l\u0259rin\u0259 Az\u0259rbaycan c\u0259miyy\u0259tind\u0259 h\u0259mi\u015f\u0259 b\u00f6y\u00fck h\u00f6rm\u0259t g\u00f6st\u0259rilir. M\u0259n bu m\u00f6vzu il\u0259 ba\u011fl\u0131 fikirl\u0259rimi kifay\u0259t q\u0259d\u0259r geni\u015f \u015f\u0259kild\u0259 bildirmi\u015fdim v\u0259 bir daha dem\u0259k ist\u0259yir\u0259m ki, bu, bizim c\u0259miyy\u0259timizin \u0259sas s\u00fctunlar\u0131ndan biridir. Bizim \u0259n\u0259n\u0259l\u0259rimiz, milli d\u0259y\u0259rl\u0259rimiz, ya\u015fl\u0131 n\u0259slin n\u00fcmay\u0259nd\u0259l\u0259rin\u0259 h\u00f6rm\u0259t v\u0259 diqq\u0259t milli x\u00fcsusiyy\u0259timizdir v\u0259 biz bu d\u0259y\u0259rl\u0259ri bundan sonra da qorumal\u0131y\u0131q. Ancaq indiki \u015f\u0259raitd\u0259 ya\u015fl\u0131 n\u0259slin n\u00fcmay\u0259nd\u0259l\u0259rin\u0259 x\u00fcsusi diqq\u0259t g\u00f6st\u0259rilm\u0259lidir. Onlara h\u00f6rm\u0259t dild\u0259, s\u00f6zd\u0259 yox, \u0259m\u0259ld\u0259 g\u00f6st\u0259rilm\u0259lidir. \u00c7\u00fcnki bu x\u0259st\u0259likl\u0259 ba\u011fl\u0131 \u0259n a\u011f\u0131r f\u0259sadlar m\u0259hz ya\u015fl\u0131 n\u0259slin n\u00fcmay\u0259nd\u0259l\u0259rind\u0259 m\u00fc\u015fahid\u0259 olunur. \u018fmin\u0259m ki, biz d\u00fcnyan\u0131 b\u00fcr\u00fcm\u00fc\u015f, pandemiya hal\u0131na \u00e7evrilmi\u015f bu x\u0259st\u0259liy\u0259 qar\u015f\u0131 birlikd\u0259 m\u00fcbariz\u0259 aparaca\u011f\u0131q v\u0259 bu m\u00fcbariz\u0259 \u00f6z n\u0259tic\u0259sini ver\u0259c\u0259kdir&#8221;.<\/p>\n","protected":false},"excerpt":{"rendered":"<p>&#8220;Bu il koronavirusa g\u00f6r\u0259 k\u00fctl\u0259vi t\u0259dbirl\u0259rin ke\u00e7irilm\u0259si m\u00fcmk\u00fcn deyil. \u018fmin\u0259m ki, Az\u0259rbaycan xalq\u0131 bu v\u0259ziyy\u0259ti yax\u015f\u0131 anlay\u0131r. Az\u0259rbaycan d\u00f6vl\u0259ti t\u0259r\u0259find\u0259n g\u00f6r\u00fcl\u0259n b\u00fct\u00fcn t\u0259dbirl\u0259r xalq\u0131n sa\u011flaml\u0131\u011f\u0131n\u0131, \u00f6lk\u0259mizin t\u0259hl\u00fck\u0259sizliyini t\u0259min etm\u0259k \u00fc\u00e7\u00fcnd\u00fcr&#8221; Bunu\u00a0Prezident\u00a0\u0130lham \u018fliyev\u00a0Novruz bayram\u0131 m\u00fcnasib\u0259til\u0259 Az\u0259rbaycan xalq\u0131na \u00fcnvanlad\u0131\u011f\u0131 t\u0259brik m\u0259ktubunda bildirib. D\u00f6vl\u0259t ba\u015f\u00e7\u0131s\u0131 qeyd edib: &#8220;Ona g\u00f6r\u0259 xahi\u015f edir\u0259m ki, h\u0259r bir v\u0259t\u0259nda\u015f \u00f6z m\u0259suliyy\u0259tini d\u0259rk etsin v\u0259 ya\u015fl\u0131 n\u0259slin n\u00fcmay\u0259nd\u0259l\u0259rin\u0259 x\u00fcsusi diqq\u0259t g\u00f6st\u0259rilm\u0259lidir. Ya\u015fl\u0131 n\u0259slin n\u00fcmay\u0259nd\u0259l\u0259rin\u0259 Az\u0259rbaycan c\u0259miyy\u0259tind\u0259 h\u0259mi\u015f\u0259 b\u00f6y\u00fck h\u00f6rm\u0259t g\u00f6st\u0259rilir. M\u0259n bu m\u00f6vzu il\u0259 ba\u011fl\u0131 fikirl\u0259rimi kifay\u0259t q\u0259d\u0259r geni\u015f \u015f\u0259kild\u0259 bildirmi\u015fdim v\u0259 bir daha dem\u0259k ist\u0259yir\u0259m ki, bu,&hellip;<\/p>\n","protected":false},"author":2,"featured_media":143946,"comment_status":"closed","ping_status":"closed","sticky":false,"template":"","format":"standard","meta":{"om_disable_all_campaigns":false,"_monsterinsights_skip_tracking":false,"_monsterinsights_sitenote_active":false,"_monsterinsights_sitenote_note":"","_monsterinsights_sitenote_category":0},"categories":[4],"tags":[],"aioseo_notices":[],"gutentor_comment":0,"rttpg_featured_image_url":{"full":["https:\/\/arantv.az\/wp-content\/uploads\/2020\/03\/d2cdf04715816889137396955531050648.jpg",975,540,false],"landscape":["https:\/\/arantv.az\/wp-content\/uploads\/2020\/03\/d2cdf04715816889137396955531050648.jpg",975,540,false],"portraits":["https:\/\/arantv.az\/wp-content\/uploads\/2020\/03\/d2cdf04715816889137396955531050648.jpg",975,540,false],"thumbnail":["https:\/\/arantv.az\/wp-content\/uploads\/2020\/03\/d2cdf04715816889137396955531050648-150x150.jpg",150,150,true],"medium":["https:\/\/arantv.az\/wp-content\/uploads\/2020\/03\/d2cdf04715816889137396955531050648-300x166.jpg",300,166,true],"large":["https:\/\/arantv.az\/wp-content\/uploads\/2020\/03\/d2cdf04715816889137396955531050648.jpg",640,354,false],"1536x1536":["https:\/\/arantv.az\/wp-content\/uploads\/2020\/03\/d2cdf04715816889137396955531050648.jpg",975,540,false],"2048x2048":["https:\/\/arantv.az\/wp-content\/uploads\/2020\/03\/d2cdf04715816889137396955531050648.jpg",975,540,false],"post-thumbnail":["https:\/\/arantv.az\/wp-content\/uploads\/2020\/03\/d2cdf04715816889137396955531050648-240x172.jpg",240,172,true],"advps-thumb-one":["https:\/\/arantv.az\/wp-content\/uploads\/2020\/03\/d2cdf04715816889137396955531050648.jpg",975,540,false]},"rttpg_author":{"display_name":"V\u00fcsal Rafiqo\u011flu","author_link":"https:\/\/arantv.az\/?author=2"},"rttpg_comment":0,"rttpg_category":"<a href=\"https:\/\/arantv.az\/?cat=4\" rel=\"category\">Siyas\u0259t<\/a>","rttpg_excerpt":"&#8220;Bu il koronavirusa g\u00f6r\u0259 k\u00fctl\u0259vi t\u0259dbirl\u0259rin ke\u00e7irilm\u0259si m\u00fcmk\u00fcn deyil. \u018fmin\u0259m ki, Az\u0259rbaycan xalq\u0131 bu v\u0259ziyy\u0259ti yax\u015f\u0131 anlay\u0131r. Az\u0259rbaycan d\u00f6vl\u0259ti t\u0259r\u0259find\u0259n g\u00f6r\u00fcl\u0259n b\u00fct\u00fcn t\u0259dbirl\u0259r xalq\u0131n sa\u011flaml\u0131\u011f\u0131n\u0131, \u00f6lk\u0259mizin t\u0259hl\u00fck\u0259sizliyini t\u0259min etm\u0259k \u00fc\u00e7\u00fcnd\u00fcr&#8221; Bunu\u00a0Prezident\u00a0\u0130lham \u018fliyev\u00a0Novruz bayram\u0131 m\u00fcnasib\u0259til\u0259 Az\u0259rbaycan xalq\u0131na \u00fcnvanlad\u0131\u011f\u0131 t\u0259brik m\u0259ktubunda bildirib. D\u00f6vl\u0259t ba\u015f\u00e7\u0131s\u0131 qeyd edib: &#8220;Ona g\u00f6r\u0259 xahi\u015f edir\u0259m ki, h\u0259r bir v\u0259t\u0259nda\u015f \u00f6z m\u0259suliyy\u0259tini d\u0259rk&hellip;","_links":{"self":[{"href":"https:\/\/arantv.az\/index.php?rest_route=\/wp\/v2\/posts\/143945"}],"collection":[{"href":"https:\/\/arantv.az\/index.php?rest_route=\/wp\/v2\/posts"}],"about":[{"href":"https:\/\/arantv.az\/index.php?rest_route=\/wp\/v2\/types\/post"}],"author":[{"embeddable":true,"href":"https:\/\/arantv.az\/index.php?rest_route=\/wp\/v2\/users\/2"}],"replies":[{"embeddable":true,"href":"https:\/\/arantv.az\/index.php?rest_route=%2Fwp%2Fv2%2Fcomments&post=143945"}],"version-history":[{"count":0,"href":"https:\/\/arantv.az\/index.php?rest_route=\/wp\/v2\/posts\/143945\/revisions"}],"wp:featuredmedia":[{"embeddable":true,"href":"https:\/\/arantv.az\/index.php?rest_route=\/wp\/v2\/media\/143946"}],"wp:attachment":[{"href":"https:\/\/arantv.az\/index.php?rest_route=%2Fwp%2Fv2%2Fmedia&parent=143945"}],"wp:term":[{"taxonomy":"category","embeddable":true,"href":"https:\/\/arantv.az\/index.php?rest_route=%2Fwp%2Fv2%2Fcategories&post=143945"},{"taxonomy":"post_tag","embeddable":true,"href":"https:\/\/arantv.az\/index.php?rest_route=%2Fwp%2Fv2%2Ftags&post=143945"}],"curies":[{"name":"wp","href":"https:\/\/api.w.org\/{rel}","templated":true}]}}