{"id":143949,"date":"2020-03-19T13:31:13","date_gmt":"2020-03-19T10:31:13","guid":{"rendered":"http:\/\/arantv.az\/?p=143949"},"modified":"2020-03-19T13:31:13","modified_gmt":"2020-03-19T10:31:13","slug":"prezident-ilham-%c9%99liyev-ilin-%c9%99vv%c9%99lind%c9%99n-gorulmus-isl%c9%99r-olk%c9%99mizin-ugurlu-inkisafini-bir-daha-t%c9%99sdiql%c9%99yir","status":"publish","type":"post","link":"https:\/\/arantv.az\/?p=143949","title":{"rendered":"Prezident \u0130lham \u018fliyev: \u0130lin \u0259vv\u0259lind\u0259n g\u00f6r\u00fclm\u00fc\u015f i\u015fl\u0259r \u00f6lk\u0259mizin u\u011furlu inki\u015faf\u0131n\u0131 bir daha t\u0259sdiql\u0259yir"},"content":{"rendered":"<p>&#8220;\u0130lin \u0259vv\u0259lind\u0259n g\u00f6r\u00fclm\u00fc\u015f i\u015fl\u0259r \u00f6lk\u0259mizin u\u011furlu inki\u015faf\u0131n\u0131 bir daha t\u0259sdiql\u0259yir, Az\u0259rbaycan m\u00fcasirl\u0259\u015fir, yenil\u0259\u015fir. Az\u0259rbaycanda apar\u0131lan islahatlar dem\u0259k olar ki, b\u00fct\u00fcn sah\u0259l\u0259ri \u0259hat\u0259 edir&#8221;.<\/p>\n<p><strong>ARANTV.AZ<\/strong>\u00a0<a href=\"https:\/\/azertag.az\/\" target=\"_blank\" rel=\"noopener\">AZ\u018fRTAC<\/a>-a istinad\u0259n x\u0259b\u0259r verir ki, bu s\u00f6zl\u0259ri Prezident \u0130lham \u018fliyev Novruz bayram\u0131 m\u00fcnasib\u0259til\u0259 Az\u0259rbaycan xalq\u0131na t\u0259brikind\u0259 deyib.<\/p>\n<p>D\u00f6vl\u0259timizin ba\u015f\u00e7\u0131s\u0131 qeyd edib ki, 2019-cu ild\u0259 apar\u0131lan islahatlar iqtisadi sah\u0259d\u0259 b\u00f6y\u00fck d\u0259yi\u015fiklikl\u0259r\u0259 s\u0259b\u0259b oldu. M\u0259hz \u015f\u0259ffafl\u0131q prinsipl\u0259rinin t\u0259tbiqi n\u0259tic\u0259sind\u0259 d\u00f6vl\u0259t b\u00fcdc\u0259sin\u0259 1 milyard manatdan \u00e7ox v\u0259sait daxil edildi v\u0259 bu v\u0259sait son q\u0259piyin\u0259 q\u0259d\u0259r insanlar\u0131n sosial probleml\u0259rinin h\u0259llin\u0259 istiqam\u0259tl\u0259ndirildi:<\/p>\n<p>&#8220;Bildiyiniz kimi, ke\u00e7\u0259n il Az\u0259rbaycan\u0131n 4,2 milyon v\u0259t\u0259nda\u015f\u0131 d\u00f6vl\u0259t t\u0259r\u0259find\u0259n g\u00f6r\u00fclm\u00fc\u015f t\u0259dbirl\u0259r n\u0259tic\u0259sind\u0259 \u00f6z maddi v\u0259ziyy\u0259tini yax\u015f\u0131la\u015fd\u0131rd\u0131, maa\u015flar, pensiyalar, sosial m\u00fcavin\u0259tl\u0259r \u0259h\u0259miyy\u0259tli d\u0259r\u0259c\u0259d\u0259 art\u0131r\u0131ld\u0131. Bu, bir daha onu g\u00f6st\u0259rir ki, Az\u0259rbaycan sosial d\u00f6vl\u0259tdir v\u0259 bizim b\u00fct\u00fcn iqtisadi imkanlar\u0131m\u0131z\u0131n \u0259sas istiqam\u0259ti v\u0259t\u0259nda\u015flar\u0131n sosial t\u0259minat\u0131d\u0131r. Bu istiqam\u0259td\u0259 bundan sonra da i\u015fl\u0259r apar\u0131lacaq. 2020-ci ilin ilk iki ay\u0131 onu g\u00f6st\u0259rir ki, bu istiqam\u0259td\u0259 \u0259lav\u0259 t\u0259dbirl\u0259rin g\u00f6r\u00fclm\u0259si m\u00fcmk\u00fcn olacaqd\u0131r&#8221;.<\/p>\n","protected":false},"excerpt":{"rendered":"<p>&#8220;\u0130lin \u0259vv\u0259lind\u0259n g\u00f6r\u00fclm\u00fc\u015f i\u015fl\u0259r \u00f6lk\u0259mizin u\u011furlu inki\u015faf\u0131n\u0131 bir daha t\u0259sdiql\u0259yir, Az\u0259rbaycan m\u00fcasirl\u0259\u015fir, yenil\u0259\u015fir. Az\u0259rbaycanda apar\u0131lan islahatlar dem\u0259k olar ki, b\u00fct\u00fcn sah\u0259l\u0259ri \u0259hat\u0259 edir&#8221;. ARANTV.AZ\u00a0AZ\u018fRTAC-a istinad\u0259n x\u0259b\u0259r verir ki, bu s\u00f6zl\u0259ri Prezident \u0130lham \u018fliyev Novruz bayram\u0131 m\u00fcnasib\u0259til\u0259 Az\u0259rbaycan xalq\u0131na t\u0259brikind\u0259 deyib. D\u00f6vl\u0259timizin ba\u015f\u00e7\u0131s\u0131 qeyd edib ki, 2019-cu ild\u0259 apar\u0131lan islahatlar iqtisadi sah\u0259d\u0259 b\u00f6y\u00fck d\u0259yi\u015fiklikl\u0259r\u0259 s\u0259b\u0259b oldu. M\u0259hz \u015f\u0259ffafl\u0131q prinsipl\u0259rinin t\u0259tbiqi n\u0259tic\u0259sind\u0259 d\u00f6vl\u0259t b\u00fcdc\u0259sin\u0259 1 milyard manatdan \u00e7ox v\u0259sait daxil edildi v\u0259 bu v\u0259sait son q\u0259piyin\u0259 q\u0259d\u0259r insanlar\u0131n sosial probleml\u0259rinin h\u0259llin\u0259 istiqam\u0259tl\u0259ndirildi: &#8220;Bildiyiniz kimi, ke\u00e7\u0259n il Az\u0259rbaycan\u0131n 4,2 milyon v\u0259t\u0259nda\u015f\u0131 d\u00f6vl\u0259t t\u0259r\u0259find\u0259n&hellip;<\/p>\n","protected":false},"author":2,"featured_media":143950,"comment_status":"closed","ping_status":"closed","sticky":false,"template":"","format":"standard","meta":{"om_disable_all_campaigns":false,"_monsterinsights_skip_tracking":false,"_monsterinsights_sitenote_active":false,"_monsterinsights_sitenote_note":"","_monsterinsights_sitenote_category":0},"categories":[4],"tags":[],"aioseo_notices":[],"gutentor_comment":0,"rttpg_featured_image_url":{"full":["https:\/\/arantv.az\/wp-content\/uploads\/2020\/03\/ilham_aliyev_2020_001-2.jpg",800,550,false],"landscape":["https:\/\/arantv.az\/wp-content\/uploads\/2020\/03\/ilham_aliyev_2020_001-2.jpg",800,550,false],"portraits":["https:\/\/arantv.az\/wp-content\/uploads\/2020\/03\/ilham_aliyev_2020_001-2.jpg",800,550,false],"thumbnail":["https:\/\/arantv.az\/wp-content\/uploads\/2020\/03\/ilham_aliyev_2020_001-2-150x150.jpg",150,150,true],"medium":["https:\/\/arantv.az\/wp-content\/uploads\/2020\/03\/ilham_aliyev_2020_001-2-300x206.jpg",300,206,true],"large":["https:\/\/arantv.az\/wp-content\/uploads\/2020\/03\/ilham_aliyev_2020_001-2.jpg",640,440,false],"1536x1536":["https:\/\/arantv.az\/wp-content\/uploads\/2020\/03\/ilham_aliyev_2020_001-2.jpg",800,550,false],"2048x2048":["https:\/\/arantv.az\/wp-content\/uploads\/2020\/03\/ilham_aliyev_2020_001-2.jpg",800,550,false],"post-thumbnail":["https:\/\/arantv.az\/wp-content\/uploads\/2020\/03\/ilham_aliyev_2020_001-2-240x172.jpg",240,172,true],"advps-thumb-one":["https:\/\/arantv.az\/wp-content\/uploads\/2020\/03\/ilham_aliyev_2020_001-2.jpg",800,550,false]},"rttpg_author":{"display_name":"V\u00fcsal Rafiqo\u011flu","author_link":"https:\/\/arantv.az\/?author=2"},"rttpg_comment":0,"rttpg_category":"<a href=\"https:\/\/arantv.az\/?cat=4\" rel=\"category\">Siyas\u0259t<\/a>","rttpg_excerpt":"&#8220;\u0130lin \u0259vv\u0259lind\u0259n g\u00f6r\u00fclm\u00fc\u015f i\u015fl\u0259r \u00f6lk\u0259mizin u\u011furlu inki\u015faf\u0131n\u0131 bir daha t\u0259sdiql\u0259yir, Az\u0259rbaycan m\u00fcasirl\u0259\u015fir, yenil\u0259\u015fir. Az\u0259rbaycanda apar\u0131lan islahatlar dem\u0259k olar ki, b\u00fct\u00fcn sah\u0259l\u0259ri \u0259hat\u0259 edir&#8221;. ARANTV.AZ\u00a0AZ\u018fRTAC-a istinad\u0259n x\u0259b\u0259r verir ki, bu s\u00f6zl\u0259ri Prezident \u0130lham \u018fliyev Novruz bayram\u0131 m\u00fcnasib\u0259til\u0259 Az\u0259rbaycan xalq\u0131na t\u0259brikind\u0259 deyib. D\u00f6vl\u0259timizin ba\u015f\u00e7\u0131s\u0131 qeyd edib ki, 2019-cu ild\u0259 apar\u0131lan islahatlar iqtisadi sah\u0259d\u0259 b\u00f6y\u00fck d\u0259yi\u015fiklikl\u0259r\u0259 s\u0259b\u0259b oldu.&hellip;","_links":{"self":[{"href":"https:\/\/arantv.az\/index.php?rest_route=\/wp\/v2\/posts\/143949"}],"collection":[{"href":"https:\/\/arantv.az\/index.php?rest_route=\/wp\/v2\/posts"}],"about":[{"href":"https:\/\/arantv.az\/index.php?rest_route=\/wp\/v2\/types\/post"}],"author":[{"embeddable":true,"href":"https:\/\/arantv.az\/index.php?rest_route=\/wp\/v2\/users\/2"}],"replies":[{"embeddable":true,"href":"https:\/\/arantv.az\/index.php?rest_route=%2Fwp%2Fv2%2Fcomments&post=143949"}],"version-history":[{"count":0,"href":"https:\/\/arantv.az\/index.php?rest_route=\/wp\/v2\/posts\/143949\/revisions"}],"wp:featuredmedia":[{"embeddable":true,"href":"https:\/\/arantv.az\/index.php?rest_route=\/wp\/v2\/media\/143950"}],"wp:attachment":[{"href":"https:\/\/arantv.az\/index.php?rest_route=%2Fwp%2Fv2%2Fmedia&parent=143949"}],"wp:term":[{"taxonomy":"category","embeddable":true,"href":"https:\/\/arantv.az\/index.php?rest_route=%2Fwp%2Fv2%2Fcategories&post=143949"},{"taxonomy":"post_tag","embeddable":true,"href":"https:\/\/arantv.az\/index.php?rest_route=%2Fwp%2Fv2%2Ftags&post=143949"}],"curies":[{"name":"wp","href":"https:\/\/api.w.org\/{rel}","templated":true}]}}