{"id":143969,"date":"2020-03-19T14:07:20","date_gmt":"2020-03-19T11:07:20","guid":{"rendered":"http:\/\/arantv.az\/?p=143969"},"modified":"2020-03-19T14:07:20","modified_gmt":"2020-03-19T11:07:20","slug":"prezident-ilham-%c9%99liyev-az%c9%99rbaycan-satqinlardan-xainl%c9%99rd%c9%99n-besinci-kolonun-numay%c9%99nd%c9%99l%c9%99rind%c9%99n-t%c9%99mizl%c9%99nir-v%c9%99-t%c9%99mizl%c9%99nm%c9%99lidir","status":"publish","type":"post","link":"https:\/\/arantv.az\/?p=143969","title":{"rendered":"Prezident \u0130lham \u018fliyev: &#8220;Az\u0259rbaycan satq\u0131nlardan, xainl\u0259rd\u0259n, be\u015finci kolonun n\u00fcmay\u0259nd\u0259l\u0259rind\u0259n t\u0259mizl\u0259nir v\u0259 t\u0259mizl\u0259nm\u0259lidir&#8221;"},"content":{"rendered":"<p>&#8220;Az\u0259rbaycan satq\u0131nlardan, xainl\u0259rd\u0259n, be\u015finci kolonun n\u00fcmay\u0259nd\u0259l\u0259rind\u0259n t\u0259mizl\u0259nir v\u0259 t\u0259mizl\u0259nm\u0259lidir&#8221;.<\/p>\n<p><strong>ARANTV.AZ<\/strong>\u00a0<a href=\"https:\/\/azertag.az\/\" target=\"_blank\" rel=\"noopener\">AZ\u018fRTAC<\/a>-a istinad\u0259n\u00a0x\u0259b\u0259r verir ki, bu s\u00f6zl\u0259ri Prezident \u0130lham \u018fliyev Novruz bayram\u0131 m\u00fcnasib\u0259til\u0259 Az\u0259rbaycan xalq\u0131na t\u0259brikind\u0259 deyib.<\/p>\n<p>D\u00f6vl\u0259timizin ba\u015f\u00e7\u0131s\u0131 qeyd edib:<\/p>\n<p>&#8220;\u0130lin \u0259vv\u0259lind\u0259n \u00f6lk\u0259mizd\u0259 prosesl\u0259r m\u00fcsb\u0259t istiqam\u0259td\u0259 gedir, Az\u0259rbaycanda sabitlik, t\u0259hl\u00fck\u0259sizlik t\u0259min edilir. Sabitliyin t\u0259minat\u00e7\u0131s\u0131 Az\u0259rbaycan xalq\u0131d\u0131r, xalq-iqtidar birliyidir, v\u0259hd\u0259tidir. Bu birlik \u00f6z\u00fcn\u00fc bir daha parlament se\u00e7kil\u0259rind\u0259 g\u00f6st\u0259rmi\u015fdir. Fevral\u0131n 9-da ke\u00e7irilmi\u015f parlament se\u00e7kil\u0259ri \u00f6lk\u0259mizin h\u0259yat\u0131nda \u00f6n\u0259mli hadis\u0259dir. Parlament se\u00e7kil\u0259ri \u00f6lk\u0259mizd\u0259 apar\u0131lan siyas\u0259tin xalq t\u0259r\u0259find\u0259n y\u00fcks\u0259k qiym\u0259tl\u0259ndirildiyini bir daha ifad\u0259 etdi. Parlament se\u00e7kil\u0259rind\u0259 Az\u0259rbaycan xalq\u0131n\u0131n irad\u0259si \u00f6z \u0259ksini tapd\u0131 v\u0259 Az\u0259rbaycan c\u0259miyy\u0259ti bu se\u00e7kil\u0259rin n\u0259tic\u0259l\u0259rind\u0259n m\u0259mnun qald\u0131.<\/p>\n<p>Yeni parlamentin qar\u015f\u0131s\u0131nda duran v\u0259zif\u0259l\u0259r haqq\u0131nda m\u0259n parlamentin ilk iclas\u0131nda \u00f6z s\u00f6zl\u0259rimi demi\u015f\u0259m. \u018flav\u0259 etm\u0259k ist\u0259rdim ki, parlamentin t\u0259rkibi yenid\u0259n formala\u015fd\u0131 v\u0259 ilk d\u0259f\u0259 olaraq parlamentin r\u0259hb\u0259rliyind\u0259 m\u00fcxalif\u0259t n\u00fcmay\u0259nd\u0259l\u0259ri d\u0259 yer ald\u0131. Eyni zamanda, parlament komit\u0259l\u0259rinin r\u0259hb\u0259rliyind\u0259 d\u0259 m\u00fcxalif\u0259t n\u00fcmay\u0259nd\u0259l\u0259ri t\u0259msil olunur. Bu, \u00f6lk\u0259mizin tarixind\u0259 ilk d\u0259f\u0259 ba\u015f ver\u0259n hadis\u0259dir v\u0259 bir daha onu g\u00f6st\u0259rir ki, bizim niyy\u0259timiz \u00e7oxpartiyal\u0131 sistemin t\u0259kmill\u0259\u015fdirilm\u0259sidir. Sirr deyil ki, parlamentd\u0259 s\u0259sl\u0259rin \u00e7oxlu\u011fu Yeni Az\u0259rbaycan Partiyas\u0131na m\u0259xsusdur. \u018flb\u0259tt\u0259, Yeni Az\u0259rbaycan Partiyas\u0131n\u0131n raz\u0131l\u0131\u011f\u0131 olmadan bu islahatlar apar\u0131la bilm\u0259zdi. Bu, onu g\u00f6st\u0259rir ki, bu istiqam\u0259td\u0259 at\u0131lan add\u0131mlar \u00f6lk\u0259mizin g\u0259l\u0259c\u0259k u\u011furlu inki\u015faf\u0131na m\u00fcsb\u0259t t\u0259sir ed\u0259c\u0259k v\u0259 \u00f6lk\u0259mizd\u0259 siyasi sistemin yeni konfiqurasiyas\u0131 formala\u015f\u0131r.<\/p>\n<p>Eyni zamanda, Prezident Administrasiyas\u0131 b\u00fct\u00fcn siyasi partiyalara dialoq t\u0259klifi etmi\u015fdir. Bu da \u00e7ox ciddi add\u0131md\u0131r. Sirr deyil ki, bu g\u00fcn Az\u0259rbaycan iqtidar\u0131 tarixd\u0259 olmad\u0131\u011f\u0131 q\u0259d\u0259r g\u00fccl\u00fcd\u00fcr. Biz hesab edirik ki, g\u00fccl\u00fc ilk add\u0131m\u0131 atmal\u0131d\u0131r, ilk t\u0259klifi verm\u0259lidir v\u0259 bel\u0259 dem\u0259k m\u00fcmk\u00fcnd\u00fcrs\u0259, yolunu azm\u0131\u015flara da yol g\u00f6st\u0259rm\u0259lidir. Y\u0259ni, biz bunu etdik v\u0259 \u015fadam ki, siyasi spektrin m\u00fctl\u0259q \u0259ks\u0259riyy\u0259ti bu t\u0259\u015f\u0259bb\u00fcs\u0259 m\u00fcsb\u0259t reaksiya vermi\u015fdir, faktiki olaraq siyasi dialoq art\u0131q ba\u015flam\u0131\u015fd\u0131r. \u018fmin\u0259m ki, bunun n\u0259tic\u0259l\u0259ri d\u0259 xalq\u0131m\u0131z \u00fc\u00e7\u00fcn v\u0259 \u00f6lk\u0259mizin g\u0259l\u0259c\u0259k inki\u015faf\u0131 \u00fc\u00e7\u00fcn m\u00fcsb\u0259t olacaqd\u0131r. O ki qald\u0131, bu dialoqdan imtina ed\u0259n qrupla\u015fmalara, onlar \u00f6zl\u0259ri bil\u0259rl\u0259r. H\u0259r halda m\u0259n demi\u015f\u0259m, bir daha dem\u0259k ist\u0259yir\u0259m, uduzan t\u0259r\u0259f biz olmayaca\u011f\u0131q v\u0259 yeni siyasi konfiqurasiyada satq\u0131n, xain be\u015finci kolonun n\u00fcmay\u0259nd\u0259l\u0259rin\u0259 yer olmayacaq. Az\u0259rbaycan t\u0259mizl\u0259nir, o c\u00fcml\u0259d\u0259n satq\u0131nlardan, xainl\u0259rd\u0259n, be\u015finci kolonun n\u00fcmay\u0259nd\u0259l\u0259rind\u0259n t\u0259mizl\u0259nir v\u0259 t\u0259mizl\u0259nm\u0259lidir. Eyni zamanda, Az\u0259rbaycan xalq\u0131 yax\u015f\u0131 g\u00f6r\u00fcr ki, xo\u015fag\u0259lm\u0259z hallara qar\u015f\u0131 \u00e7ox ciddi m\u00fcbariz\u0259 apar\u0131l\u0131r, korrupsiyaya, r\u00fc\u015fv\u0259txorlu\u011fa qar\u015f\u0131 bundan sonra da m\u00fcbariz\u0259 apar\u0131lacaqd\u0131r. Son hadis\u0259l\u0259r, bu istiqam\u0259td\u0259 at\u0131lan add\u0131mlar bunu bir daha g\u00f6st\u0259rir&#8221;.<\/p>\n","protected":false},"excerpt":{"rendered":"<p>&#8220;Az\u0259rbaycan satq\u0131nlardan, xainl\u0259rd\u0259n, be\u015finci kolonun n\u00fcmay\u0259nd\u0259l\u0259rind\u0259n t\u0259mizl\u0259nir v\u0259 t\u0259mizl\u0259nm\u0259lidir&#8221;. ARANTV.AZ\u00a0AZ\u018fRTAC-a istinad\u0259n\u00a0x\u0259b\u0259r verir ki, bu s\u00f6zl\u0259ri Prezident \u0130lham \u018fliyev Novruz bayram\u0131 m\u00fcnasib\u0259til\u0259 Az\u0259rbaycan xalq\u0131na t\u0259brikind\u0259 deyib. D\u00f6vl\u0259timizin ba\u015f\u00e7\u0131s\u0131 qeyd edib: &#8220;\u0130lin \u0259vv\u0259lind\u0259n \u00f6lk\u0259mizd\u0259 prosesl\u0259r m\u00fcsb\u0259t istiqam\u0259td\u0259 gedir, Az\u0259rbaycanda sabitlik, t\u0259hl\u00fck\u0259sizlik t\u0259min edilir. Sabitliyin t\u0259minat\u00e7\u0131s\u0131 Az\u0259rbaycan xalq\u0131d\u0131r, xalq-iqtidar birliyidir, v\u0259hd\u0259tidir. Bu birlik \u00f6z\u00fcn\u00fc bir daha parlament se\u00e7kil\u0259rind\u0259 g\u00f6st\u0259rmi\u015fdir. Fevral\u0131n 9-da ke\u00e7irilmi\u015f parlament se\u00e7kil\u0259ri \u00f6lk\u0259mizin h\u0259yat\u0131nda \u00f6n\u0259mli hadis\u0259dir. Parlament se\u00e7kil\u0259ri \u00f6lk\u0259mizd\u0259 apar\u0131lan siyas\u0259tin xalq t\u0259r\u0259find\u0259n y\u00fcks\u0259k qiym\u0259tl\u0259ndirildiyini bir daha ifad\u0259 etdi. Parlament se\u00e7kil\u0259rind\u0259 Az\u0259rbaycan xalq\u0131n\u0131n irad\u0259si \u00f6z \u0259ksini tapd\u0131 v\u0259 Az\u0259rbaycan c\u0259miyy\u0259ti bu&hellip;<\/p>\n","protected":false},"author":2,"featured_media":143970,"comment_status":"closed","ping_status":"closed","sticky":false,"template":"","format":"standard","meta":{"om_disable_all_campaigns":false,"_monsterinsights_skip_tracking":false,"_monsterinsights_sitenote_active":false,"_monsterinsights_sitenote_note":"","_monsterinsights_sitenote_category":0},"categories":[4],"tags":[],"aioseo_notices":[],"gutentor_comment":0,"rttpg_featured_image_url":{"full":["https:\/\/arantv.az\/wp-content\/uploads\/2020\/03\/ilham_aliyev_2020_002-7.jpg",800,550,false],"landscape":["https:\/\/arantv.az\/wp-content\/uploads\/2020\/03\/ilham_aliyev_2020_002-7.jpg",800,550,false],"portraits":["https:\/\/arantv.az\/wp-content\/uploads\/2020\/03\/ilham_aliyev_2020_002-7.jpg",800,550,false],"thumbnail":["https:\/\/arantv.az\/wp-content\/uploads\/2020\/03\/ilham_aliyev_2020_002-7-150x150.jpg",150,150,true],"medium":["https:\/\/arantv.az\/wp-content\/uploads\/2020\/03\/ilham_aliyev_2020_002-7-300x206.jpg",300,206,true],"large":["https:\/\/arantv.az\/wp-content\/uploads\/2020\/03\/ilham_aliyev_2020_002-7.jpg",640,440,false],"1536x1536":["https:\/\/arantv.az\/wp-content\/uploads\/2020\/03\/ilham_aliyev_2020_002-7.jpg",800,550,false],"2048x2048":["https:\/\/arantv.az\/wp-content\/uploads\/2020\/03\/ilham_aliyev_2020_002-7.jpg",800,550,false],"post-thumbnail":["https:\/\/arantv.az\/wp-content\/uploads\/2020\/03\/ilham_aliyev_2020_002-7-240x172.jpg",240,172,true],"advps-thumb-one":["https:\/\/arantv.az\/wp-content\/uploads\/2020\/03\/ilham_aliyev_2020_002-7.jpg",800,550,false]},"rttpg_author":{"display_name":"V\u00fcsal Rafiqo\u011flu","author_link":"https:\/\/arantv.az\/?author=2"},"rttpg_comment":0,"rttpg_category":"<a href=\"https:\/\/arantv.az\/?cat=4\" rel=\"category\">Siyas\u0259t<\/a>","rttpg_excerpt":"&#8220;Az\u0259rbaycan satq\u0131nlardan, xainl\u0259rd\u0259n, be\u015finci kolonun n\u00fcmay\u0259nd\u0259l\u0259rind\u0259n t\u0259mizl\u0259nir v\u0259 t\u0259mizl\u0259nm\u0259lidir&#8221;. ARANTV.AZ\u00a0AZ\u018fRTAC-a istinad\u0259n\u00a0x\u0259b\u0259r verir ki, bu s\u00f6zl\u0259ri Prezident \u0130lham \u018fliyev Novruz bayram\u0131 m\u00fcnasib\u0259til\u0259 Az\u0259rbaycan xalq\u0131na t\u0259brikind\u0259 deyib. D\u00f6vl\u0259timizin ba\u015f\u00e7\u0131s\u0131 qeyd edib: &#8220;\u0130lin \u0259vv\u0259lind\u0259n \u00f6lk\u0259mizd\u0259 prosesl\u0259r m\u00fcsb\u0259t istiqam\u0259td\u0259 gedir, Az\u0259rbaycanda sabitlik, t\u0259hl\u00fck\u0259sizlik t\u0259min edilir. Sabitliyin t\u0259minat\u00e7\u0131s\u0131 Az\u0259rbaycan xalq\u0131d\u0131r, xalq-iqtidar birliyidir, v\u0259hd\u0259tidir. Bu birlik \u00f6z\u00fcn\u00fc bir daha parlament se\u00e7kil\u0259rind\u0259&hellip;","_links":{"self":[{"href":"https:\/\/arantv.az\/index.php?rest_route=\/wp\/v2\/posts\/143969"}],"collection":[{"href":"https:\/\/arantv.az\/index.php?rest_route=\/wp\/v2\/posts"}],"about":[{"href":"https:\/\/arantv.az\/index.php?rest_route=\/wp\/v2\/types\/post"}],"author":[{"embeddable":true,"href":"https:\/\/arantv.az\/index.php?rest_route=\/wp\/v2\/users\/2"}],"replies":[{"embeddable":true,"href":"https:\/\/arantv.az\/index.php?rest_route=%2Fwp%2Fv2%2Fcomments&post=143969"}],"version-history":[{"count":0,"href":"https:\/\/arantv.az\/index.php?rest_route=\/wp\/v2\/posts\/143969\/revisions"}],"wp:featuredmedia":[{"embeddable":true,"href":"https:\/\/arantv.az\/index.php?rest_route=\/wp\/v2\/media\/143970"}],"wp:attachment":[{"href":"https:\/\/arantv.az\/index.php?rest_route=%2Fwp%2Fv2%2Fmedia&parent=143969"}],"wp:term":[{"taxonomy":"category","embeddable":true,"href":"https:\/\/arantv.az\/index.php?rest_route=%2Fwp%2Fv2%2Fcategories&post=143969"},{"taxonomy":"post_tag","embeddable":true,"href":"https:\/\/arantv.az\/index.php?rest_route=%2Fwp%2Fv2%2Ftags&post=143969"}],"curies":[{"name":"wp","href":"https:\/\/api.w.org\/{rel}","templated":true}]}}