{"id":143973,"date":"2020-03-19T14:08:07","date_gmt":"2020-03-19T11:08:07","guid":{"rendered":"http:\/\/arantv.az\/?p=143973"},"modified":"2020-03-19T14:08:07","modified_gmt":"2020-03-19T11:08:07","slug":"p%c9%99rvin-k%c9%99rimzad%c9%99-az%c9%99rbaycan-qlobal-pandemiyaya-qarsi-cevik-addimlar-atan-olk%c9%99l%c9%99rd%c9%99ndir","status":"publish","type":"post","link":"https:\/\/arantv.az\/?p=143973","title":{"rendered":"P\u0259rvin K\u0259rimzad\u0259: &#8220;Az\u0259rbaycan qlobal pandemiyaya qar\u015f\u0131 \u00e7evik add\u0131mlar atan \u00f6lk\u0259l\u0259rd\u0259ndir&#8221;"},"content":{"rendered":"<p>&#8220;Bu g\u00fcn kainat\u0131m\u0131z yeni qlobal pandemiya &#8211; koronavirus (COVID-19) infeksiyas\u0131 il\u0259 qar\u015f\u0131-qar\u015f\u0131yad\u0131r. \u0130nsanlar\u0131n sa\u011flaml\u0131\u011f\u0131n\u0131 t\u0259hdid alt\u0131na alan virus \u00fcz\u00fcnd\u0259n d\u00fcnya \u00f6lk\u0259l\u0259ri bir-birl\u0259rin\u0259 qap\u0131lar\u0131n\u0131 ba\u011flamaq, k\u00fctl\u0259vi t\u0259dbirl\u0259ri t\u0259xir\u0259 salmaq, iqtisadi \u0259laq\u0259l\u0259ri m\u0259hdudla\u015fd\u0131rmaq m\u0259cburiyy\u0259tind\u0259 qal\u0131b. T\u0259\u0259ss\u00fcfl\u0259r olsun ki, tibbin, texnologiyalar\u0131n inki\u015faf etdiyi bir d\u00f6vrd\u0259 bir s\u0131ra Avropa \u00f6lk\u0259l\u0259rind\u0259 infeksiyan\u0131n yay\u0131lmas\u0131 n\u0259zar\u0259td\u0259n tamamil\u0259 \u00e7\u0131x\u0131b&#8221;.<\/p>\n<p><strong>ARANTV.AZ<\/strong>\u00a0 x\u0259b\u0259r verir ki, bunu\u00a0<a href=\"https:\/\/az.trend.az\/\" target=\"_blank\" rel=\"noopener\">Trend<\/a>-\u0259 Milli M\u0259clisin deputat\u0131 P\u0259rvin K\u0259rimzad\u0259 deyib. Onun s\u00f6zl\u0259rin\u0259 g\u00f6r\u0259, d\u00fcnyada qlobal pandemiya hesab olunan koronavirus (COVID-19) infeksiyan\u0131n \u00f6lk\u0259mizd\u0259 yay\u0131lmas\u0131n\u0131n qar\u015f\u0131s\u0131n\u0131n al\u0131nmas\u0131, v\u0259t\u0259nda\u015flar\u0131n\u0131n t\u0259hl\u00fck\u0259sizliyini t\u0259min etm\u0259k m\u0259qs\u0259dil\u0259 h\u00f6kum\u0259t t\u0259r\u0259find\u0259n m\u0259qs\u0259dy\u00f6nl\u00fc, t\u0259xir\u0259sal\u0131nmaz t\u0259dbirl\u0259r g\u00f6r\u00fcl\u00fcr. Az\u0259rbaycan Respublikas\u0131 Nazirl\u0259r Kabinetinin yan\u0131nda Operativ Q\u0259rargah\u0131n q\u0259bul etdiyi q\u0259rarlar, \u0130cbari Tibbi S\u0131\u011forta \u00fczr\u0259 D\u00f6vl\u0259t Agentliyi, &#8220;Tibbi \u018frazi B\u00f6lm\u0259l\u0259rini \u0130dar\u0259etm\u0259 Birliyi&#8221; (T\u018fB\u0130B) v\u0259 S\u0259hiyy\u0259 Nazirliyinin birlikd\u0259 c\u0259miyy\u0259timizin sa\u011flaml\u0131\u011f\u0131n\u0131n t\u0259hl\u00fck\u0259sizliyi \u00fc\u00e7\u00fcn h\u0259yata ke\u00e7irdikl\u0259ri t\u0259dbirl\u0259r aktuall\u0131\u011f\u0131n\u0131 qoruyur. \u00dcmumd\u00fcnya S\u0259hiyy\u0259 T\u0259\u015fkilat\u0131 (\u00dcST) \u00f6lk\u0259mizl\u0259 s\u0131x \u0259m\u0259kda\u015fl\u0131q edir, t\u00f6vsiy\u0259l\u0259rini, maarifl\u0259ndirm\u0259 i\u015fl\u0259rini \u0259sirg\u0259mir:<\/p>\n<p>&#8220;H\u0259r zaman v\u0259t\u0259nda\u015f\u0131n\u0131n yan\u0131nda olan, onlar\u0131n sevincin\u0259 d\u0259, d\u0259rd-s\u0259rin\u0259 d\u0259 \u015f\u0259rik \u00e7\u0131xan \u00f6lk\u0259 Prezidenti \u0130lham \u018fliyev koronavirus epidemiyas\u0131n\u0131n s\u0259rh\u0259d tan\u0131mad\u0131\u011f\u0131 bel\u0259 bir \u00e7\u0259tin vaxtda v\u0259t\u0259nda\u015flar\u0131n t\u0259hl\u00fck\u0259sizliyinin t\u0259min edilm\u0259sini \u0259n vacib, prioritet m\u0259s\u0259l\u0259l\u0259rd\u0259n oldu\u011funu bir daha t\u0259sdiq etdi. \u00c7evik, vaxt\u0131nda verilmi\u015f q\u0259rarlar, yeni n\u00f6v koronavirus (COV\u0130D -19) infeksiyas\u0131 il\u0259 m\u00fcbariz\u0259 t\u0259dbirl\u0259rind\u0259 i\u015ftirak ed\u0259n tibb i\u015f\u00e7il\u0259rinin sosial m\u00fcdafi\u0259sinin g\u00fccl\u0259ndirilm\u0259si, x\u0259st\u0259xanalar\u0131n \u0259n m\u00fcasir tibbi avadanl\u0131qlarla t\u0259chiz olunmas\u0131 \u00f6lk\u0259miz \u00fc\u00e7\u00fcn \u00e7ox b\u00f6y\u00fck t\u0259hl\u00fck\u0259 olan bu infeksiyan\u0131n geni\u015f yay\u0131lmas\u0131n\u0131n qar\u015f\u0131s\u0131n\u0131 alma\u011fa xidm\u0259t edir.<\/p>\n<p>Az\u0259rbaycan\u0131n Birinci vitse-prezidenti Mehriban \u018fliyevan\u0131n &#8220;COVID-19&#8221; (koronavirus) epidemiyas\u0131 il\u0259 ba\u011fl\u0131 xalqa m\u00fcraci\u0259t \u00fcnvanlamas\u0131 da koronavirus epidemiyas\u0131 il\u0259 ba\u011fl\u0131 v\u0259ziyy\u0259tin, \u0259halinin sa\u011flaml\u0131\u011f\u0131n\u0131n etibarl\u0131 qorunmas\u0131 \u00f6lk\u0259 r\u0259hb\u0259rliyinin n\u0259zar\u0259ti alt\u0131nda oldu\u011fundan x\u0259b\u0259r verir.<\/p>\n<div><\/div>\n<p>Lakin g\u00f6r\u00fcl\u0259n b\u00fct\u00fcn t\u0259xir\u0259al\u0131nmaz t\u0259dbirl\u0259rl\u0259 yana\u015f\u0131 h\u0259r bir v\u0259t\u0259nda\u015flar\u0131m\u0131z daha m\u0259suliyy\u0259tli olmal\u0131, unutmamal\u0131d\u0131rlar ki, COVID-19 infeksiyas\u0131 s\u0259rh\u0259d tan\u0131m\u0131r. \u018fg\u0259r v\u0259t\u0259nda\u015flar\u0131m\u0131z t\u0259limatlara tam \u0259m\u0259l ed\u0259rs\u0259, h\u0259yata ke\u00e7iril\u0259n t\u0259dbirl\u0259r\u0259 d\u0259st\u0259k olarsa t\u0259kc\u0259 onun \u00f6z\u00fcn\u00fcn yox, ail\u0259sinin, do\u011fmalar\u0131n\u0131n, s\u0259hh\u0259tini qorumu\u015f olar, \u0259n ba\u015fl\u0131cas\u0131 d\u00fcnyada b\u00f6y\u00fck problem\u0259 \u00e7evril\u0259n qlobal pandemiyan\u0131n \u00f6lk\u0259mizd\u0259 yay\u0131lmas\u0131n\u0131n qar\u015f\u0131s\u0131 al\u0131nar&#8221;.<\/p>\n","protected":false},"excerpt":{"rendered":"<p>&#8220;Bu g\u00fcn kainat\u0131m\u0131z yeni qlobal pandemiya &#8211; koronavirus (COVID-19) infeksiyas\u0131 il\u0259 qar\u015f\u0131-qar\u015f\u0131yad\u0131r. \u0130nsanlar\u0131n sa\u011flaml\u0131\u011f\u0131n\u0131 t\u0259hdid alt\u0131na alan virus \u00fcz\u00fcnd\u0259n d\u00fcnya \u00f6lk\u0259l\u0259ri bir-birl\u0259rin\u0259 qap\u0131lar\u0131n\u0131 ba\u011flamaq, k\u00fctl\u0259vi t\u0259dbirl\u0259ri t\u0259xir\u0259 salmaq, iqtisadi \u0259laq\u0259l\u0259ri m\u0259hdudla\u015fd\u0131rmaq m\u0259cburiyy\u0259tind\u0259 qal\u0131b. T\u0259\u0259ss\u00fcfl\u0259r olsun ki, tibbin, texnologiyalar\u0131n inki\u015faf etdiyi bir d\u00f6vrd\u0259 bir s\u0131ra Avropa \u00f6lk\u0259l\u0259rind\u0259 infeksiyan\u0131n yay\u0131lmas\u0131 n\u0259zar\u0259td\u0259n tamamil\u0259 \u00e7\u0131x\u0131b&#8221;. ARANTV.AZ\u00a0 x\u0259b\u0259r verir ki, bunu\u00a0Trend-\u0259 Milli M\u0259clisin deputat\u0131 P\u0259rvin K\u0259rimzad\u0259 deyib. Onun s\u00f6zl\u0259rin\u0259 g\u00f6r\u0259, d\u00fcnyada qlobal pandemiya hesab olunan koronavirus (COVID-19) infeksiyan\u0131n \u00f6lk\u0259mizd\u0259 yay\u0131lmas\u0131n\u0131n qar\u015f\u0131s\u0131n\u0131n al\u0131nmas\u0131, v\u0259t\u0259nda\u015flar\u0131n\u0131n t\u0259hl\u00fck\u0259sizliyini t\u0259min etm\u0259k m\u0259qs\u0259dil\u0259 h\u00f6kum\u0259t t\u0259r\u0259find\u0259n m\u0259qs\u0259dy\u00f6nl\u00fc, t\u0259xir\u0259sal\u0131nmaz t\u0259dbirl\u0259r g\u00f6r\u00fcl\u00fcr. Az\u0259rbaycan Respublikas\u0131&hellip;<\/p>\n","protected":false},"author":2,"featured_media":143974,"comment_status":"closed","ping_status":"closed","sticky":false,"template":"","format":"standard","meta":{"om_disable_all_campaigns":false,"_monsterinsights_skip_tracking":false,"_monsterinsights_sitenote_active":false,"_monsterinsights_sitenote_note":"","_monsterinsights_sitenote_category":0},"categories":[1],"tags":[],"aioseo_notices":[],"gutentor_comment":0,"rttpg_featured_image_url":{"full":["https:\/\/arantv.az\/wp-content\/uploads\/2020\/03\/835094.jpg",960,692,false],"landscape":["https:\/\/arantv.az\/wp-content\/uploads\/2020\/03\/835094.jpg",960,692,false],"portraits":["https:\/\/arantv.az\/wp-content\/uploads\/2020\/03\/835094.jpg",960,692,false],"thumbnail":["https:\/\/arantv.az\/wp-content\/uploads\/2020\/03\/835094-150x150.jpg",150,150,true],"medium":["https:\/\/arantv.az\/wp-content\/uploads\/2020\/03\/835094-300x216.jpg",300,216,true],"large":["https:\/\/arantv.az\/wp-content\/uploads\/2020\/03\/835094.jpg",640,461,false],"1536x1536":["https:\/\/arantv.az\/wp-content\/uploads\/2020\/03\/835094.jpg",960,692,false],"2048x2048":["https:\/\/arantv.az\/wp-content\/uploads\/2020\/03\/835094.jpg",960,692,false],"post-thumbnail":["https:\/\/arantv.az\/wp-content\/uploads\/2020\/03\/835094-240x172.jpg",240,172,true],"advps-thumb-one":["https:\/\/arantv.az\/wp-content\/uploads\/2020\/03\/835094-960x620.jpg",960,620,true]},"rttpg_author":{"display_name":"V\u00fcsal Rafiqo\u011flu","author_link":"https:\/\/arantv.az\/?author=2"},"rttpg_comment":0,"rttpg_category":"<a href=\"https:\/\/arantv.az\/?cat=1\" rel=\"category\">C\u0259miyy\u0259t<\/a>","rttpg_excerpt":"&#8220;Bu g\u00fcn kainat\u0131m\u0131z yeni qlobal pandemiya &#8211; koronavirus (COVID-19) infeksiyas\u0131 il\u0259 qar\u015f\u0131-qar\u015f\u0131yad\u0131r. \u0130nsanlar\u0131n sa\u011flaml\u0131\u011f\u0131n\u0131 t\u0259hdid alt\u0131na alan virus \u00fcz\u00fcnd\u0259n d\u00fcnya \u00f6lk\u0259l\u0259ri bir-birl\u0259rin\u0259 qap\u0131lar\u0131n\u0131 ba\u011flamaq, k\u00fctl\u0259vi t\u0259dbirl\u0259ri t\u0259xir\u0259 salmaq, iqtisadi \u0259laq\u0259l\u0259ri m\u0259hdudla\u015fd\u0131rmaq m\u0259cburiyy\u0259tind\u0259 qal\u0131b. T\u0259\u0259ss\u00fcfl\u0259r olsun ki, tibbin, texnologiyalar\u0131n inki\u015faf etdiyi bir d\u00f6vrd\u0259 bir s\u0131ra Avropa \u00f6lk\u0259l\u0259rind\u0259 infeksiyan\u0131n yay\u0131lmas\u0131 n\u0259zar\u0259td\u0259n tamamil\u0259 \u00e7\u0131x\u0131b&#8221;. ARANTV.AZ\u00a0 x\u0259b\u0259r verir ki,&hellip;","_links":{"self":[{"href":"https:\/\/arantv.az\/index.php?rest_route=\/wp\/v2\/posts\/143973"}],"collection":[{"href":"https:\/\/arantv.az\/index.php?rest_route=\/wp\/v2\/posts"}],"about":[{"href":"https:\/\/arantv.az\/index.php?rest_route=\/wp\/v2\/types\/post"}],"author":[{"embeddable":true,"href":"https:\/\/arantv.az\/index.php?rest_route=\/wp\/v2\/users\/2"}],"replies":[{"embeddable":true,"href":"https:\/\/arantv.az\/index.php?rest_route=%2Fwp%2Fv2%2Fcomments&post=143973"}],"version-history":[{"count":0,"href":"https:\/\/arantv.az\/index.php?rest_route=\/wp\/v2\/posts\/143973\/revisions"}],"wp:featuredmedia":[{"embeddable":true,"href":"https:\/\/arantv.az\/index.php?rest_route=\/wp\/v2\/media\/143974"}],"wp:attachment":[{"href":"https:\/\/arantv.az\/index.php?rest_route=%2Fwp%2Fv2%2Fmedia&parent=143973"}],"wp:term":[{"taxonomy":"category","embeddable":true,"href":"https:\/\/arantv.az\/index.php?rest_route=%2Fwp%2Fv2%2Fcategories&post=143973"},{"taxonomy":"post_tag","embeddable":true,"href":"https:\/\/arantv.az\/index.php?rest_route=%2Fwp%2Fv2%2Ftags&post=143973"}],"curies":[{"name":"wp","href":"https:\/\/api.w.org\/{rel}","templated":true}]}}