{"id":143981,"date":"2020-03-19T14:36:35","date_gmt":"2020-03-19T11:36:35","guid":{"rendered":"http:\/\/arantv.az\/?p=143981"},"modified":"2020-03-19T14:36:35","modified_gmt":"2020-03-19T11:36:35","slug":"almaniyanin-az%c9%99rbaycandaki-s%c9%99firliyi-viza-verilm%c9%99sini-dayandirib","status":"publish","type":"post","link":"https:\/\/arantv.az\/?p=143981","title":{"rendered":"Almaniyan\u0131n Az\u0259rbaycandak\u0131 s\u0259firliyi viza verilm\u0259sini dayand\u0131r\u0131b"},"content":{"rendered":"<p>Koronavirus infeksiyas\u0131n\u0131n (COV\u0130D-19) yay\u0131lmas\u0131 t\u0259hl\u00fck\u0259sil\u0259 \u0259laq\u0259li olaraq Almaniyan\u0131n Az\u0259rbaycandak\u0131 s\u0259firliyi viza verilm\u0259sini dayand\u0131r\u0131b.<\/p>\n<p><strong>ARANTV.AZ<\/strong>\u00a0<a href=\"https:\/\/az.trend.az\/\" target=\"_blank\" rel=\"noopener\">Trend<\/a>-\u0259 istinad\u0259n x\u0259b\u0259r verir ki, bu bar\u0259d\u0259 diplomatik s\u0259firliyin r\u0259smi &#8220;Facebook&#8221; s\u0259hif\u0259sind\u0259 m\u0259lumat verilib.<\/p>\n<p>&#8220;Haz\u0131rk\u0131 v\u0259ziyy\u0259t il\u0259 \u0259laq\u0259dar olaraq 19 mart 2020-ci il tarixind\u0259n etibar\u0259n viza v\u0259 konsulluq \u015f\u00f6b\u0259sinin f\u0259aliyy\u0259ti 15 aprel 2020-ci il tarixin\u0259d\u0259k dayand\u0131r\u0131l\u0131r&#8221;, &#8211; dey\u0259 payla\u015f\u0131mda qeyd edilib.<\/p>\n","protected":false},"excerpt":{"rendered":"<p>Koronavirus infeksiyas\u0131n\u0131n (COV\u0130D-19) yay\u0131lmas\u0131 t\u0259hl\u00fck\u0259sil\u0259 \u0259laq\u0259li olaraq Almaniyan\u0131n Az\u0259rbaycandak\u0131 s\u0259firliyi viza verilm\u0259sini dayand\u0131r\u0131b. ARANTV.AZ\u00a0Trend-\u0259 istinad\u0259n x\u0259b\u0259r verir ki, bu bar\u0259d\u0259 diplomatik s\u0259firliyin r\u0259smi &#8220;Facebook&#8221; s\u0259hif\u0259sind\u0259 m\u0259lumat verilib. &#8220;Haz\u0131rk\u0131 v\u0259ziyy\u0259t il\u0259 \u0259laq\u0259dar olaraq 19 mart 2020-ci il tarixind\u0259n etibar\u0259n viza v\u0259 konsulluq \u015f\u00f6b\u0259sinin f\u0259aliyy\u0259ti 15 aprel 2020-ci il tarixin\u0259d\u0259k dayand\u0131r\u0131l\u0131r&#8221;, &#8211; dey\u0259 payla\u015f\u0131mda qeyd edilib.<\/p>\n","protected":false},"author":2,"featured_media":143982,"comment_status":"closed","ping_status":"closed","sticky":false,"template":"","format":"standard","meta":{"om_disable_all_campaigns":false,"_monsterinsights_skip_tracking":false,"_monsterinsights_sitenote_active":false,"_monsterinsights_sitenote_note":"","_monsterinsights_sitenote_category":0},"categories":[19],"tags":[],"aioseo_notices":[],"gutentor_comment":0,"rttpg_featured_image_url":{"full":["https:\/\/arantv.az\/wp-content\/uploads\/2020\/03\/835102.jpg",600,400,false],"landscape":["https:\/\/arantv.az\/wp-content\/uploads\/2020\/03\/835102.jpg",600,400,false],"portraits":["https:\/\/arantv.az\/wp-content\/uploads\/2020\/03\/835102.jpg",600,400,false],"thumbnail":["https:\/\/arantv.az\/wp-content\/uploads\/2020\/03\/835102-150x150.jpg",150,150,true],"medium":["https:\/\/arantv.az\/wp-content\/uploads\/2020\/03\/835102-300x200.jpg",300,200,true],"large":["https:\/\/arantv.az\/wp-content\/uploads\/2020\/03\/835102.jpg",600,400,false],"1536x1536":["https:\/\/arantv.az\/wp-content\/uploads\/2020\/03\/835102.jpg",600,400,false],"2048x2048":["https:\/\/arantv.az\/wp-content\/uploads\/2020\/03\/835102.jpg",600,400,false],"post-thumbnail":["https:\/\/arantv.az\/wp-content\/uploads\/2020\/03\/835102-240x172.jpg",240,172,true],"advps-thumb-one":["https:\/\/arantv.az\/wp-content\/uploads\/2020\/03\/835102.jpg",600,400,false]},"rttpg_author":{"display_name":"V\u00fcsal Rafiqo\u011flu","author_link":"https:\/\/arantv.az\/?author=2"},"rttpg_comment":0,"rttpg_category":"<a href=\"https:\/\/arantv.az\/?cat=19\" rel=\"category\">G\u00fcnd\u0259m<\/a>","rttpg_excerpt":"Koronavirus infeksiyas\u0131n\u0131n (COV\u0130D-19) yay\u0131lmas\u0131 t\u0259hl\u00fck\u0259sil\u0259 \u0259laq\u0259li olaraq Almaniyan\u0131n Az\u0259rbaycandak\u0131 s\u0259firliyi viza verilm\u0259sini dayand\u0131r\u0131b. ARANTV.AZ\u00a0Trend-\u0259 istinad\u0259n x\u0259b\u0259r verir ki, bu bar\u0259d\u0259 diplomatik s\u0259firliyin r\u0259smi &#8220;Facebook&#8221; s\u0259hif\u0259sind\u0259 m\u0259lumat verilib. &#8220;Haz\u0131rk\u0131 v\u0259ziyy\u0259t il\u0259 \u0259laq\u0259dar olaraq 19 mart 2020-ci il tarixind\u0259n etibar\u0259n viza v\u0259 konsulluq \u015f\u00f6b\u0259sinin f\u0259aliyy\u0259ti 15 aprel 2020-ci il tarixin\u0259d\u0259k dayand\u0131r\u0131l\u0131r&#8221;, &#8211; dey\u0259 payla\u015f\u0131mda qeyd edilib.","_links":{"self":[{"href":"https:\/\/arantv.az\/index.php?rest_route=\/wp\/v2\/posts\/143981"}],"collection":[{"href":"https:\/\/arantv.az\/index.php?rest_route=\/wp\/v2\/posts"}],"about":[{"href":"https:\/\/arantv.az\/index.php?rest_route=\/wp\/v2\/types\/post"}],"author":[{"embeddable":true,"href":"https:\/\/arantv.az\/index.php?rest_route=\/wp\/v2\/users\/2"}],"replies":[{"embeddable":true,"href":"https:\/\/arantv.az\/index.php?rest_route=%2Fwp%2Fv2%2Fcomments&post=143981"}],"version-history":[{"count":0,"href":"https:\/\/arantv.az\/index.php?rest_route=\/wp\/v2\/posts\/143981\/revisions"}],"wp:featuredmedia":[{"embeddable":true,"href":"https:\/\/arantv.az\/index.php?rest_route=\/wp\/v2\/media\/143982"}],"wp:attachment":[{"href":"https:\/\/arantv.az\/index.php?rest_route=%2Fwp%2Fv2%2Fmedia&parent=143981"}],"wp:term":[{"taxonomy":"category","embeddable":true,"href":"https:\/\/arantv.az\/index.php?rest_route=%2Fwp%2Fv2%2Fcategories&post=143981"},{"taxonomy":"post_tag","embeddable":true,"href":"https:\/\/arantv.az\/index.php?rest_route=%2Fwp%2Fv2%2Ftags&post=143981"}],"curies":[{"name":"wp","href":"https:\/\/api.w.org\/{rel}","templated":true}]}}