{"id":143985,"date":"2020-03-19T14:37:16","date_gmt":"2020-03-19T11:37:16","guid":{"rendered":"http:\/\/arantv.az\/?p=143985"},"modified":"2020-03-19T14:37:16","modified_gmt":"2020-03-19T11:37:16","slug":"prezident-ilham-%c9%99liyev-az%c9%99rbaycan-h%c9%99kiml%c9%99ri-koronavirusa-qarsi-f%c9%99dakarcasina-mubariz%c9%99-aparirlar-oz-saglamliqlarini-risk-altina-atirlar","status":"publish","type":"post","link":"https:\/\/arantv.az\/?p=143985","title":{"rendered":"Prezident \u0130lham \u018fliyev: &#8220;Az\u0259rbaycan h\u0259kiml\u0259ri koronavirusa qar\u015f\u0131 f\u0259dakarcas\u0131na m\u00fcbariz\u0259 apar\u0131rlar, \u00f6z sa\u011flaml\u0131qlar\u0131n\u0131 risk alt\u0131na at\u0131rlar&#8221;"},"content":{"rendered":"<p>&#8220;Az\u0259rbaycan h\u0259kiml\u0259ri\u00a0koronavirusa qar\u015f\u0131 f\u0259dakarcas\u0131na m\u00fcbariz\u0259 apar\u0131rlar, \u00f6z sa\u011flaml\u0131qlar\u0131n\u0131 risk alt\u0131na at\u0131rlar&#8221;.<\/p>\n<p><strong>ARANTV.AZ<\/strong>\u00a0\u00a0<a href=\"https:\/\/azertag.az\/\" target=\"_blank\" rel=\"noopener\">AZ\u018fRTAC<\/a>-a istinad\u0259n x\u0259b\u0259r verir ki, bu s\u00f6zl\u0259ri Prezident \u0130lham \u018fliyev Novruz bayram\u0131 m\u00fcnasib\u0259til\u0259 Az\u0259rbaycan xalq\u0131na t\u0259brikind\u0259 deyib.<\/p>\n<p>D\u00f6vl\u0259timizin ba\u015f\u00e7\u0131s\u0131 qeyd edib:<\/p>\n<p>&#8220;M\u0259n bir daha Az\u0259rbaycan h\u0259kiml\u0259rin\u0259 \u00f6z t\u0259\u015f\u0259kk\u00fcr\u00fcm\u00fc bildirm\u0259k ist\u0259yir\u0259m. Onlar bu x\u0259st\u0259liy\u0259 qar\u015f\u0131 f\u0259dakarcas\u0131na m\u00fcbariz\u0259 apar\u0131rlar, \u00f6z sa\u011flaml\u0131qlar\u0131n\u0131 risk alt\u0131na at\u0131rlar. Ancaq y\u00fcks\u0259k m\u0259suliyy\u0259t, i\u00e7dikl\u0259ri and \u0259lb\u0259tt\u0259 ki, onlar\u0131 bu i\u015fl\u0259r\u0259 s\u00f6vq edir. X\u0259st\u0259l\u0259r d\u0259 h\u0259kiml\u0259r\u0259 b\u00f6y\u00fck diqq\u0259tl\u0259 yana\u015fmal\u0131d\u0131rlar. Bu, indiy\u0259d\u0259k d\u00fcnyada g\u00f6r\u00fcnm\u0259mi\u015f x\u0259st\u0259likdir v\u0259 bu x\u0259st\u0259liyin yay\u0131lmas\u0131 templ\u0259ri d\u0259 biz\u0259 b\u0259lli deyil. \u0130nki\u015faf etmi\u015f bir ne\u00e7\u0259 \u00f6lk\u0259d\u0259 art\u0131q bu x\u0259st\u0259lik bir-iki g\u00fcn \u0259rzind\u0259 geni\u015f v\u00fcs\u0259t al\u0131r. Bu, onu g\u00f6st\u0259rir ki, x\u0259st\u0259liyin sanki akkumulyasiya d\u00f6vr\u00fc vard\u0131r, ondan sonra bu x\u0259st\u0259lik geni\u015f yay\u0131l\u0131r. Bu x\u0259st\u0259liyin yay\u0131lmamas\u0131 \u00fc\u00e7\u00fcn ilk n\u00f6vb\u0259d\u0259, b\u00fct\u00fcn d\u00f6vl\u0259t t\u0259dbirl\u0259ri il\u0259 yana\u015f\u0131, v\u0259t\u0259nda\u015flar da m\u0259suliyy\u0259tli olmal\u0131d\u0131rlar. \u018fg\u0259r kims\u0259 \u00f6z\u00fcnd\u0259 x\u0259st\u0259lik simptomu hiss ed\u0259rs\u0259, d\u0259rhal h\u0259kiml\u0259r\u0259 m\u00fcraci\u0259t etm\u0259lidir, d\u0259rhal \u00f6z\u00fcn\u00fc t\u0259crid etm\u0259lidir, k\u00fctl\u0259vi yerl\u0259r\u0259 getm\u0259m\u0259lidir, laz\u0131m olmadan k\u00fctl\u0259vi t\u0259dbirl\u0259rd\u0259 i\u015ftirak etm\u0259m\u0259lidir. Bu t\u0259dbirl\u0259r art\u0131q l\u0259\u011fv olunub, amma istisna deyil ki, hans\u0131sa m\u0259suliyy\u0259tsiz adamlar qaydalara uy\u011fun olmayan h\u0259r\u0259k\u0259tl\u0259r etsinl\u0259r. M\u0259n b\u0259ri ba\u015fdan h\u0259r k\u0259si x\u0259b\u0259rdar etm\u0259k ist\u0259yir\u0259m, ciddi t\u0259dbirl\u0259r g\u00f6r\u00fcl\u0259c\u0259k. \u00c7\u00fcnki bu, milli m\u0259s\u0259l\u0259dir, xalq\u0131m\u0131z\u0131n sa\u011flaml\u0131\u011f\u0131d\u0131r, d\u00f6vl\u0259timizin t\u0259hl\u00fck\u0259sizliyidir. H\u0259r k\u0259s bilsin, \u0259g\u0259r mart\u0131n 14-d\u0259 elan olunmu\u015f qaydalara kims\u0259 \u0259m\u0259l etm\u0259s\u0259, \u00e7ox ciddi m\u0259suliyy\u0259t\u0259 c\u0259lb edil\u0259c\u0259k&#8221;.<\/p>\n","protected":false},"excerpt":{"rendered":"<p>&#8220;Az\u0259rbaycan h\u0259kiml\u0259ri\u00a0koronavirusa qar\u015f\u0131 f\u0259dakarcas\u0131na m\u00fcbariz\u0259 apar\u0131rlar, \u00f6z sa\u011flaml\u0131qlar\u0131n\u0131 risk alt\u0131na at\u0131rlar&#8221;. ARANTV.AZ\u00a0\u00a0AZ\u018fRTAC-a istinad\u0259n x\u0259b\u0259r verir ki, bu s\u00f6zl\u0259ri Prezident \u0130lham \u018fliyev Novruz bayram\u0131 m\u00fcnasib\u0259til\u0259 Az\u0259rbaycan xalq\u0131na t\u0259brikind\u0259 deyib. D\u00f6vl\u0259timizin ba\u015f\u00e7\u0131s\u0131 qeyd edib: &#8220;M\u0259n bir daha Az\u0259rbaycan h\u0259kiml\u0259rin\u0259 \u00f6z t\u0259\u015f\u0259kk\u00fcr\u00fcm\u00fc bildirm\u0259k ist\u0259yir\u0259m. Onlar bu x\u0259st\u0259liy\u0259 qar\u015f\u0131 f\u0259dakarcas\u0131na m\u00fcbariz\u0259 apar\u0131rlar, \u00f6z sa\u011flaml\u0131qlar\u0131n\u0131 risk alt\u0131na at\u0131rlar. Ancaq y\u00fcks\u0259k m\u0259suliyy\u0259t, i\u00e7dikl\u0259ri and \u0259lb\u0259tt\u0259 ki, onlar\u0131 bu i\u015fl\u0259r\u0259 s\u00f6vq edir. X\u0259st\u0259l\u0259r d\u0259 h\u0259kiml\u0259r\u0259 b\u00f6y\u00fck diqq\u0259tl\u0259 yana\u015fmal\u0131d\u0131rlar. Bu, indiy\u0259d\u0259k d\u00fcnyada g\u00f6r\u00fcnm\u0259mi\u015f x\u0259st\u0259likdir v\u0259 bu x\u0259st\u0259liyin yay\u0131lmas\u0131 templ\u0259ri d\u0259 biz\u0259 b\u0259lli deyil. \u0130nki\u015faf etmi\u015f bir ne\u00e7\u0259 \u00f6lk\u0259d\u0259&hellip;<\/p>\n","protected":false},"author":2,"featured_media":143986,"comment_status":"closed","ping_status":"closed","sticky":false,"template":"","format":"standard","meta":{"om_disable_all_campaigns":false,"_monsterinsights_skip_tracking":false,"_monsterinsights_sitenote_active":false,"_monsterinsights_sitenote_note":"","_monsterinsights_sitenote_category":0},"categories":[4],"tags":[],"aioseo_notices":[],"gutentor_comment":0,"rttpg_featured_image_url":{"full":["https:\/\/arantv.az\/wp-content\/uploads\/2020\/03\/ilham_aliyev_2020_005.jpg",800,550,false],"landscape":["https:\/\/arantv.az\/wp-content\/uploads\/2020\/03\/ilham_aliyev_2020_005.jpg",800,550,false],"portraits":["https:\/\/arantv.az\/wp-content\/uploads\/2020\/03\/ilham_aliyev_2020_005.jpg",800,550,false],"thumbnail":["https:\/\/arantv.az\/wp-content\/uploads\/2020\/03\/ilham_aliyev_2020_005-150x150.jpg",150,150,true],"medium":["https:\/\/arantv.az\/wp-content\/uploads\/2020\/03\/ilham_aliyev_2020_005-300x206.jpg",300,206,true],"large":["https:\/\/arantv.az\/wp-content\/uploads\/2020\/03\/ilham_aliyev_2020_005.jpg",640,440,false],"1536x1536":["https:\/\/arantv.az\/wp-content\/uploads\/2020\/03\/ilham_aliyev_2020_005.jpg",800,550,false],"2048x2048":["https:\/\/arantv.az\/wp-content\/uploads\/2020\/03\/ilham_aliyev_2020_005.jpg",800,550,false],"post-thumbnail":["https:\/\/arantv.az\/wp-content\/uploads\/2020\/03\/ilham_aliyev_2020_005-240x172.jpg",240,172,true],"advps-thumb-one":["https:\/\/arantv.az\/wp-content\/uploads\/2020\/03\/ilham_aliyev_2020_005.jpg",800,550,false]},"rttpg_author":{"display_name":"V\u00fcsal Rafiqo\u011flu","author_link":"https:\/\/arantv.az\/?author=2"},"rttpg_comment":0,"rttpg_category":"<a href=\"https:\/\/arantv.az\/?cat=4\" rel=\"category\">Siyas\u0259t<\/a>","rttpg_excerpt":"&#8220;Az\u0259rbaycan h\u0259kiml\u0259ri\u00a0koronavirusa qar\u015f\u0131 f\u0259dakarcas\u0131na m\u00fcbariz\u0259 apar\u0131rlar, \u00f6z sa\u011flaml\u0131qlar\u0131n\u0131 risk alt\u0131na at\u0131rlar&#8221;. ARANTV.AZ\u00a0\u00a0AZ\u018fRTAC-a istinad\u0259n x\u0259b\u0259r verir ki, bu s\u00f6zl\u0259ri Prezident \u0130lham \u018fliyev Novruz bayram\u0131 m\u00fcnasib\u0259til\u0259 Az\u0259rbaycan xalq\u0131na t\u0259brikind\u0259 deyib. D\u00f6vl\u0259timizin ba\u015f\u00e7\u0131s\u0131 qeyd edib: &#8220;M\u0259n bir daha Az\u0259rbaycan h\u0259kiml\u0259rin\u0259 \u00f6z t\u0259\u015f\u0259kk\u00fcr\u00fcm\u00fc bildirm\u0259k ist\u0259yir\u0259m. Onlar bu x\u0259st\u0259liy\u0259 qar\u015f\u0131 f\u0259dakarcas\u0131na m\u00fcbariz\u0259 apar\u0131rlar, \u00f6z sa\u011flaml\u0131qlar\u0131n\u0131 risk alt\u0131na at\u0131rlar. Ancaq y\u00fcks\u0259k&hellip;","_links":{"self":[{"href":"https:\/\/arantv.az\/index.php?rest_route=\/wp\/v2\/posts\/143985"}],"collection":[{"href":"https:\/\/arantv.az\/index.php?rest_route=\/wp\/v2\/posts"}],"about":[{"href":"https:\/\/arantv.az\/index.php?rest_route=\/wp\/v2\/types\/post"}],"author":[{"embeddable":true,"href":"https:\/\/arantv.az\/index.php?rest_route=\/wp\/v2\/users\/2"}],"replies":[{"embeddable":true,"href":"https:\/\/arantv.az\/index.php?rest_route=%2Fwp%2Fv2%2Fcomments&post=143985"}],"version-history":[{"count":0,"href":"https:\/\/arantv.az\/index.php?rest_route=\/wp\/v2\/posts\/143985\/revisions"}],"wp:featuredmedia":[{"embeddable":true,"href":"https:\/\/arantv.az\/index.php?rest_route=\/wp\/v2\/media\/143986"}],"wp:attachment":[{"href":"https:\/\/arantv.az\/index.php?rest_route=%2Fwp%2Fv2%2Fmedia&parent=143985"}],"wp:term":[{"taxonomy":"category","embeddable":true,"href":"https:\/\/arantv.az\/index.php?rest_route=%2Fwp%2Fv2%2Fcategories&post=143985"},{"taxonomy":"post_tag","embeddable":true,"href":"https:\/\/arantv.az\/index.php?rest_route=%2Fwp%2Fv2%2Ftags&post=143985"}],"curies":[{"name":"wp","href":"https:\/\/api.w.org\/{rel}","templated":true}]}}