{"id":143989,"date":"2020-03-19T14:38:03","date_gmt":"2020-03-19T11:38:03","guid":{"rendered":"http:\/\/arantv.az\/?p=143989"},"modified":"2020-03-19T14:38:03","modified_gmt":"2020-03-19T11:38:03","slug":"prezident-ilham-%c9%99liyev-prezidentin-ehtiyat-fondundan-%c9%99lav%c9%99-20-milyon-manat-ayrilacaq-ki-koronavirusa-qarsi-mubariz%c9%99-daha-t%c9%99sirli-olsun","status":"publish","type":"post","link":"https:\/\/arantv.az\/?p=143989","title":{"rendered":"Prezident \u0130lham \u018fliyev: &#8220;Prezidentin ehtiyat fondundan \u0259lav\u0259 20 milyon manat ayr\u0131lacaq ki, koronavirusa qar\u015f\u0131 m\u00fcbariz\u0259 daha t\u0259sirli olsun&#8221;"},"content":{"rendered":"<p>Prezidentin ehtiyat fondundan \u0259lav\u0259 20 milyon manat ayr\u0131lacaq ki, koronavirusa qar\u015f\u0131 m\u00fcbariz\u0259 daha t\u0259sirli olsun.<\/p>\n<p><strong>ARANTV.AZ\u00a0<\/strong>\u00a0<a href=\"http:\/\/azertag.az\/\" target=\"_blank\" rel=\"noopener\">AZ\u018fRTAC<\/a>-a istinad\u0259n bildirir ki,\u00a0bu s\u00f6zl\u0259ri Prezident \u0130lham \u018fliyev Novruz bayram\u0131 m\u00fcnasib\u0259til\u0259 Az\u0259rbaycan xalq\u0131na t\u0259brikind\u0259 deyib.<\/p>\n<p>D\u00f6vl\u0259timizin ba\u015f\u00e7\u0131s\u0131 qeyd edib:<\/p>\n<p>&#8220;Koronavirus x\u0259st\u0259liyi \u0259lb\u0259tt\u0259 ki, v\u0259ziyy\u0259ti \u00e7\u0259tinl\u0259\u015fdirir. B\u00fct\u00fcn bunlara baxmayaraq, hesab edir\u0259m ki, Az\u0259rbaycan bu s\u0131naqdan da \u015f\u0259r\u0259fl\u0259 v\u0259 az itkil\u0259rl\u0259 \u00e7\u0131xacaq. Buna nail olmaq \u00fc\u00e7\u00fcn biz ham\u0131m\u0131z h\u0259mr\u0259ylik g\u00f6st\u0259rm\u0259liyik, m\u0259suliyy\u0259t g\u00f6st\u0259rm\u0259liyik, birlik g\u00f6st\u0259rm\u0259liyik. D\u00fcnya \u00fc\u00e7\u00fcn bu \u00e7\u0259tin d\u00f6vrd\u0259 h\u0259m xalq\u0131m\u0131z\u0131, h\u0259m d\u00f6vl\u0259timizi qorumaq \u00fc\u00e7\u00fcn xalq\u0131m\u0131z\u0131n \u0259n \u00fclvi x\u00fcsusiyy\u0259tl\u0259rini bir daha g\u00f6st\u0259rm\u0259liyik v\u0259 bunu d\u00fcnyaya t\u0259qdim etm\u0259liyik.<\/p>\n<p>Bildiyiniz kimi, koronavirus x\u0259st\u0259liyi d\u00fcnya g\u00fcnd\u0259liyinin bir n\u00f6mr\u0259li m\u0259s\u0259l\u0259sidir. Art\u0131q \u00dcmumd\u00fcnya S\u0259hiyy\u0259 T\u0259\u015fkilat\u0131 pandemiya elan edibdir v\u0259 b\u0259yan edibdir ki, pandemiyan\u0131n m\u0259rk\u0259zi Avropa m\u0259kan\u0131d\u0131r. Bu x\u0259st\u0259liyin geni\u015f yay\u0131lmas\u0131 onu g\u00f6st\u0259rir ki, h\u0259tta inki\u015faf etmi\u015f \u00f6lk\u0259l\u0259r onun qar\u015f\u0131s\u0131n\u0131 ala bilmirl\u0259r. Bu x\u0259st\u0259liy\u0259 qar\u015f\u0131 he\u00e7 bir d\u0259rman, vaksin yoxdur v\u0259 n\u0259 vaxt olacaq, he\u00e7 kim bilmir. Ona g\u00f6r\u0259 bu x\u0259st\u0259liyin m\u0259hdudla\u015fd\u0131r\u0131lmas\u0131 v\u0259 yay\u0131lmamas\u0131 \u00fc\u00e7\u00fcn biz b\u0259ri ba\u015fdan, \u0259n ilk g\u00fcnl\u0259rd\u0259n praktik add\u0131mlar atma\u011fa ba\u015flam\u0131\u015f\u0131q. M\u0259nim g\u00f6st\u0259ri\u015fiml\u0259 yanvar\u0131n 24-d\u0259n Nazirl\u0259r Kabineti yan\u0131nda Operativ Q\u0259rargah yarad\u0131lm\u0131\u015fd\u0131r. Bu q\u0259rargah 24 saat i\u015fl\u0259yir, b\u00fct\u00fcn d\u00f6vl\u0259t qurumlar\u0131n\u0131n f\u0259aliyy\u0259tin\u0259 r\u0259hb\u0259rlik edir, x\u0259st\u0259likl\u0259 ba\u011fl\u0131 b\u00fct\u00fcn i\u015fl\u0259ri n\u0259zar\u0259td\u0259 saxlay\u0131r v\u0259 bu i\u015fl\u0259ri \u0259laq\u0259l\u0259ndirir. Ciddi t\u0259dbirl\u0259r g\u00f6r\u00fclm\u00fc\u015fd\u00fcr. Biz \u00dcmumd\u00fcnya S\u0259hiyy\u0259 T\u0259\u015fkilat\u0131 il\u0259 yanvar\u0131n 24-d\u0259n yeni \u0259m\u0259kda\u015fl\u0131q format\u0131 \u00e7\u0259r\u00e7iv\u0259sind\u0259 i\u015fl\u0259m\u0259y\u0259 ba\u015flam\u0131\u015f\u0131q. Onlar\u0131 \u00f6lk\u0259miz\u0259 d\u0259v\u0259t etmi\u015fik. Onlar\u0131n t\u00f6vsiy\u0259l\u0259rin\u0259 riay\u0259t ed\u0259r\u0259k \u00f6lk\u0259mizd\u0259 \u00e7ox ciddi t\u0259dbirl\u0259r g\u00f6rm\u00fc\u015f\u00fck. T\u0259sad\u00fcfi deyil ki, \u00dcmumd\u00fcnya S\u0259hiyy\u0259 T\u0259\u015fkilat\u0131n\u0131n n\u00fcmay\u0259nd\u0259l\u0259ri mart ay\u0131nda Az\u0259rbaycana g\u0259l\u0259r\u0259k, v\u0259ziyy\u0259tl\u0259 tan\u0131\u015f olaraq bildirdil\u0259r ki, Az\u0259rbaycan r\u0259hb\u0259rliyi koronavirusun yay\u0131lmamas\u0131 \u00fc\u00e7\u00fcn \u00e7ox \u00f6n\u0259mli v\u0259 t\u0259sirli t\u0259dbirl\u0259r g\u00f6r\u00fcr. Bu, h\u0259qiq\u0259t\u0259n d\u0259 bel\u0259dir.<\/p>\n<p>Bildiyiniz kimi, b\u00fct\u00fcn u\u015faq ba\u011f\u00e7alar\u0131, m\u0259kt\u0259bl\u0259r, ali m\u0259kt\u0259bl\u0259r ba\u011fland\u0131. K\u00fctl\u0259vi t\u0259dbirl\u0259rin ke\u00e7irilm\u0259si qada\u011fan edildi. Mart\u0131n 14-d\u0259n x\u00fcsusi davran\u0131\u015f qaydalar\u0131 t\u0259tbiq edildi v\u0259 ictimaiyy\u0259t\u0259 bu m\u0259s\u0259l\u0259 il\u0259 ba\u011fl\u0131 kifay\u0259t q\u0259d\u0259r m\u0259lumat verilir. X\u0259st\u0259likl\u0259, onun yay\u0131lmas\u0131 v\u0259 n\u0259tic\u0259l\u0259ri il\u0259 ba\u011fl\u0131 m\u0259nim g\u00f6st\u0259ri\u015fiml\u0259 v\u0259t\u0259nda\u015flara m\u00fcnt\u0259z\u0259m olaraq b\u00fct\u00fcn m\u0259lumatlar verilir. Karantin t\u0259dbirl\u0259ri g\u00f6r\u00fcl\u00fcr, yeni laboratoriyalar al\u0131n\u0131bd\u0131r. Q\u0131sa m\u00fcdd\u0259t \u0259rzind\u0259 \u0259n m\u00fcasir d\u00f6rd laboratoriya al\u0131n\u0131b g\u0259tirilib v\u0259 haz\u0131rda bizim laboratoriyalar\u0131m\u0131z\u0131n say\u0131 10-a \u00e7at\u0131b. Laz\u0131m olarsa, \u0259lav\u0259 laboratoriyalar al\u0131nacaqd\u0131r. On x\u0259st\u0259xana x\u00fcsusi rejimd\u0259 i\u015fl\u0259yir. Bu x\u0259st\u0259xanalar \u00f6lk\u0259mizin m\u00fcxt\u0259lif b\u00f6lg\u0259l\u0259rind\u0259 yerl\u0259\u015fir, o c\u00fcml\u0259d\u0259n Bak\u0131 \u015f\u0259h\u0259rind\u0259. Bu x\u0259st\u0259xanalarda h\u0259m x\u0259st\u0259l\u0259rin m\u00fcalic\u0259si apar\u0131l\u0131r v\u0259 h\u0259m d\u0259 karantin t\u0259dbirl\u0259ri g\u00f6r\u00fcl\u00fcr.<\/p>\n<p>Bir \u00e7ox \u00f6lk\u0259l\u0259rl\u0259 gedi\u015f-g\u0259li\u015f art\u0131q m\u0259hdudla\u015fd\u0131r\u0131ld\u0131, dem\u0259k olar ki, tamamil\u0259 aradan qald\u0131r\u0131ld\u0131. Bir \u00e7ox aviareysl\u0259r l\u0259\u011fv edildi, s\u0259rh\u0259dl\u0259rimizin ba\u011flanmas\u0131 istiqam\u0259tind\u0259 \u0259m\u0259li add\u0131mlar at\u0131ld\u0131, elektron vizalar\u0131n verilm\u0259si dayand\u0131r\u0131ld\u0131 v\u0259 x\u0259st\u0259liyin geni\u015f yay\u0131ld\u0131\u011f\u0131 \u00f6lk\u0259l\u0259rd\u0259n Az\u0259rbaycana insanlar\u0131n g\u0259lm\u0259si qada\u011fan edildi. B\u00fct\u00fcn bu t\u0259dbirl\u0259r \u0259min\u0259m ki, \u00f6z m\u00fcsb\u0259t t\u0259sirini g\u00f6st\u0259r\u0259c\u0259k. Bizim \u0259sas m\u0259qs\u0259dimiz bu x\u0259st\u0259liyin Az\u0259rbaycanda yay\u0131lmamas\u0131d\u0131r. Buna nail olmaq \u00fc\u00e7\u00fcn t\u0259kc\u0259 d\u00f6vl\u0259t t\u0259r\u0259find\u0259n g\u00f6r\u00fcl\u0259n t\u0259dbirl\u0259r kifay\u0259t deyil. D\u00f6vl\u0259t n\u0259 laz\u0131msa edir, v\u0259sait ay\u0131r\u0131r. Mart\u0131n \u0259vv\u0259lind\u0259 bu x\u0259st\u0259likl\u0259 m\u00fcbariz\u0259 \u00fc\u00e7\u00fcn 10 milyon manat v\u0259sait ayr\u0131ld\u0131. Bu g\u00fcn b\u0259yan edir\u0259m, Prezidentin ehtiyat fondundan \u0259lav\u0259 20 milyon manat ayr\u0131lacaq ki, h\u0259m bu x\u0259st\u0259liy\u0259 qar\u015f\u0131 m\u00fcbariz\u0259 daha t\u0259sirli olsun, eyni zamanda, koronavirus x\u0259st\u0259l\u0259rin\u0259 qulluq ed\u0259n h\u0259kiml\u0259rin maddi t\u0259minat\u0131 daha da y\u00fcks\u0259k olsun. Biz bunu da n\u0259z\u0259r\u0259 al\u0131r\u0131q&#8221;.<\/p>\n","protected":false},"excerpt":{"rendered":"<p>Prezidentin ehtiyat fondundan \u0259lav\u0259 20 milyon manat ayr\u0131lacaq ki, koronavirusa qar\u015f\u0131 m\u00fcbariz\u0259 daha t\u0259sirli olsun. ARANTV.AZ\u00a0\u00a0AZ\u018fRTAC-a istinad\u0259n bildirir ki,\u00a0bu s\u00f6zl\u0259ri Prezident \u0130lham \u018fliyev Novruz bayram\u0131 m\u00fcnasib\u0259til\u0259 Az\u0259rbaycan xalq\u0131na t\u0259brikind\u0259 deyib. D\u00f6vl\u0259timizin ba\u015f\u00e7\u0131s\u0131 qeyd edib: &#8220;Koronavirus x\u0259st\u0259liyi \u0259lb\u0259tt\u0259 ki, v\u0259ziyy\u0259ti \u00e7\u0259tinl\u0259\u015fdirir. B\u00fct\u00fcn bunlara baxmayaraq, hesab edir\u0259m ki, Az\u0259rbaycan bu s\u0131naqdan da \u015f\u0259r\u0259fl\u0259 v\u0259 az itkil\u0259rl\u0259 \u00e7\u0131xacaq. Buna nail olmaq \u00fc\u00e7\u00fcn biz ham\u0131m\u0131z h\u0259mr\u0259ylik g\u00f6st\u0259rm\u0259liyik, m\u0259suliyy\u0259t g\u00f6st\u0259rm\u0259liyik, birlik g\u00f6st\u0259rm\u0259liyik. D\u00fcnya \u00fc\u00e7\u00fcn bu \u00e7\u0259tin d\u00f6vrd\u0259 h\u0259m xalq\u0131m\u0131z\u0131, h\u0259m d\u00f6vl\u0259timizi qorumaq \u00fc\u00e7\u00fcn xalq\u0131m\u0131z\u0131n \u0259n \u00fclvi x\u00fcsusiyy\u0259tl\u0259rini bir daha g\u00f6st\u0259rm\u0259liyik v\u0259 bunu d\u00fcnyaya t\u0259qdim etm\u0259liyik.&hellip;<\/p>\n","protected":false},"author":2,"featured_media":143990,"comment_status":"closed","ping_status":"closed","sticky":false,"template":"","format":"standard","meta":{"om_disable_all_campaigns":false,"_monsterinsights_skip_tracking":false,"_monsterinsights_sitenote_active":false,"_monsterinsights_sitenote_note":"","_monsterinsights_sitenote_category":0},"categories":[4],"tags":[],"aioseo_notices":[],"gutentor_comment":0,"rttpg_featured_image_url":{"full":["https:\/\/arantv.az\/wp-content\/uploads\/2020\/03\/ilham_aliyev_2020_004.jpg",800,550,false],"landscape":["https:\/\/arantv.az\/wp-content\/uploads\/2020\/03\/ilham_aliyev_2020_004.jpg",800,550,false],"portraits":["https:\/\/arantv.az\/wp-content\/uploads\/2020\/03\/ilham_aliyev_2020_004.jpg",800,550,false],"thumbnail":["https:\/\/arantv.az\/wp-content\/uploads\/2020\/03\/ilham_aliyev_2020_004-150x150.jpg",150,150,true],"medium":["https:\/\/arantv.az\/wp-content\/uploads\/2020\/03\/ilham_aliyev_2020_004-300x206.jpg",300,206,true],"large":["https:\/\/arantv.az\/wp-content\/uploads\/2020\/03\/ilham_aliyev_2020_004.jpg",640,440,false],"1536x1536":["https:\/\/arantv.az\/wp-content\/uploads\/2020\/03\/ilham_aliyev_2020_004.jpg",800,550,false],"2048x2048":["https:\/\/arantv.az\/wp-content\/uploads\/2020\/03\/ilham_aliyev_2020_004.jpg",800,550,false],"post-thumbnail":["https:\/\/arantv.az\/wp-content\/uploads\/2020\/03\/ilham_aliyev_2020_004-240x172.jpg",240,172,true],"advps-thumb-one":["https:\/\/arantv.az\/wp-content\/uploads\/2020\/03\/ilham_aliyev_2020_004.jpg",800,550,false]},"rttpg_author":{"display_name":"V\u00fcsal Rafiqo\u011flu","author_link":"https:\/\/arantv.az\/?author=2"},"rttpg_comment":0,"rttpg_category":"<a href=\"https:\/\/arantv.az\/?cat=4\" rel=\"category\">Siyas\u0259t<\/a>","rttpg_excerpt":"Prezidentin ehtiyat fondundan \u0259lav\u0259 20 milyon manat ayr\u0131lacaq ki, koronavirusa qar\u015f\u0131 m\u00fcbariz\u0259 daha t\u0259sirli olsun. ARANTV.AZ\u00a0\u00a0AZ\u018fRTAC-a istinad\u0259n bildirir ki,\u00a0bu s\u00f6zl\u0259ri Prezident \u0130lham \u018fliyev Novruz bayram\u0131 m\u00fcnasib\u0259til\u0259 Az\u0259rbaycan xalq\u0131na t\u0259brikind\u0259 deyib. D\u00f6vl\u0259timizin ba\u015f\u00e7\u0131s\u0131 qeyd edib: &#8220;Koronavirus x\u0259st\u0259liyi \u0259lb\u0259tt\u0259 ki, v\u0259ziyy\u0259ti \u00e7\u0259tinl\u0259\u015fdirir. B\u00fct\u00fcn bunlara baxmayaraq, hesab edir\u0259m ki, Az\u0259rbaycan bu s\u0131naqdan da \u015f\u0259r\u0259fl\u0259 v\u0259 az itkil\u0259rl\u0259 \u00e7\u0131xacaq.&hellip;","_links":{"self":[{"href":"https:\/\/arantv.az\/index.php?rest_route=\/wp\/v2\/posts\/143989"}],"collection":[{"href":"https:\/\/arantv.az\/index.php?rest_route=\/wp\/v2\/posts"}],"about":[{"href":"https:\/\/arantv.az\/index.php?rest_route=\/wp\/v2\/types\/post"}],"author":[{"embeddable":true,"href":"https:\/\/arantv.az\/index.php?rest_route=\/wp\/v2\/users\/2"}],"replies":[{"embeddable":true,"href":"https:\/\/arantv.az\/index.php?rest_route=%2Fwp%2Fv2%2Fcomments&post=143989"}],"version-history":[{"count":0,"href":"https:\/\/arantv.az\/index.php?rest_route=\/wp\/v2\/posts\/143989\/revisions"}],"wp:featuredmedia":[{"embeddable":true,"href":"https:\/\/arantv.az\/index.php?rest_route=\/wp\/v2\/media\/143990"}],"wp:attachment":[{"href":"https:\/\/arantv.az\/index.php?rest_route=%2Fwp%2Fv2%2Fmedia&parent=143989"}],"wp:term":[{"taxonomy":"category","embeddable":true,"href":"https:\/\/arantv.az\/index.php?rest_route=%2Fwp%2Fv2%2Fcategories&post=143989"},{"taxonomy":"post_tag","embeddable":true,"href":"https:\/\/arantv.az\/index.php?rest_route=%2Fwp%2Fv2%2Ftags&post=143989"}],"curies":[{"name":"wp","href":"https:\/\/api.w.org\/{rel}","templated":true}]}}