{"id":143993,"date":"2020-03-19T14:38:51","date_gmt":"2020-03-19T11:38:51","guid":{"rendered":"http:\/\/arantv.az\/?p=143993"},"modified":"2020-03-19T14:38:51","modified_gmt":"2020-03-19T11:38:51","slug":"prezident-ilham-%c9%99liyev-baxmayaraq-ki-dunya-bazarlarinda-neftin-qiym%c9%99ti-k%c9%99skin-asagi-dusdu-bizim-butun-sosial-ohd%c9%99likl%c9%99rimiz-t%c9%99min-edil%c9%99c%c9%99k","status":"publish","type":"post","link":"https:\/\/arantv.az\/?p=143993","title":{"rendered":"Prezident \u0130lham \u018fliyev: &#8220;Baxmayaraq ki, d\u00fcnya bazarlar\u0131nda neftin qiym\u0259ti k\u0259skin a\u015fa\u011f\u0131 d\u00fc\u015fd\u00fc, bizim b\u00fct\u00fcn sosial \u00f6hd\u0259likl\u0259rimiz t\u0259min edil\u0259c\u0259k&#8221;"},"content":{"rendered":"<p><strong>Baxmayaraq ki, d\u00fcnya bazarlar\u0131nda neftin qiym\u0259ti k\u0259skin a\u015fa\u011f\u0131 d\u00fc\u015fd\u00fc, bizim b\u00fct\u00fcn sosial \u00f6hd\u0259likl\u0259rimiz t\u0259min edil\u0259c\u0259k.<\/strong><\/p>\n<p><strong>ARANTV.AZ\u00a0\u00a0<\/strong><a href=\"http:\/\/azertag.az\/\" target=\"_blank\" rel=\"noopener\">AZ\u018fRTAC<\/a>-a istinad\u0259n bildirir ki,\u00a0bu s\u00f6zl\u0259ri Prezident \u0130lham \u018fliyev Novruz bayram\u0131 m\u00fcnasib\u0259til\u0259 Az\u0259rbaycan xalq\u0131na t\u0259brikind\u0259 deyib.<\/p>\n<p>D\u00f6vl\u0259timizin ba\u015f\u00e7\u0131s\u0131 qeyd edib:<\/p>\n<p>&#8220;Bu il iqtisadi sah\u0259d\u0259 \u0259ld\u0259 edilmi\u015f u\u011furlar \u0259lb\u0259tt\u0259 ki, bizi \u00e7ox sevindirir. \u0130ki ayda \u00fcmumi daxili m\u0259hsul 2,8 faiz artm\u0131\u015fd\u0131r. Qeyri-neft sektorunda iqtisadiyyat 6,7 faiz artm\u0131\u015fd\u0131r. Qeyri-neft sektorunda s\u0259naye istehsal\u0131 21,7 faiz artm\u0131\u015fd\u0131r. \u018fhalinin pul g\u0259lirl\u0259ri 9 faiz artm\u0131\u015fd\u0131r, inflyasiya is\u0259 c\u0259mi 2,8 faizdir.<\/p>\n<p>Yen\u0259 d\u0259 islahatlar hesab\u0131na v\u0259 \u015f\u0259ffafl\u0131q t\u0259dbirl\u0259rinin g\u00f6r\u00fclm\u0259si n\u0259tic\u0259sind\u0259 iki ayda d\u00f6vl\u0259t b\u00fcdc\u0259sin\u0259 proqnozdan \u0259lav\u0259 252 milyon manat daxil edilmi\u015fdir. Bu, bir daha onu g\u00f6st\u0259rir ki, \u015f\u0259ffafl\u0131qla ba\u011fl\u0131 g\u00f6r\u00fcl\u0259n t\u0259dbirl\u0259r, k\u00f6lg\u0259 iqtisadiyyat\u0131na qar\u015f\u0131 apar\u0131lan siyas\u0259t \u00f6z n\u0259tic\u0259sini verm\u0259kd\u0259dir. \u018fmin\u0259m ki, bu m\u00fcsb\u0259t meyil ilin sonuna q\u0259d\u0259r davam ed\u0259c\u0259k v\u0259 Az\u0259rbaycan iqtisadiyyat\u0131n\u0131n haz\u0131rda k\u00f6lg\u0259d\u0259 olan hiss\u0259si k\u00f6lg\u0259d\u0259n \u00e7\u0131xacaq. Burada t\u0259kc\u0259 d\u00f6vl\u0259t orqanlar\u0131n\u0131n f\u0259aliyy\u0259ti kifay\u0259t deyil. Biznes dair\u0259l\u0259ri d\u0259 \u00f6z m\u0259suliyy\u0259tini d\u0259rk etm\u0259li v\u0259 \u0259yri yola getm\u0259m\u0259lidirl\u0259r, \u00f6z f\u0259aliyy\u0259tini k\u00f6lg\u0259d\u0259n \u00e7\u0131xarmal\u0131d\u0131rlar v\u0259 d\u00f6vl\u0259tin vergisini son q\u0259piyin\u0259 q\u0259d\u0259r \u00f6d\u0259m\u0259lidirl\u0259r. \u00c7\u00fcnki bilm\u0259lidirl\u0259r ki, bu vergil\u0259r insanlar\u0131n maa\u015flar\u0131n\u0131n, pensiyalar\u0131n\u0131n art\u0131r\u0131lmas\u0131na istiqam\u0259tl\u0259ndirilir.<\/p>\n<p>Bu il sosial sah\u0259d\u0259 b\u00f6y\u00fck i\u015fl\u0259rin g\u00f6r\u00fclm\u0259si n\u0259z\u0259rd\u0259 tutulur. \u0130lin \u0259vv\u0259lind\u0259n \u00fc\u00e7 b\u00f6y\u00fck x\u0259st\u0259xana m\u0259nim i\u015ftirak\u0131mla a\u00e7\u0131lm\u0131\u015fd\u0131r &#8211; Goranboy, \u015e\u0259mkir v\u0259 Qazax \u015f\u0259h\u0259rl\u0259rind\u0259. Yen\u0259 d\u0259 x\u0259st\u0259xanalar\u0131n a\u00e7\u0131lmas\u0131 n\u0259z\u0259rd\u0259 tutulur v\u0259 sosial infrastrukturun yarad\u0131lmas\u0131 istiqam\u0259tind\u0259 i\u015fl\u0259r apar\u0131lacaqd\u0131r. Baxmayaraq ki, d\u00fcnya bazarlar\u0131nda neftin qiym\u0259ti k\u0259skin a\u015fa\u011f\u0131 d\u00fc\u015fd\u00fc, bizim b\u00fct\u00fcn sosial \u00f6hd\u0259likl\u0259rimiz t\u0259min edil\u0259c\u0259k. Baxmayaraq ki, ke\u00e7\u0259n il g\u00f6r\u00fclm\u00fc\u015f t\u0259dbirl\u0259r v\u0259 q\u0259bul edilmi\u015f q\u0259rarlar n\u0259tic\u0259sind\u0259 bizim sosial sah\u0259y\u0259 n\u0259z\u0259rd\u0259 tutulan b\u00fcdc\u0259 x\u0259rcl\u0259rimiz kifay\u0259t q\u0259d\u0259r artm\u0131\u015fd\u0131r, ancaq b\u00fct\u00fcn sosial \u00f6hd\u0259likl\u0259r yerin\u0259 yetiril\u0259c\u0259k v\u0259 b\u00fct\u00fcn sosial infrastruktur layih\u0259l\u0259ri tam icra edil\u0259c\u0259k.<\/p>\n<p>M\u0259cburi k\u00f6\u00e7k\u00fcnl\u0259rin ya\u015fay\u0131\u015f \u015f\u0259raitinin yax\u015f\u0131la\u015fd\u0131r\u0131lmas\u0131 \u00fc\u00e7\u00fcn n\u0259z\u0259rd\u0259 tutulmu\u015f 7 min m\u0259nzil tikilib istifad\u0259y\u0259 veril\u0259c\u0259k. \u015e\u0259hid ail\u0259l\u0259ri \u00fc\u00e7\u00fcn n\u0259z\u0259rd\u0259 tutulan 1500 m\u0259nzil tikilib istifad\u0259y\u0259 veril\u0259c\u0259kdir. Bu m\u0259s\u0259l\u0259 il\u0259 ba\u011fl\u0131 he\u00e7 bir \u015f\u00fcbh\u0259 olmamal\u0131d\u0131r. \u018fmin\u0259m ki, biz 2020-ci ili d\u0259 u\u011furla ba\u015fa vuraca\u011f\u0131q. Halbuki bu g\u00fcn bir \u00e7ox \u00f6lk\u0259l\u0259r b\u00f6y\u00fck \u00e7\u0259tinlikl\u0259rl\u0259 \u00fczl\u0259\u015fibl\u0259r. Bu \u00f6lk\u0259l\u0259rd\u0259 h\u0259m siyasi sabitlik pozulur, h\u0259m iqtisadi b\u00f6hran ya\u015fan\u0131r v\u0259 o c\u00fcml\u0259d\u0259n neft hasil ed\u0259n \u00f6lk\u0259l\u0259rin b\u0259zil\u0259ri art\u0131q neftin qiym\u0259tinin d\u00fc\u015fm\u0259sind\u0259n \u0259ziyy\u0259t \u00e7\u0259km\u0259y\u0259 ba\u015flay\u0131blar&#8221;.<\/p>\n","protected":false},"excerpt":{"rendered":"<p>Baxmayaraq ki, d\u00fcnya bazarlar\u0131nda neftin qiym\u0259ti k\u0259skin a\u015fa\u011f\u0131 d\u00fc\u015fd\u00fc, bizim b\u00fct\u00fcn sosial \u00f6hd\u0259likl\u0259rimiz t\u0259min edil\u0259c\u0259k. ARANTV.AZ\u00a0\u00a0AZ\u018fRTAC-a istinad\u0259n bildirir ki,\u00a0bu s\u00f6zl\u0259ri Prezident \u0130lham \u018fliyev Novruz bayram\u0131 m\u00fcnasib\u0259til\u0259 Az\u0259rbaycan xalq\u0131na t\u0259brikind\u0259 deyib. D\u00f6vl\u0259timizin ba\u015f\u00e7\u0131s\u0131 qeyd edib: &#8220;Bu il iqtisadi sah\u0259d\u0259 \u0259ld\u0259 edilmi\u015f u\u011furlar \u0259lb\u0259tt\u0259 ki, bizi \u00e7ox sevindirir. \u0130ki ayda \u00fcmumi daxili m\u0259hsul 2,8 faiz artm\u0131\u015fd\u0131r. Qeyri-neft sektorunda iqtisadiyyat 6,7 faiz artm\u0131\u015fd\u0131r. Qeyri-neft sektorunda s\u0259naye istehsal\u0131 21,7 faiz artm\u0131\u015fd\u0131r. \u018fhalinin pul g\u0259lirl\u0259ri 9 faiz artm\u0131\u015fd\u0131r, inflyasiya is\u0259 c\u0259mi 2,8 faizdir. Yen\u0259 d\u0259 islahatlar hesab\u0131na v\u0259 \u015f\u0259ffafl\u0131q t\u0259dbirl\u0259rinin g\u00f6r\u00fclm\u0259si n\u0259tic\u0259sind\u0259 iki ayda d\u00f6vl\u0259t&hellip;<\/p>\n","protected":false},"author":2,"featured_media":143994,"comment_status":"closed","ping_status":"closed","sticky":false,"template":"","format":"standard","meta":{"om_disable_all_campaigns":false,"_monsterinsights_skip_tracking":false,"_monsterinsights_sitenote_active":false,"_monsterinsights_sitenote_note":"","_monsterinsights_sitenote_category":0},"categories":[4],"tags":[],"aioseo_notices":[],"gutentor_comment":0,"rttpg_featured_image_url":{"full":["https:\/\/arantv.az\/wp-content\/uploads\/2020\/03\/ilham_aliyev_2020_003.jpg",800,550,false],"landscape":["https:\/\/arantv.az\/wp-content\/uploads\/2020\/03\/ilham_aliyev_2020_003.jpg",800,550,false],"portraits":["https:\/\/arantv.az\/wp-content\/uploads\/2020\/03\/ilham_aliyev_2020_003.jpg",800,550,false],"thumbnail":["https:\/\/arantv.az\/wp-content\/uploads\/2020\/03\/ilham_aliyev_2020_003-150x150.jpg",150,150,true],"medium":["https:\/\/arantv.az\/wp-content\/uploads\/2020\/03\/ilham_aliyev_2020_003-300x206.jpg",300,206,true],"large":["https:\/\/arantv.az\/wp-content\/uploads\/2020\/03\/ilham_aliyev_2020_003.jpg",640,440,false],"1536x1536":["https:\/\/arantv.az\/wp-content\/uploads\/2020\/03\/ilham_aliyev_2020_003.jpg",800,550,false],"2048x2048":["https:\/\/arantv.az\/wp-content\/uploads\/2020\/03\/ilham_aliyev_2020_003.jpg",800,550,false],"post-thumbnail":["https:\/\/arantv.az\/wp-content\/uploads\/2020\/03\/ilham_aliyev_2020_003-240x172.jpg",240,172,true],"advps-thumb-one":["https:\/\/arantv.az\/wp-content\/uploads\/2020\/03\/ilham_aliyev_2020_003.jpg",800,550,false]},"rttpg_author":{"display_name":"V\u00fcsal Rafiqo\u011flu","author_link":"https:\/\/arantv.az\/?author=2"},"rttpg_comment":0,"rttpg_category":"<a href=\"https:\/\/arantv.az\/?cat=4\" rel=\"category\">Siyas\u0259t<\/a>","rttpg_excerpt":"Baxmayaraq ki, d\u00fcnya bazarlar\u0131nda neftin qiym\u0259ti k\u0259skin a\u015fa\u011f\u0131 d\u00fc\u015fd\u00fc, bizim b\u00fct\u00fcn sosial \u00f6hd\u0259likl\u0259rimiz t\u0259min edil\u0259c\u0259k. ARANTV.AZ\u00a0\u00a0AZ\u018fRTAC-a istinad\u0259n bildirir ki,\u00a0bu s\u00f6zl\u0259ri Prezident \u0130lham \u018fliyev Novruz bayram\u0131 m\u00fcnasib\u0259til\u0259 Az\u0259rbaycan xalq\u0131na t\u0259brikind\u0259 deyib. D\u00f6vl\u0259timizin ba\u015f\u00e7\u0131s\u0131 qeyd edib: &#8220;Bu il iqtisadi sah\u0259d\u0259 \u0259ld\u0259 edilmi\u015f u\u011furlar \u0259lb\u0259tt\u0259 ki, bizi \u00e7ox sevindirir. \u0130ki ayda \u00fcmumi daxili m\u0259hsul 2,8 faiz artm\u0131\u015fd\u0131r. Qeyri-neft&hellip;","_links":{"self":[{"href":"https:\/\/arantv.az\/index.php?rest_route=\/wp\/v2\/posts\/143993"}],"collection":[{"href":"https:\/\/arantv.az\/index.php?rest_route=\/wp\/v2\/posts"}],"about":[{"href":"https:\/\/arantv.az\/index.php?rest_route=\/wp\/v2\/types\/post"}],"author":[{"embeddable":true,"href":"https:\/\/arantv.az\/index.php?rest_route=\/wp\/v2\/users\/2"}],"replies":[{"embeddable":true,"href":"https:\/\/arantv.az\/index.php?rest_route=%2Fwp%2Fv2%2Fcomments&post=143993"}],"version-history":[{"count":0,"href":"https:\/\/arantv.az\/index.php?rest_route=\/wp\/v2\/posts\/143993\/revisions"}],"wp:featuredmedia":[{"embeddable":true,"href":"https:\/\/arantv.az\/index.php?rest_route=\/wp\/v2\/media\/143994"}],"wp:attachment":[{"href":"https:\/\/arantv.az\/index.php?rest_route=%2Fwp%2Fv2%2Fmedia&parent=143993"}],"wp:term":[{"taxonomy":"category","embeddable":true,"href":"https:\/\/arantv.az\/index.php?rest_route=%2Fwp%2Fv2%2Fcategories&post=143993"},{"taxonomy":"post_tag","embeddable":true,"href":"https:\/\/arantv.az\/index.php?rest_route=%2Fwp%2Fv2%2Ftags&post=143993"}],"curies":[{"name":"wp","href":"https:\/\/api.w.org\/{rel}","templated":true}]}}