{"id":143997,"date":"2020-03-19T14:40:59","date_gmt":"2020-03-19T11:40:59","guid":{"rendered":"http:\/\/arantv.az\/?p=143997"},"modified":"2020-03-19T14:40:59","modified_gmt":"2020-03-19T11:40:59","slug":"beyn%c9%99lxalq-%c9%99m%c9%99k-t%c9%99skilatindan-sok-25-milyon-n%c9%99f%c9%99r-issiz-qala-bil%c9%99r","status":"publish","type":"post","link":"https:\/\/arantv.az\/?p=143997","title":{"rendered":"Beyn\u0259lxalq \u018fm\u0259k T\u0259\u015fkilat\u0131ndan \u015eOK: 25 milyon n\u0259f\u0259r i\u015fsiz qala bil\u0259r"},"content":{"rendered":"<p><strong>Beyn\u0259lxalq \u018fm\u0259k T\u0259\u015fkilat\u0131 koronavirus pandemiyas\u0131 il\u0259 \u0259laq\u0259dar geni\u015fmiqyasl\u0131 i\u015fsizlik proqnozla\u015fd\u0131r\u0131b.<\/strong><\/p>\n<p><strong>ARANTV.AZ\u00a0\u00a0<\/strong><a href=\"https:\/\/az.trend.az\/\" target=\"_blank\" rel=\"noopener\">Trend<\/a>-\u0259 istinad\u0259n x\u0259b\u0259r verir ki, m\u00fct\u0259x\u0259ssisl\u0259r hesab edir ki, d\u00f6vl\u0259tl\u0259r i\u015f\u00e7il\u0259rin m\u00fcdafi\u0259si \u00fc\u00e7\u00fcn t\u0259cili t\u0259dbirl\u0259r g\u00f6rm\u0259s\u0259, 25 milyon \u015f\u0259xs i\u015f yerl\u0259rind\u0259n m\u0259hrum ola bil\u0259r.<\/p>\n<p>M\u00fcqayis\u0259 \u00fc\u00e7\u00fcn qeyd ed\u0259k ki, 2008-ci ild\u0259 qlobal maliyy\u0259 b\u00f6hran\u0131 n\u0259tic\u0259sind\u0259 22 milyon n\u0259f\u0259r i\u015fsiz qalm\u0131\u015fd\u0131.<\/p>\n<p>Xat\u0131rladaq ki, bu g\u00fcn\u0259d\u0259k d\u00fcnyan\u0131n 176 \u00f6lk\u0259sind\u0259 220 313 n\u0259f\u0259r koronavirusa yoluxub, 8 983 n\u0259f\u0259r v\u0259fat edib.<\/p>\n","protected":false},"excerpt":{"rendered":"<p>Beyn\u0259lxalq \u018fm\u0259k T\u0259\u015fkilat\u0131 koronavirus pandemiyas\u0131 il\u0259 \u0259laq\u0259dar geni\u015fmiqyasl\u0131 i\u015fsizlik proqnozla\u015fd\u0131r\u0131b. ARANTV.AZ\u00a0\u00a0Trend-\u0259 istinad\u0259n x\u0259b\u0259r verir ki, m\u00fct\u0259x\u0259ssisl\u0259r hesab edir ki, d\u00f6vl\u0259tl\u0259r i\u015f\u00e7il\u0259rin m\u00fcdafi\u0259si \u00fc\u00e7\u00fcn t\u0259cili t\u0259dbirl\u0259r g\u00f6rm\u0259s\u0259, 25 milyon \u015f\u0259xs i\u015f yerl\u0259rind\u0259n m\u0259hrum ola bil\u0259r. M\u00fcqayis\u0259 \u00fc\u00e7\u00fcn qeyd ed\u0259k ki, 2008-ci ild\u0259 qlobal maliyy\u0259 b\u00f6hran\u0131 n\u0259tic\u0259sind\u0259 22 milyon n\u0259f\u0259r i\u015fsiz qalm\u0131\u015fd\u0131. Xat\u0131rladaq ki, bu g\u00fcn\u0259d\u0259k d\u00fcnyan\u0131n 176 \u00f6lk\u0259sind\u0259 220 313 n\u0259f\u0259r koronavirusa yoluxub, 8 983 n\u0259f\u0259r v\u0259fat edib.<\/p>\n","protected":false},"author":2,"featured_media":143998,"comment_status":"closed","ping_status":"closed","sticky":false,"template":"","format":"standard","meta":{"om_disable_all_campaigns":false,"_monsterinsights_skip_tracking":false,"_monsterinsights_sitenote_active":false,"_monsterinsights_sitenote_note":"","_monsterinsights_sitenote_category":0},"categories":[7],"tags":[],"aioseo_notices":[],"gutentor_comment":0,"rttpg_featured_image_url":{"full":["https:\/\/arantv.az\/wp-content\/uploads\/2020\/03\/835149.jpg",1280,853,false],"landscape":["https:\/\/arantv.az\/wp-content\/uploads\/2020\/03\/835149.jpg",1280,853,false],"portraits":["https:\/\/arantv.az\/wp-content\/uploads\/2020\/03\/835149.jpg",1280,853,false],"thumbnail":["https:\/\/arantv.az\/wp-content\/uploads\/2020\/03\/835149-150x150.jpg",150,150,true],"medium":["https:\/\/arantv.az\/wp-content\/uploads\/2020\/03\/835149-300x200.jpg",300,200,true],"large":["https:\/\/arantv.az\/wp-content\/uploads\/2020\/03\/835149-1024x682.jpg",640,426,true],"1536x1536":["https:\/\/arantv.az\/wp-content\/uploads\/2020\/03\/835149.jpg",1280,853,false],"2048x2048":["https:\/\/arantv.az\/wp-content\/uploads\/2020\/03\/835149.jpg",1280,853,false],"post-thumbnail":["https:\/\/arantv.az\/wp-content\/uploads\/2020\/03\/835149-240x172.jpg",240,172,true],"advps-thumb-one":["https:\/\/arantv.az\/wp-content\/uploads\/2020\/03\/835149-1200x620.jpg",1200,620,true]},"rttpg_author":{"display_name":"V\u00fcsal Rafiqo\u011flu","author_link":"https:\/\/arantv.az\/?author=2"},"rttpg_comment":0,"rttpg_category":"<a href=\"https:\/\/arantv.az\/?cat=7\" rel=\"category\">D\u00fcnya<\/a>","rttpg_excerpt":"Beyn\u0259lxalq \u018fm\u0259k T\u0259\u015fkilat\u0131 koronavirus pandemiyas\u0131 il\u0259 \u0259laq\u0259dar geni\u015fmiqyasl\u0131 i\u015fsizlik proqnozla\u015fd\u0131r\u0131b. ARANTV.AZ\u00a0\u00a0Trend-\u0259 istinad\u0259n x\u0259b\u0259r verir ki, m\u00fct\u0259x\u0259ssisl\u0259r hesab edir ki, d\u00f6vl\u0259tl\u0259r i\u015f\u00e7il\u0259rin m\u00fcdafi\u0259si \u00fc\u00e7\u00fcn t\u0259cili t\u0259dbirl\u0259r g\u00f6rm\u0259s\u0259, 25 milyon \u015f\u0259xs i\u015f yerl\u0259rind\u0259n m\u0259hrum ola bil\u0259r. M\u00fcqayis\u0259 \u00fc\u00e7\u00fcn qeyd ed\u0259k ki, 2008-ci ild\u0259 qlobal maliyy\u0259 b\u00f6hran\u0131 n\u0259tic\u0259sind\u0259 22 milyon n\u0259f\u0259r i\u015fsiz qalm\u0131\u015fd\u0131. Xat\u0131rladaq ki, bu g\u00fcn\u0259d\u0259k d\u00fcnyan\u0131n&hellip;","_links":{"self":[{"href":"https:\/\/arantv.az\/index.php?rest_route=\/wp\/v2\/posts\/143997"}],"collection":[{"href":"https:\/\/arantv.az\/index.php?rest_route=\/wp\/v2\/posts"}],"about":[{"href":"https:\/\/arantv.az\/index.php?rest_route=\/wp\/v2\/types\/post"}],"author":[{"embeddable":true,"href":"https:\/\/arantv.az\/index.php?rest_route=\/wp\/v2\/users\/2"}],"replies":[{"embeddable":true,"href":"https:\/\/arantv.az\/index.php?rest_route=%2Fwp%2Fv2%2Fcomments&post=143997"}],"version-history":[{"count":0,"href":"https:\/\/arantv.az\/index.php?rest_route=\/wp\/v2\/posts\/143997\/revisions"}],"wp:featuredmedia":[{"embeddable":true,"href":"https:\/\/arantv.az\/index.php?rest_route=\/wp\/v2\/media\/143998"}],"wp:attachment":[{"href":"https:\/\/arantv.az\/index.php?rest_route=%2Fwp%2Fv2%2Fmedia&parent=143997"}],"wp:term":[{"taxonomy":"category","embeddable":true,"href":"https:\/\/arantv.az\/index.php?rest_route=%2Fwp%2Fv2%2Fcategories&post=143997"},{"taxonomy":"post_tag","embeddable":true,"href":"https:\/\/arantv.az\/index.php?rest_route=%2Fwp%2Fv2%2Ftags&post=143997"}],"curies":[{"name":"wp","href":"https:\/\/api.w.org\/{rel}","templated":true}]}}