{"id":144001,"date":"2020-03-19T14:41:59","date_gmt":"2020-03-19T11:41:59","guid":{"rendered":"http:\/\/arantv.az\/?p=144001"},"modified":"2020-03-19T14:41:59","modified_gmt":"2020-03-19T11:41:59","slug":"az%c9%99rbaycan-prezidenti-munxen-t%c9%99hluk%c9%99sizlik-konfransinda-erm%c9%99nistanin-v%c9%99-dunya-erm%c9%99niliyinin-uzun-ill%c9%99r-%c9%99rzind%c9%99-apardigi-t%c9%99bligata-sarsidici-z%c9%99","status":"publish","type":"post","link":"https:\/\/arantv.az\/?p=144001","title":{"rendered":"Az\u0259rbaycan Prezidenti: &#8220;M\u00fcnxen T\u0259hl\u00fck\u0259sizlik Konfrans\u0131nda Erm\u0259nistan\u0131n v\u0259 d\u00fcnya erm\u0259niliyinin uzun ill\u0259r \u0259rzind\u0259 apard\u0131\u011f\u0131 t\u0259bli\u011fata sars\u0131d\u0131c\u0131 z\u0259rb\u0259 vurulmu\u015fdur&#8221;"},"content":{"rendered":"<p>&#8220;M\u00fcnxen T\u0259hl\u00fck\u0259sizlik Konfrans\u0131nda Erm\u0259nistan\u0131n v\u0259 d\u00fcnya erm\u0259niliyinin uzun ill\u0259r \u0259rzind\u0259 apard\u0131\u011f\u0131 t\u0259bli\u011fata sars\u0131d\u0131c\u0131 z\u0259rb\u0259 vurulmu\u015fdur&#8221;.<\/p>\n<p><strong>ARANTV.AZ\u00a0<\/strong><a href=\"https:\/\/azertag.az\/\" target=\"_blank\" rel=\"noopener\">AZ\u018fRTAC<\/a>-a istinad\u0259n x\u0259b\u0259r verir ki, bu s\u00f6zl\u0259ri Prezident \u0130lham \u018fliyev Novruz bayram\u0131 m\u00fcnasib\u0259til\u0259 Az\u0259rbaycan xalq\u0131na t\u0259brikind\u0259 deyib.<\/p>\n<p>D\u00f6vl\u0259timizin ba\u015f\u00e7\u0131s\u0131 qeyd edib:<\/p>\n<p>&#8220;\u0130lin \u0259vv\u0259lind\u0259n bizim beyn\u0259lxalq m\u00f6vqel\u0259rimiz daha da m\u00f6hk\u0259ml\u0259ndi. M\u0259nim xarici t\u0259r\u0259fda\u015flar\u0131mla ikit\u0259r\u0259fli formatda ke\u00e7irilmi\u015f g\u00f6r\u00fc\u015fl\u0259r bir daha onu g\u00f6st\u0259rdi ki, Az\u0259rbaycan\u0131n d\u00fcnyada \u00e7ox b\u00f6y\u00fck h\u00f6rm\u0259ti var v\u0259 bizim siyas\u0259timiz\u0259 b\u00f6y\u00fck r\u0259\u011fb\u0259t var. Eyni zamanda, beyn\u0259lxalq t\u0259dbirl\u0259rd\u0259 m\u0259nim i\u015ftirak\u0131m \u00f6lk\u0259mizin m\u00f6vqel\u0259rini daha da g\u00fccl\u0259ndirdi. Bildiyiniz kimi, Davos \u00dcmumd\u00fcnya \u0130qtisadi Forumu d\u00fcnyan\u0131n bir n\u00f6mr\u0259li siyasi v\u0259 iqtisadi forumudur. D\u00fcnyan\u0131n siyasi v\u0259 biznes elitas\u0131 bu forumda i\u015ftirak edir. M\u0259n bu forumda ard\u0131c\u0131l olaraq uzun ill\u0259rdir ki, i\u015ftirak edir\u0259m v\u0259 h\u0259r bir i\u015ftirak \u00f6lk\u0259miz\u0259 yeni dividendl\u0259r g\u0259tirir, h\u0259m siyasi, h\u0259m iqtisadi. Bu d\u0259f\u0259 bir daha \u0259min oldum ki, Az\u0259rbaycanda ged\u0259n prosesl\u0259r\u0259 b\u00f6y\u00fck maraq var. B\u00fct\u00fcn t\u0259r\u0259fm\u00fcqabill\u0259rim dem\u0259k olar bir m\u0259s\u0259l\u0259ni qeyd edirdil\u0259r ki, Az\u0259rbaycan sabit \u00f6lk\u0259dir v\u0259 bu g\u00fcn qeyri-sabit b\u00f6lg\u0259d\u0259, qeyri-sabit d\u00fcnyada sabitliyi qorumaq b\u00f6y\u00fck m\u0259har\u0259t v\u0259 siyasi s\u0259ri\u015ft\u0259 t\u0259l\u0259b edir. Sabitliyin m\u00f6vcudlu\u011funa g\u00f6r\u0259 Az\u0259rbaycana s\u0259rmay\u0259 qoyulu\u015fu da t\u0259min edilir. Ke\u00e7\u0259n il 13,5 milyard dollar xarici s\u0259rmay\u0259 qoyulubdur, bu ilin yanvar ay\u0131nda b\u0259rpaolunan enerji n\u00f6vl\u0259rinin yarad\u0131lmas\u0131na y\u00f6n\u0259lmi\u015f 440 milyon dollar xarici s\u0259rmay\u0259nin qoyulu\u015fu il\u0259 \u0259laq\u0259dar m\u00fcvafiq s\u0259n\u0259dl\u0259r imzalanm\u0131\u015fd\u0131r. \u00dcmumiyy\u0259tl\u0259, Davos \u0130qtisadi Forumunda bizim i\u015ftirak\u0131m\u0131z \u00e7ox u\u011furlu olub. Davos \u00dcmumd\u00fcnya \u0130qtisadi Forumunun D\u00f6rd\u00fcnc\u00fc S\u0259naye \u0130nqilab\u0131 \u00fczr\u0259 regional m\u0259rk\u0259zi m\u0259hz Az\u0259rbaycanda yarad\u0131lacaq. Bu m\u0259rk\u0259z Qafqaz-Orta Asiya m\u0259kan\u0131n\u0131 \u0259hat\u0259 ed\u0259c\u0259kdir v\u0259 m\u00fcvafiq s\u0259n\u0259d d\u0259 imzalanm\u0131\u015fd\u0131r. Bu, bir daha bizim g\u00fccl\u00fc m\u00f6vqel\u0259rimizi ifad\u0259 edir.<\/p>\n<p>Eyni zamanda, hesab edir\u0259m ki, d\u00fcnyada t\u0259hl\u00fck\u0259sizlik sah\u0259sind\u0259 dig\u0259r bir n\u00f6mr\u0259li konfrans M\u00fcnxen T\u0259hl\u00fck\u0259sizlik Konfrans\u0131d\u0131r. Bu konfransda da m\u0259n m\u00fcnt\u0259z\u0259m olaraq i\u015ftirak edir\u0259m v\u0259 h\u0259r d\u0259f\u0259 Az\u0259rbaycan h\u0259qiq\u0259tl\u0259rini geni\u015f auditoriyaya \u00e7atd\u0131r\u0131ram. O c\u00fcml\u0259d\u0259n Erm\u0259nistan-Az\u0259rbaycan Da\u011fl\u0131q Qaraba\u011f m\u00fcnaqi\u015f\u0259si il\u0259 ba\u011fl\u0131 Az\u0259rbaycan\u0131n m\u00f6vqeyini, haql\u0131 oldu\u011funu v\u0259 tarixi aspektl\u0259ri \u00e7atd\u0131r\u0131ram. Bu d\u0259f\u0259 is\u0259 daha g\u00f6z\u0259l f\u00fcrs\u0259t yaranm\u0131\u015fd\u0131r, Az\u0259rbaycan xalq\u0131n\u0131n v\u0259 d\u00fcnyan\u0131n g\u00f6z\u00fc qar\u015f\u0131s\u0131nda Az\u0259rbaycan \u00f6z \u00fcst\u00fcnl\u00fcy\u00fcn\u00fc bir daha ifad\u0259 etmi\u015fdir. Tarixi h\u0259qiq\u0259t, beyn\u0259lxalq h\u00fcququn normalar\u0131 bizim t\u0259r\u0259fimizd\u0259dir. M\u00fcnxen T\u0259hl\u00fck\u0259sizlik Konfrans\u0131nda Erm\u0259nistan\u0131n v\u0259 d\u00fcnya erm\u0259niliyinin uzun ill\u0259r \u0259rzind\u0259 apard\u0131\u011f\u0131 t\u0259bli\u011fata sars\u0131d\u0131c\u0131 z\u0259rb\u0259 vurulmu\u015fdur. Dem\u0259k olar ki, onlar\u0131n t\u0259bli\u011fat\u0131 s\u00fcbutlar, tarixi faktlar, beyn\u0259lxalq t\u0259\u015fkilatlar\u0131n q\u0259bul etdikl\u0259ri q\u0259tnam\u0259l\u0259r v\u0259 q\u0259rarlar \u0259sas\u0131nda darmada\u011f\u0131n edilmi\u015fdir. Hesab edir\u0259m ki, bu sars\u0131d\u0131c\u0131 z\u0259rb\u0259 erm\u0259ni t\u0259bli\u011fat\u0131n\u0131n sonudur. M\u00fcnxen T\u0259hl\u00fck\u0259sizlik Konfrans\u0131n\u0131n auditoriyas\u0131 kifay\u0259t q\u0259d\u0259r geni\u015fdir. Az\u0259rbaycan v\u0259 Erm\u0259nistan r\u0259hb\u0259rl\u0259rinin canl\u0131 debat\u0131n\u0131n ilk d\u0259f\u0259 ke\u00e7irildiyini n\u0259z\u0259r\u0259 alsaq, t\u0259s\u0259vv\u00fcr etm\u0259k \u00e7\u0259tin deyil ki, bu debatlara \u00e7ox b\u00f6y\u00fck maraq var idi v\u0259 milyonlarla insan bu debatlar\u0131 h\u0259m canl\u0131 formatda, h\u0259m d\u0259 ondan sonra izl\u0259y\u0259 bilmi\u015fdir. Ona g\u00f6r\u0259 bizim haqq i\u015fimiz bir daha \u00f6z t\u0259sdiqini tapd\u0131 v\u0259 b\u00fct\u00fcn d\u00fcnya bir daha g\u00f6rd\u00fc ki, &#8211; m\u0259n bunu Valday Forumunda da canl\u0131 efird\u0259 demi\u015fdim, &#8211; Qaraba\u011f Az\u0259rbaycand\u0131r v\u0259 nida i\u015far\u0259si&#8221;.<\/p>\n","protected":false},"excerpt":{"rendered":"<p>&#8220;M\u00fcnxen T\u0259hl\u00fck\u0259sizlik Konfrans\u0131nda Erm\u0259nistan\u0131n v\u0259 d\u00fcnya erm\u0259niliyinin uzun ill\u0259r \u0259rzind\u0259 apard\u0131\u011f\u0131 t\u0259bli\u011fata sars\u0131d\u0131c\u0131 z\u0259rb\u0259 vurulmu\u015fdur&#8221;. ARANTV.AZ\u00a0AZ\u018fRTAC-a istinad\u0259n x\u0259b\u0259r verir ki, bu s\u00f6zl\u0259ri Prezident \u0130lham \u018fliyev Novruz bayram\u0131 m\u00fcnasib\u0259til\u0259 Az\u0259rbaycan xalq\u0131na t\u0259brikind\u0259 deyib. D\u00f6vl\u0259timizin ba\u015f\u00e7\u0131s\u0131 qeyd edib: &#8220;\u0130lin \u0259vv\u0259lind\u0259n bizim beyn\u0259lxalq m\u00f6vqel\u0259rimiz daha da m\u00f6hk\u0259ml\u0259ndi. M\u0259nim xarici t\u0259r\u0259fda\u015flar\u0131mla ikit\u0259r\u0259fli formatda ke\u00e7irilmi\u015f g\u00f6r\u00fc\u015fl\u0259r bir daha onu g\u00f6st\u0259rdi ki, Az\u0259rbaycan\u0131n d\u00fcnyada \u00e7ox b\u00f6y\u00fck h\u00f6rm\u0259ti var v\u0259 bizim siyas\u0259timiz\u0259 b\u00f6y\u00fck r\u0259\u011fb\u0259t var. Eyni zamanda, beyn\u0259lxalq t\u0259dbirl\u0259rd\u0259 m\u0259nim i\u015ftirak\u0131m \u00f6lk\u0259mizin m\u00f6vqel\u0259rini daha da g\u00fccl\u0259ndirdi. Bildiyiniz kimi, Davos \u00dcmumd\u00fcnya \u0130qtisadi Forumu d\u00fcnyan\u0131n bir n\u00f6mr\u0259li siyasi v\u0259&hellip;<\/p>\n","protected":false},"author":2,"featured_media":144002,"comment_status":"closed","ping_status":"closed","sticky":false,"template":"","format":"standard","meta":{"om_disable_all_campaigns":false,"_monsterinsights_skip_tracking":false,"_monsterinsights_sitenote_active":false,"_monsterinsights_sitenote_note":"","_monsterinsights_sitenote_category":0},"categories":[8],"tags":[],"aioseo_notices":[],"gutentor_comment":0,"rttpg_featured_image_url":{"full":["https:\/\/arantv.az\/wp-content\/uploads\/2020\/03\/ilham_aliyev_2020_004-1.jpg",800,550,false],"landscape":["https:\/\/arantv.az\/wp-content\/uploads\/2020\/03\/ilham_aliyev_2020_004-1.jpg",800,550,false],"portraits":["https:\/\/arantv.az\/wp-content\/uploads\/2020\/03\/ilham_aliyev_2020_004-1.jpg",800,550,false],"thumbnail":["https:\/\/arantv.az\/wp-content\/uploads\/2020\/03\/ilham_aliyev_2020_004-1-150x150.jpg",150,150,true],"medium":["https:\/\/arantv.az\/wp-content\/uploads\/2020\/03\/ilham_aliyev_2020_004-1-300x206.jpg",300,206,true],"large":["https:\/\/arantv.az\/wp-content\/uploads\/2020\/03\/ilham_aliyev_2020_004-1.jpg",640,440,false],"1536x1536":["https:\/\/arantv.az\/wp-content\/uploads\/2020\/03\/ilham_aliyev_2020_004-1.jpg",800,550,false],"2048x2048":["https:\/\/arantv.az\/wp-content\/uploads\/2020\/03\/ilham_aliyev_2020_004-1.jpg",800,550,false],"post-thumbnail":["https:\/\/arantv.az\/wp-content\/uploads\/2020\/03\/ilham_aliyev_2020_004-1-240x172.jpg",240,172,true],"advps-thumb-one":["https:\/\/arantv.az\/wp-content\/uploads\/2020\/03\/ilham_aliyev_2020_004-1.jpg",800,550,false]},"rttpg_author":{"display_name":"V\u00fcsal Rafiqo\u011flu","author_link":"https:\/\/arantv.az\/?author=2"},"rttpg_comment":0,"rttpg_category":"<a href=\"https:\/\/arantv.az\/?cat=8\" rel=\"category\">\u018fsas s\u0259hif\u0259<\/a>","rttpg_excerpt":"&#8220;M\u00fcnxen T\u0259hl\u00fck\u0259sizlik Konfrans\u0131nda Erm\u0259nistan\u0131n v\u0259 d\u00fcnya erm\u0259niliyinin uzun ill\u0259r \u0259rzind\u0259 apard\u0131\u011f\u0131 t\u0259bli\u011fata sars\u0131d\u0131c\u0131 z\u0259rb\u0259 vurulmu\u015fdur&#8221;. ARANTV.AZ\u00a0AZ\u018fRTAC-a istinad\u0259n x\u0259b\u0259r verir ki, bu s\u00f6zl\u0259ri Prezident \u0130lham \u018fliyev Novruz bayram\u0131 m\u00fcnasib\u0259til\u0259 Az\u0259rbaycan xalq\u0131na t\u0259brikind\u0259 deyib. D\u00f6vl\u0259timizin ba\u015f\u00e7\u0131s\u0131 qeyd edib: &#8220;\u0130lin \u0259vv\u0259lind\u0259n bizim beyn\u0259lxalq m\u00f6vqel\u0259rimiz daha da m\u00f6hk\u0259ml\u0259ndi. M\u0259nim xarici t\u0259r\u0259fda\u015flar\u0131mla ikit\u0259r\u0259fli formatda ke\u00e7irilmi\u015f g\u00f6r\u00fc\u015fl\u0259r bir daha onu g\u00f6st\u0259rdi&hellip;","_links":{"self":[{"href":"https:\/\/arantv.az\/index.php?rest_route=\/wp\/v2\/posts\/144001"}],"collection":[{"href":"https:\/\/arantv.az\/index.php?rest_route=\/wp\/v2\/posts"}],"about":[{"href":"https:\/\/arantv.az\/index.php?rest_route=\/wp\/v2\/types\/post"}],"author":[{"embeddable":true,"href":"https:\/\/arantv.az\/index.php?rest_route=\/wp\/v2\/users\/2"}],"replies":[{"embeddable":true,"href":"https:\/\/arantv.az\/index.php?rest_route=%2Fwp%2Fv2%2Fcomments&post=144001"}],"version-history":[{"count":0,"href":"https:\/\/arantv.az\/index.php?rest_route=\/wp\/v2\/posts\/144001\/revisions"}],"wp:featuredmedia":[{"embeddable":true,"href":"https:\/\/arantv.az\/index.php?rest_route=\/wp\/v2\/media\/144002"}],"wp:attachment":[{"href":"https:\/\/arantv.az\/index.php?rest_route=%2Fwp%2Fv2%2Fmedia&parent=144001"}],"wp:term":[{"taxonomy":"category","embeddable":true,"href":"https:\/\/arantv.az\/index.php?rest_route=%2Fwp%2Fv2%2Fcategories&post=144001"},{"taxonomy":"post_tag","embeddable":true,"href":"https:\/\/arantv.az\/index.php?rest_route=%2Fwp%2Fv2%2Ftags&post=144001"}],"curies":[{"name":"wp","href":"https:\/\/api.w.org\/{rel}","templated":true}]}}