{"id":144005,"date":"2020-03-19T14:43:29","date_gmt":"2020-03-19T11:43:29","guid":{"rendered":"http:\/\/arantv.az\/?p=144005"},"modified":"2020-03-19T14:43:29","modified_gmt":"2020-03-19T11:43:29","slug":"hikm%c9%99t-haciyev-aspa-nin-m%c9%99ruz%c9%99cisi-anlamalidir-ki-az%c9%99rbaycanla-h%c9%99d%c9%99-v%c9%99-t%c9%99hdid-dilind%c9%99-danisa-bilm%c9%99z","status":"publish","type":"post","link":"https:\/\/arantv.az\/?p=144005","title":{"rendered":"Hikm\u0259t Hac\u0131yev: \u201cA\u015ePA-n\u0131n m\u0259ruz\u0259\u00e7isi anlamal\u0131d\u0131r ki, Az\u0259rbaycanla h\u0259d\u0259 v\u0259 t\u0259hdid dilind\u0259 dan\u0131\u015fa bilm\u0259z\u201d"},"content":{"rendered":"<p>Az\u0259rbaycan Respublikas\u0131 Prezidentinin k\u00f6m\u0259k\u00e7isi &#8211; Prezident Administrasiyas\u0131n\u0131n Xarici siyas\u0259t m\u0259s\u0259l\u0259l\u0259ri \u015f\u00f6b\u0259sinin m\u00fcdiri Hikm\u0259t Hac\u0131yev Avropa \u015euras\u0131 Parlament Assambleyas\u0131n\u0131n (A\u015ePA) m\u0259ruz\u0259\u00e7isi Sunna Evarsdottirin Az\u0259rbaycanla ba\u011fl\u0131 q\u0259r\u0259zli b\u0259yanat\u0131na m\u00fcnasib\u0259t bildirib.<\/p>\n<p>Hikm\u0259t Hac\u0131yev AZ\u018fRTAC-a a\u00e7\u0131qlamas\u0131nda deyib ki, s\u00f6z\u00fcged\u0259n \u015f\u0259xs \u00f6z mandat\u0131n\u0131 a\u015faraq Az\u0259rbaycana qar\u015f\u0131 q\u0259r\u0259zli m\u00fcnasib\u0259t n\u00fcmayi\u015f etdirm\u0259kl\u0259 \u00f6lk\u0259mizi h\u0259d\u0259l\u0259m\u0259k v\u0259 v\u0259zif\u0259sind\u0259n \u00f6lk\u0259miz\u0259 qar\u015f\u0131 h\u00fccumlar \u00fc\u00e7\u00fcn sui-istifad\u0259 etm\u0259k yolunu tutub.<\/p>\n<p>\u201cVur\u011fulamaq ist\u0259rdim ki, Az\u0259rbaycan t\u0259r\u0259fi S.Evarsdottir il\u0259 konstruktiv \u0259m\u0259kda\u015fl\u0131q \u00fc\u00e7\u00fcn \u015f\u0259rait yarad\u0131b v\u0259 onun 2019-cu ild\u0259 m\u0259ruz\u0259\u00e7i qismind\u0259 \u00f6lk\u0259miz\u0259 s\u0259f\u0259ri h\u0259yata ke\u00e7irilib. T\u0259\u0259ss\u00fcf edirik ki, S.Evarsdottir Az\u0259rbaycan\u0131n bu xo\u015f m\u00fcnasib\u0259tini d\u00fczg\u00fcn qiym\u0259tl\u0259ndir\u0259 bilm\u0259di v\u0259 fevral\u0131n 9-da ke\u00e7irilmi\u015f n\u00f6vb\u0259d\u0259nk\u0259nar parlament se\u00e7kil\u0259ri \u0259r\u0259f\u0259sind\u0259 onun verdiyi b\u0259yanatlar q\u0259r\u0259zli m\u00fcnasib\u0259tin bariz n\u00fcmun\u0259sidir.<\/p>\n<p>S.Evarsdottirin bu qeyri-etik a\u00e7\u0131qlamas\u0131 m\u0259zmunca \u0259sass\u0131z, mahiyy\u0259tc\u0259 q\u0259r\u0259zli, t\u0259rz etibaril\u0259 tamamil\u0259 q\u0259buledilm\u0259zdir. S.Evarsdottir anlamal\u0131d\u0131r ki, Az\u0259rbaycanla h\u0259d\u0259 v\u0259 t\u0259hdid dilind\u0259 dan\u0131\u015fa bilm\u0259z\u201d, &#8211; dey\u0259 Hikm\u0259t Hac\u0131yev qeyd edib.<\/p>\n<p>Prezidentin k\u00f6m\u0259k\u00e7isi vur\u011fulay\u0131b ki, A\u015ePA-da Az\u0259rbaycan\u0131 h\u0259d\u0259l\u0259m\u0259y\u0259 \u00e7al\u0131\u015fan v\u0259 \u00f6lk\u0259miz\u0259 qar\u015f\u0131 f\u0259aliyy\u0259t g\u00f6st\u0259r\u0259n q\u0259r\u0259zli q\u00fcvv\u0259l\u0259r h\u0259mi\u015f\u0259 m\u00f6vcud olub. Lakin onlar he\u00e7 vaxt \u00f6z \u00e7irkin m\u0259qs\u0259dl\u0259rin\u0259 nail ola bilm\u0259yib v\u0259 siyasi s\u0259hn\u0259d\u0259n silinib gedibl\u0259r. Onlar\u0131n u\u011fursuz siyasi aqib\u0259ti S.Evarsdottir \u00fc\u00e7\u00fcn d\u0259 d\u0259rs olmal\u0131d\u0131r.<\/p>\n","protected":false},"excerpt":{"rendered":"<p>Az\u0259rbaycan Respublikas\u0131 Prezidentinin k\u00f6m\u0259k\u00e7isi &#8211; Prezident Administrasiyas\u0131n\u0131n Xarici siyas\u0259t m\u0259s\u0259l\u0259l\u0259ri \u015f\u00f6b\u0259sinin m\u00fcdiri Hikm\u0259t Hac\u0131yev Avropa \u015euras\u0131 Parlament Assambleyas\u0131n\u0131n (A\u015ePA) m\u0259ruz\u0259\u00e7isi Sunna Evarsdottirin Az\u0259rbaycanla ba\u011fl\u0131 q\u0259r\u0259zli b\u0259yanat\u0131na m\u00fcnasib\u0259t bildirib. Hikm\u0259t Hac\u0131yev AZ\u018fRTAC-a a\u00e7\u0131qlamas\u0131nda deyib ki, s\u00f6z\u00fcged\u0259n \u015f\u0259xs \u00f6z mandat\u0131n\u0131 a\u015faraq Az\u0259rbaycana qar\u015f\u0131 q\u0259r\u0259zli m\u00fcnasib\u0259t n\u00fcmayi\u015f etdirm\u0259kl\u0259 \u00f6lk\u0259mizi h\u0259d\u0259l\u0259m\u0259k v\u0259 v\u0259zif\u0259sind\u0259n \u00f6lk\u0259miz\u0259 qar\u015f\u0131 h\u00fccumlar \u00fc\u00e7\u00fcn sui-istifad\u0259 etm\u0259k yolunu tutub. \u201cVur\u011fulamaq ist\u0259rdim ki, Az\u0259rbaycan t\u0259r\u0259fi S.Evarsdottir il\u0259 konstruktiv \u0259m\u0259kda\u015fl\u0131q \u00fc\u00e7\u00fcn \u015f\u0259rait yarad\u0131b v\u0259 onun 2019-cu ild\u0259 m\u0259ruz\u0259\u00e7i qismind\u0259 \u00f6lk\u0259miz\u0259 s\u0259f\u0259ri h\u0259yata ke\u00e7irilib. T\u0259\u0259ss\u00fcf edirik ki, S.Evarsdottir Az\u0259rbaycan\u0131n bu xo\u015f m\u00fcnasib\u0259tini d\u00fczg\u00fcn qiym\u0259tl\u0259ndir\u0259 bilm\u0259di&hellip;<\/p>\n","protected":false},"author":2,"featured_media":144006,"comment_status":"closed","ping_status":"closed","sticky":false,"template":"","format":"standard","meta":{"om_disable_all_campaigns":false,"_monsterinsights_skip_tracking":false,"_monsterinsights_sitenote_active":false,"_monsterinsights_sitenote_note":"","_monsterinsights_sitenote_category":0},"categories":[4],"tags":[],"aioseo_notices":[],"gutentor_comment":0,"rttpg_featured_image_url":{"full":["https:\/\/arantv.az\/wp-content\/uploads\/2020\/03\/hikmet.jpg",620,413,false],"landscape":["https:\/\/arantv.az\/wp-content\/uploads\/2020\/03\/hikmet.jpg",620,413,false],"portraits":["https:\/\/arantv.az\/wp-content\/uploads\/2020\/03\/hikmet.jpg",620,413,false],"thumbnail":["https:\/\/arantv.az\/wp-content\/uploads\/2020\/03\/hikmet-150x150.jpg",150,150,true],"medium":["https:\/\/arantv.az\/wp-content\/uploads\/2020\/03\/hikmet-300x200.jpg",300,200,true],"large":["https:\/\/arantv.az\/wp-content\/uploads\/2020\/03\/hikmet.jpg",620,413,false],"1536x1536":["https:\/\/arantv.az\/wp-content\/uploads\/2020\/03\/hikmet.jpg",620,413,false],"2048x2048":["https:\/\/arantv.az\/wp-content\/uploads\/2020\/03\/hikmet.jpg",620,413,false],"post-thumbnail":["https:\/\/arantv.az\/wp-content\/uploads\/2020\/03\/hikmet-240x172.jpg",240,172,true],"advps-thumb-one":["https:\/\/arantv.az\/wp-content\/uploads\/2020\/03\/hikmet.jpg",620,413,false]},"rttpg_author":{"display_name":"V\u00fcsal Rafiqo\u011flu","author_link":"https:\/\/arantv.az\/?author=2"},"rttpg_comment":0,"rttpg_category":"<a href=\"https:\/\/arantv.az\/?cat=4\" rel=\"category\">Siyas\u0259t<\/a>","rttpg_excerpt":"Az\u0259rbaycan Respublikas\u0131 Prezidentinin k\u00f6m\u0259k\u00e7isi &#8211; Prezident Administrasiyas\u0131n\u0131n Xarici siyas\u0259t m\u0259s\u0259l\u0259l\u0259ri \u015f\u00f6b\u0259sinin m\u00fcdiri Hikm\u0259t Hac\u0131yev Avropa \u015euras\u0131 Parlament Assambleyas\u0131n\u0131n (A\u015ePA) m\u0259ruz\u0259\u00e7isi Sunna Evarsdottirin Az\u0259rbaycanla ba\u011fl\u0131 q\u0259r\u0259zli b\u0259yanat\u0131na m\u00fcnasib\u0259t bildirib. Hikm\u0259t Hac\u0131yev AZ\u018fRTAC-a a\u00e7\u0131qlamas\u0131nda deyib ki, s\u00f6z\u00fcged\u0259n \u015f\u0259xs \u00f6z mandat\u0131n\u0131 a\u015faraq Az\u0259rbaycana qar\u015f\u0131 q\u0259r\u0259zli m\u00fcnasib\u0259t n\u00fcmayi\u015f etdirm\u0259kl\u0259 \u00f6lk\u0259mizi h\u0259d\u0259l\u0259m\u0259k v\u0259 v\u0259zif\u0259sind\u0259n \u00f6lk\u0259miz\u0259 qar\u015f\u0131 h\u00fccumlar \u00fc\u00e7\u00fcn sui-istifad\u0259 etm\u0259k&hellip;","_links":{"self":[{"href":"https:\/\/arantv.az\/index.php?rest_route=\/wp\/v2\/posts\/144005"}],"collection":[{"href":"https:\/\/arantv.az\/index.php?rest_route=\/wp\/v2\/posts"}],"about":[{"href":"https:\/\/arantv.az\/index.php?rest_route=\/wp\/v2\/types\/post"}],"author":[{"embeddable":true,"href":"https:\/\/arantv.az\/index.php?rest_route=\/wp\/v2\/users\/2"}],"replies":[{"embeddable":true,"href":"https:\/\/arantv.az\/index.php?rest_route=%2Fwp%2Fv2%2Fcomments&post=144005"}],"version-history":[{"count":0,"href":"https:\/\/arantv.az\/index.php?rest_route=\/wp\/v2\/posts\/144005\/revisions"}],"wp:featuredmedia":[{"embeddable":true,"href":"https:\/\/arantv.az\/index.php?rest_route=\/wp\/v2\/media\/144006"}],"wp:attachment":[{"href":"https:\/\/arantv.az\/index.php?rest_route=%2Fwp%2Fv2%2Fmedia&parent=144005"}],"wp:term":[{"taxonomy":"category","embeddable":true,"href":"https:\/\/arantv.az\/index.php?rest_route=%2Fwp%2Fv2%2Fcategories&post=144005"},{"taxonomy":"post_tag","embeddable":true,"href":"https:\/\/arantv.az\/index.php?rest_route=%2Fwp%2Fv2%2Ftags&post=144005"}],"curies":[{"name":"wp","href":"https:\/\/api.w.org\/{rel}","templated":true}]}}