{"id":144014,"date":"2020-03-19T14:46:32","date_gmt":"2020-03-19T11:46:32","guid":{"rendered":"http:\/\/arantv.az\/?p=144014"},"modified":"2020-03-19T14:46:32","modified_gmt":"2020-03-19T11:46:32","slug":"az%c9%99rbaycanda-ana-v%c9%99-oglu-bayram-tonqalina-dusdul%c9%99r","status":"publish","type":"post","link":"https:\/\/arantv.az\/?p=144014","title":{"rendered":"Az\u0259rbaycanda ana v\u0259 o\u011flu bayram tonqal\u0131na d\u00fc\u015fd\u00fcl\u0259r"},"content":{"rendered":"<p>Bil\u0259suvar rayonunda b\u0259db\u0259xt hadis\u0259 ba\u015f verib.<\/p>\n<div id=\"AdviadNativeVideo0\" class=\"AdviadNativeVideo\"><\/div>\n<p>&#8220;Report&#8221;un Mu\u011fan b\u00fcrosunun m\u0259lumat\u0131na g\u00f6r\u0259, hadis\u0259 A\u011fal\u0131k\u0259nd k\u0259ndind\u0259 qeyd\u0259 al\u0131n\u0131b.<\/p>\n<p>Bel\u0259 ki, h\u0259min k\u0259ndin sakini, 1995-ci il t\u0259v\u0259ll\u00fcdl\u00fc Kamran Vasif o\u011flu \u018fsg\u0259rov qalad\u0131\u011f\u0131 bayram tonqal\u0131na d\u00fc\u015f\u00fcb. Bu zaman onu ocaqdan uzaqla\u015fd\u0131rmaq ist\u0259y\u0259n anas\u0131, 1971-ci il t\u0259v\u0259ll\u00fcdl\u00fc F\u0259rqan\u0259 A\u011fan\u0259c\u0259f q\u0131z\u0131 Azadova da onunla birlikd\u0259 m\u00fcxt\u0259lif d\u0259r\u0259c\u0259li yan\u0131q x\u0259sar\u0259tl\u0259ri al\u0131b. Yaral\u0131lar Bil\u0259suvar Rayon M\u0259rk\u0259zi X\u0259st\u0259xanas\u0131na apar\u0131l\u0131b. K.\u018fsg\u0259rovun v\u0259ziyy\u0259ti a\u011f\u0131r oldu\u011fundan Bak\u0131dak\u0131 x\u0259st\u0259xanalardan birin\u0259 k\u00f6\u00e7\u00fcr\u00fcl\u00fcb.<\/p>\n<p>Faktla ba\u011fl\u0131 ara\u015fd\u0131rma apar\u0131l\u0131r.<\/p>\n","protected":false},"excerpt":{"rendered":"<p>Bil\u0259suvar rayonunda b\u0259db\u0259xt hadis\u0259 ba\u015f verib. &#8220;Report&#8221;un Mu\u011fan b\u00fcrosunun m\u0259lumat\u0131na g\u00f6r\u0259, hadis\u0259 A\u011fal\u0131k\u0259nd k\u0259ndind\u0259 qeyd\u0259 al\u0131n\u0131b. Bel\u0259 ki, h\u0259min k\u0259ndin sakini, 1995-ci il t\u0259v\u0259ll\u00fcdl\u00fc Kamran Vasif o\u011flu \u018fsg\u0259rov qalad\u0131\u011f\u0131 bayram tonqal\u0131na d\u00fc\u015f\u00fcb. Bu zaman onu ocaqdan uzaqla\u015fd\u0131rmaq ist\u0259y\u0259n anas\u0131, 1971-ci il t\u0259v\u0259ll\u00fcdl\u00fc F\u0259rqan\u0259 A\u011fan\u0259c\u0259f q\u0131z\u0131 Azadova da onunla birlikd\u0259 m\u00fcxt\u0259lif d\u0259r\u0259c\u0259li yan\u0131q x\u0259sar\u0259tl\u0259ri al\u0131b. Yaral\u0131lar Bil\u0259suvar Rayon M\u0259rk\u0259zi X\u0259st\u0259xanas\u0131na apar\u0131l\u0131b. K.\u018fsg\u0259rovun v\u0259ziyy\u0259ti a\u011f\u0131r oldu\u011fundan Bak\u0131dak\u0131 x\u0259st\u0259xanalardan birin\u0259 k\u00f6\u00e7\u00fcr\u00fcl\u00fcb. Faktla ba\u011fl\u0131 ara\u015fd\u0131rma apar\u0131l\u0131r.<\/p>\n","protected":false},"author":2,"featured_media":144015,"comment_status":"closed","ping_status":"closed","sticky":false,"template":"","format":"standard","meta":{"om_disable_all_campaigns":false,"_monsterinsights_skip_tracking":false,"_monsterinsights_sitenote_active":false,"_monsterinsights_sitenote_note":"","_monsterinsights_sitenote_category":0},"categories":[5],"tags":[],"aioseo_notices":[],"gutentor_comment":0,"rttpg_featured_image_url":{"full":["https:\/\/arantv.az\/wp-content\/uploads\/2020\/03\/b4b32aa6-6442-4cbe-a6ed-ff4ee981bb1e.jpg",640,434,false],"landscape":["https:\/\/arantv.az\/wp-content\/uploads\/2020\/03\/b4b32aa6-6442-4cbe-a6ed-ff4ee981bb1e.jpg",640,434,false],"portraits":["https:\/\/arantv.az\/wp-content\/uploads\/2020\/03\/b4b32aa6-6442-4cbe-a6ed-ff4ee981bb1e.jpg",640,434,false],"thumbnail":["https:\/\/arantv.az\/wp-content\/uploads\/2020\/03\/b4b32aa6-6442-4cbe-a6ed-ff4ee981bb1e-150x150.jpg",150,150,true],"medium":["https:\/\/arantv.az\/wp-content\/uploads\/2020\/03\/b4b32aa6-6442-4cbe-a6ed-ff4ee981bb1e-300x203.jpg",300,203,true],"large":["https:\/\/arantv.az\/wp-content\/uploads\/2020\/03\/b4b32aa6-6442-4cbe-a6ed-ff4ee981bb1e.jpg",640,434,false],"1536x1536":["https:\/\/arantv.az\/wp-content\/uploads\/2020\/03\/b4b32aa6-6442-4cbe-a6ed-ff4ee981bb1e.jpg",640,434,false],"2048x2048":["https:\/\/arantv.az\/wp-content\/uploads\/2020\/03\/b4b32aa6-6442-4cbe-a6ed-ff4ee981bb1e.jpg",640,434,false],"post-thumbnail":["https:\/\/arantv.az\/wp-content\/uploads\/2020\/03\/b4b32aa6-6442-4cbe-a6ed-ff4ee981bb1e-240x172.jpg",240,172,true],"advps-thumb-one":["https:\/\/arantv.az\/wp-content\/uploads\/2020\/03\/b4b32aa6-6442-4cbe-a6ed-ff4ee981bb1e.jpg",640,434,false]},"rttpg_author":{"display_name":"V\u00fcsal Rafiqo\u011flu","author_link":"https:\/\/arantv.az\/?author=2"},"rttpg_comment":0,"rttpg_category":"<a href=\"https:\/\/arantv.az\/?cat=5\" rel=\"category\">Hadis\u0259<\/a>","rttpg_excerpt":"Bil\u0259suvar rayonunda b\u0259db\u0259xt hadis\u0259 ba\u015f verib. &#8220;Report&#8221;un Mu\u011fan b\u00fcrosunun m\u0259lumat\u0131na g\u00f6r\u0259, hadis\u0259 A\u011fal\u0131k\u0259nd k\u0259ndind\u0259 qeyd\u0259 al\u0131n\u0131b. Bel\u0259 ki, h\u0259min k\u0259ndin sakini, 1995-ci il t\u0259v\u0259ll\u00fcdl\u00fc Kamran Vasif o\u011flu \u018fsg\u0259rov qalad\u0131\u011f\u0131 bayram tonqal\u0131na d\u00fc\u015f\u00fcb. Bu zaman onu ocaqdan uzaqla\u015fd\u0131rmaq ist\u0259y\u0259n anas\u0131, 1971-ci il t\u0259v\u0259ll\u00fcdl\u00fc F\u0259rqan\u0259 A\u011fan\u0259c\u0259f q\u0131z\u0131 Azadova da onunla birlikd\u0259 m\u00fcxt\u0259lif d\u0259r\u0259c\u0259li yan\u0131q x\u0259sar\u0259tl\u0259ri al\u0131b. Yaral\u0131lar&hellip;","_links":{"self":[{"href":"https:\/\/arantv.az\/index.php?rest_route=\/wp\/v2\/posts\/144014"}],"collection":[{"href":"https:\/\/arantv.az\/index.php?rest_route=\/wp\/v2\/posts"}],"about":[{"href":"https:\/\/arantv.az\/index.php?rest_route=\/wp\/v2\/types\/post"}],"author":[{"embeddable":true,"href":"https:\/\/arantv.az\/index.php?rest_route=\/wp\/v2\/users\/2"}],"replies":[{"embeddable":true,"href":"https:\/\/arantv.az\/index.php?rest_route=%2Fwp%2Fv2%2Fcomments&post=144014"}],"version-history":[{"count":0,"href":"https:\/\/arantv.az\/index.php?rest_route=\/wp\/v2\/posts\/144014\/revisions"}],"wp:featuredmedia":[{"embeddable":true,"href":"https:\/\/arantv.az\/index.php?rest_route=\/wp\/v2\/media\/144015"}],"wp:attachment":[{"href":"https:\/\/arantv.az\/index.php?rest_route=%2Fwp%2Fv2%2Fmedia&parent=144014"}],"wp:term":[{"taxonomy":"category","embeddable":true,"href":"https:\/\/arantv.az\/index.php?rest_route=%2Fwp%2Fv2%2Fcategories&post=144014"},{"taxonomy":"post_tag","embeddable":true,"href":"https:\/\/arantv.az\/index.php?rest_route=%2Fwp%2Fv2%2Ftags&post=144014"}],"curies":[{"name":"wp","href":"https:\/\/api.w.org\/{rel}","templated":true}]}}