{"id":144034,"date":"2020-03-19T14:57:22","date_gmt":"2020-03-19T11:57:22","guid":{"rendered":"http:\/\/arantv.az\/?p=144034"},"modified":"2020-03-19T14:57:22","modified_gmt":"2020-03-19T11:57:22","slug":"az%c9%99rbaycanda-koronavirusla-mubariz%c9%99y%c9%99-d%c9%99st%c9%99k-fondu-yaradilib-f%c9%99rman","status":"publish","type":"post","link":"https:\/\/arantv.az\/?p=144034","title":{"rendered":"Az\u0259rbaycanda Koronavirusla M\u00fcbariz\u0259y\u0259 D\u0259st\u0259k Fondu yarad\u0131l\u0131b &#8211; F\u018fRMAN"},"content":{"rendered":"<p><strong>Prezident \u0130lham \u018fliyev Az\u0259rbaycan Respublikas\u0131nda \u0259halinin sa\u011flaml\u0131\u011f\u0131n\u0131n qorunmas\u0131 v\u0259 koronavirus infeksiyas\u0131na qar\u015f\u0131 m\u00fcbariz\u0259nin g\u00fccl\u0259ndirilm\u0259si il\u0259 ba\u011fl\u0131 t\u0259dbirl\u0259r haqq\u0131nda F\u0259rman imzalay\u0131b.<\/strong><\/p>\n<p><strong>ARANTV.AZ\u00a0<\/strong><a href=\"http:\/\/azertag.az\/\" target=\"_blank\" rel=\"noopener\">AZ\u018fRTAC<\/a>-a istinad\u0259n bildirir ki,\u00a0F\u0259rmana \u0259sas\u0259n \u00f6lk\u0259mizd\u0259 koronavirus infeksiyas\u0131na qar\u015f\u0131 preventiv add\u0131mlar at\u0131lmas\u0131 v\u0259 m\u00fcbariz\u0259 t\u0259dbirl\u0259rinin g\u00fccl\u0259ndirilm\u0259si m\u0259qs\u0259dil\u0259 Koronavirusla M\u00fcbariz\u0259y\u0259 D\u0259st\u0259k Fondu yarad\u0131l\u0131b. &#8220;Koronavirusla M\u00fcbariz\u0259y\u0259 D\u0259st\u0259k Fondunun v\u0259saitinin formala\u015fd\u0131r\u0131lmas\u0131, idar\u0259 olunmas\u0131 v\u0259 ondan istifad\u0259 Qaydas\u0131&#8221; t\u0259sdiq edilib. M\u00fc\u0259yy\u0259n edilib ki, Koronavirusla M\u00fcbariz\u0259y\u0259 D\u0259st\u0259k Fondunun m\u0259qs\u0259di koronavirus infeksiyas\u0131n\u0131n Az\u0259rbaycan Respublikas\u0131nda yay\u0131lmas\u0131n\u0131n qar\u015f\u0131s\u0131n\u0131 almaqdan v\u0259 onunla m\u00fcbariz\u0259 istiqam\u0259tind\u0259 h\u0259yata ke\u00e7iril\u0259n t\u0259dbirl\u0259r\u0259 maliyy\u0259 d\u0259st\u0259yini t\u0259min etm\u0259kd\u0259n ibar\u0259tdir.<\/p>\n<p>Nazirl\u0259r Kabinetin\u0259 bu F\u0259rmandan ir\u0259li g\u0259l\u0259n m\u0259s\u0259l\u0259l\u0259ri h\u0259ll etm\u0259k tap\u015f\u0131r\u0131l\u0131b.<\/p>\n<p>F\u0259rmanda deyilir ki, Az\u0259rbaycan Respublikas\u0131nda \u0259halinin sa\u011flaml\u0131\u011f\u0131n\u0131n qorunmas\u0131, d\u00fcnya standartlar\u0131na uy\u011fun tibbi yard\u0131mla t\u0259min olunmas\u0131 \u00f6lk\u0259d\u0259 h\u0259yata ke\u00e7iril\u0259n sosial-iqtisadi siyas\u0259tin prioritetl\u0259rind\u0259ndir. Son aylarda d\u00fcnyada yay\u0131lan yeni n\u00f6v koronavirus infeksiyas\u0131n\u0131n co\u011frafiyas\u0131n\u0131n geni\u015fl\u0259nm\u0259si \u00f6lk\u0259mizd\u0259 d\u0259 bu x\u0259st\u0259liy\u0259 yoluxma hallar\u0131n\u0131n qar\u015f\u0131s\u0131n\u0131n al\u0131nmas\u0131 m\u0259qs\u0259dil\u0259 m\u00fcvafiq preventiv v\u0259 profilaktik t\u0259dbirl\u0259rin g\u00fccl\u0259ndirilm\u0259sini z\u0259ruri edir. Bu m\u0259qs\u0259dl\u0259, \u0259halinin m\u00fcxt\u0259lif t\u0259b\u0259q\u0259l\u0259rinin, o c\u00fcml\u0259d\u0259n sahibkarl\u0131q subyektl\u0259rinin bu n\u00f6v t\u0259dbirl\u0259r\u0259 d\u0259st\u0259k verm\u0259si, sosial h\u0259mr\u0259ylik n\u00fcmayi\u015f etdirm\u0259si g\u00f6r\u00fcl\u0259n i\u015fl\u0259rin s\u0259m\u0259r\u0259liliyin\u0259 bilavasit\u0259 t\u0259sir ed\u0259n x\u00fcsusi \u0259h\u0259miyy\u0259tli m\u0259s\u0259l\u0259l\u0259rd\u0259n olmaqla, korporativ sosial m\u0259suliyy\u0259ti, d\u00f6vl\u0259t &#8211; v\u0259t\u0259nda\u015f birliyini \u0259ks etdir\u0259n \u0259sas faktorlar\u0131n bariz g\u00f6st\u0259ricisidir.<\/p>\n","protected":false},"excerpt":{"rendered":"<p>Prezident \u0130lham \u018fliyev Az\u0259rbaycan Respublikas\u0131nda \u0259halinin sa\u011flaml\u0131\u011f\u0131n\u0131n qorunmas\u0131 v\u0259 koronavirus infeksiyas\u0131na qar\u015f\u0131 m\u00fcbariz\u0259nin g\u00fccl\u0259ndirilm\u0259si il\u0259 ba\u011fl\u0131 t\u0259dbirl\u0259r haqq\u0131nda F\u0259rman imzalay\u0131b. ARANTV.AZ\u00a0AZ\u018fRTAC-a istinad\u0259n bildirir ki,\u00a0F\u0259rmana \u0259sas\u0259n \u00f6lk\u0259mizd\u0259 koronavirus infeksiyas\u0131na qar\u015f\u0131 preventiv add\u0131mlar at\u0131lmas\u0131 v\u0259 m\u00fcbariz\u0259 t\u0259dbirl\u0259rinin g\u00fccl\u0259ndirilm\u0259si m\u0259qs\u0259dil\u0259 Koronavirusla M\u00fcbariz\u0259y\u0259 D\u0259st\u0259k Fondu yarad\u0131l\u0131b. &#8220;Koronavirusla M\u00fcbariz\u0259y\u0259 D\u0259st\u0259k Fondunun v\u0259saitinin formala\u015fd\u0131r\u0131lmas\u0131, idar\u0259 olunmas\u0131 v\u0259 ondan istifad\u0259 Qaydas\u0131&#8221; t\u0259sdiq edilib. M\u00fc\u0259yy\u0259n edilib ki, Koronavirusla M\u00fcbariz\u0259y\u0259 D\u0259st\u0259k Fondunun m\u0259qs\u0259di koronavirus infeksiyas\u0131n\u0131n Az\u0259rbaycan Respublikas\u0131nda yay\u0131lmas\u0131n\u0131n qar\u015f\u0131s\u0131n\u0131 almaqdan v\u0259 onunla m\u00fcbariz\u0259 istiqam\u0259tind\u0259 h\u0259yata ke\u00e7iril\u0259n t\u0259dbirl\u0259r\u0259 maliyy\u0259 d\u0259st\u0259yini t\u0259min etm\u0259kd\u0259n ibar\u0259tdir. Nazirl\u0259r Kabinetin\u0259 bu F\u0259rmandan ir\u0259li g\u0259l\u0259n m\u0259s\u0259l\u0259l\u0259ri&hellip;<\/p>\n","protected":false},"author":2,"featured_media":144035,"comment_status":"closed","ping_status":"closed","sticky":false,"template":"","format":"standard","meta":{"om_disable_all_campaigns":false,"_monsterinsights_skip_tracking":false,"_monsterinsights_sitenote_active":false,"_monsterinsights_sitenote_note":"","_monsterinsights_sitenote_category":0},"categories":[4],"tags":[],"aioseo_notices":[],"gutentor_comment":0,"rttpg_featured_image_url":{"full":["https:\/\/arantv.az\/wp-content\/uploads\/2020\/03\/ilham_aliyev_2020_002-8.jpg",800,550,false],"landscape":["https:\/\/arantv.az\/wp-content\/uploads\/2020\/03\/ilham_aliyev_2020_002-8.jpg",800,550,false],"portraits":["https:\/\/arantv.az\/wp-content\/uploads\/2020\/03\/ilham_aliyev_2020_002-8.jpg",800,550,false],"thumbnail":["https:\/\/arantv.az\/wp-content\/uploads\/2020\/03\/ilham_aliyev_2020_002-8-150x150.jpg",150,150,true],"medium":["https:\/\/arantv.az\/wp-content\/uploads\/2020\/03\/ilham_aliyev_2020_002-8-300x206.jpg",300,206,true],"large":["https:\/\/arantv.az\/wp-content\/uploads\/2020\/03\/ilham_aliyev_2020_002-8.jpg",640,440,false],"1536x1536":["https:\/\/arantv.az\/wp-content\/uploads\/2020\/03\/ilham_aliyev_2020_002-8.jpg",800,550,false],"2048x2048":["https:\/\/arantv.az\/wp-content\/uploads\/2020\/03\/ilham_aliyev_2020_002-8.jpg",800,550,false],"post-thumbnail":["https:\/\/arantv.az\/wp-content\/uploads\/2020\/03\/ilham_aliyev_2020_002-8-240x172.jpg",240,172,true],"advps-thumb-one":["https:\/\/arantv.az\/wp-content\/uploads\/2020\/03\/ilham_aliyev_2020_002-8.jpg",800,550,false]},"rttpg_author":{"display_name":"V\u00fcsal Rafiqo\u011flu","author_link":"https:\/\/arantv.az\/?author=2"},"rttpg_comment":0,"rttpg_category":"<a href=\"https:\/\/arantv.az\/?cat=4\" rel=\"category\">Siyas\u0259t<\/a>","rttpg_excerpt":"Prezident \u0130lham \u018fliyev Az\u0259rbaycan Respublikas\u0131nda \u0259halinin sa\u011flaml\u0131\u011f\u0131n\u0131n qorunmas\u0131 v\u0259 koronavirus infeksiyas\u0131na qar\u015f\u0131 m\u00fcbariz\u0259nin g\u00fccl\u0259ndirilm\u0259si il\u0259 ba\u011fl\u0131 t\u0259dbirl\u0259r haqq\u0131nda F\u0259rman imzalay\u0131b. ARANTV.AZ\u00a0AZ\u018fRTAC-a istinad\u0259n bildirir ki,\u00a0F\u0259rmana \u0259sas\u0259n \u00f6lk\u0259mizd\u0259 koronavirus infeksiyas\u0131na qar\u015f\u0131 preventiv add\u0131mlar at\u0131lmas\u0131 v\u0259 m\u00fcbariz\u0259 t\u0259dbirl\u0259rinin g\u00fccl\u0259ndirilm\u0259si m\u0259qs\u0259dil\u0259 Koronavirusla M\u00fcbariz\u0259y\u0259 D\u0259st\u0259k Fondu yarad\u0131l\u0131b. &#8220;Koronavirusla M\u00fcbariz\u0259y\u0259 D\u0259st\u0259k Fondunun v\u0259saitinin formala\u015fd\u0131r\u0131lmas\u0131, idar\u0259 olunmas\u0131 v\u0259 ondan istifad\u0259 Qaydas\u0131&#8221; t\u0259sdiq&hellip;","_links":{"self":[{"href":"https:\/\/arantv.az\/index.php?rest_route=\/wp\/v2\/posts\/144034"}],"collection":[{"href":"https:\/\/arantv.az\/index.php?rest_route=\/wp\/v2\/posts"}],"about":[{"href":"https:\/\/arantv.az\/index.php?rest_route=\/wp\/v2\/types\/post"}],"author":[{"embeddable":true,"href":"https:\/\/arantv.az\/index.php?rest_route=\/wp\/v2\/users\/2"}],"replies":[{"embeddable":true,"href":"https:\/\/arantv.az\/index.php?rest_route=%2Fwp%2Fv2%2Fcomments&post=144034"}],"version-history":[{"count":0,"href":"https:\/\/arantv.az\/index.php?rest_route=\/wp\/v2\/posts\/144034\/revisions"}],"wp:featuredmedia":[{"embeddable":true,"href":"https:\/\/arantv.az\/index.php?rest_route=\/wp\/v2\/media\/144035"}],"wp:attachment":[{"href":"https:\/\/arantv.az\/index.php?rest_route=%2Fwp%2Fv2%2Fmedia&parent=144034"}],"wp:term":[{"taxonomy":"category","embeddable":true,"href":"https:\/\/arantv.az\/index.php?rest_route=%2Fwp%2Fv2%2Fcategories&post=144034"},{"taxonomy":"post_tag","embeddable":true,"href":"https:\/\/arantv.az\/index.php?rest_route=%2Fwp%2Fv2%2Ftags&post=144034"}],"curies":[{"name":"wp","href":"https:\/\/api.w.org\/{rel}","templated":true}]}}