{"id":144038,"date":"2020-03-19T14:58:37","date_gmt":"2020-03-19T11:58:37","guid":{"rendered":"http:\/\/arantv.az\/?p=144038"},"modified":"2020-03-19T14:58:37","modified_gmt":"2020-03-19T11:58:37","slug":"ombudsman-bqxk-numay%c9%99nd%c9%99si-il%c9%99-suriyadaki-az%c9%99rbaycanlilarin-v%c9%99ziyy%c9%99tini-muzakir%c9%99-edib","status":"publish","type":"post","link":"https:\/\/arantv.az\/?p=144038","title":{"rendered":"Ombudsman BQXK n\u00fcmay\u0259nd\u0259si il\u0259 Suriyadak\u0131 az\u0259rbaycanl\u0131lar\u0131n v\u0259ziyy\u0259tini m\u00fczakir\u0259 edib"},"content":{"rendered":"<p>Az\u0259rbaycan Respublikas\u0131n\u0131n \u0130nsan H\u00fcquqlar\u0131 \u00fczr\u0259 M\u00fcv\u0259kkili (Ombudsman) S\u0259bin\u0259 \u018fliyeva Beyn\u0259lxalq Q\u0131rm\u0131z\u0131 Xa\u00e7 Komit\u0259sinin (BQXK) Az\u0259rbaycan N\u00fcmay\u0259nd\u0259liyinin r\u0259hb\u0259ri Elena Aymone Sessera v\u0259 m\u00fcdafi\u0259 \u00fczr\u0259 koordinator Emanuela Bertingi il\u0259 g\u00f6r\u00fc\u015f ke\u00e7irib.<\/p>\n<p><strong>ARANTV.AZ<\/strong>\u00a0 x\u0259b\u0259r verir ki, Ombudsman Aparat\u0131ndan\u00a0<a href=\"https:\/\/az.trend.az\/\" target=\"_blank\" rel=\"noopener\">Trend<\/a>-\u0259 bildirilib ki, Nazirl\u0259r Kabineti yan\u0131nda Operativ q\u0259rargah\u0131n t\u00f6vsiy\u0259l\u0259rin\u0259 uy\u011fun olaraq, internet resurslar\u0131n\u0131n imkanlar\u0131ndan istifad\u0259 edilm\u0259kl\u0259 videog\u00f6r\u00fcnt\u00fc qaydas\u0131nda ba\u015f tutan g\u00f6r\u00fc\u015f\u00fcn m\u0259qs\u0259di haz\u0131rda Suriya \u018fr\u0259b Respublikas\u0131n\u0131n \u0259razisind\u0259 \u0259sir v\u0259 girov kimi saxlan\u0131lan Az\u0259rbaycan v\u0259t\u0259nda\u015flar\u0131n\u0131n m\u00f6vcud v\u0259ziyy\u0259tinin v\u0259 onlar\u0131n geri qaytar\u0131lmas\u0131 il\u0259 ba\u011fl\u0131 t\u0259dbirl\u0259rin h\u0259yata ke\u00e7irilm\u0259si \u00fczr\u0259 qar\u015f\u0131l\u0131ql\u0131 \u0259m\u0259kda\u015fl\u0131\u011f\u0131n m\u00fczakir\u0259sind\u0259n ibar\u0259t olub.<\/p>\n<p>\u0130nsan h\u00fcquqlar\u0131 \u00fczr\u0259 M\u00fcv\u0259kkil \u00f6t\u0259n ill\u0259rd\u0259 Suriyada davam etm\u0259kd\u0259 olan v\u0259t\u0259nda\u015f m\u00fcharib\u0259sind\u0259 i\u015ftirak etm\u0259k \u00fc\u00e7\u00fcn b\u0259zi v\u0259t\u0259nda\u015flar\u0131m\u0131z\u0131n ail\u0259l\u0259ri il\u0259 birlikd\u0259 h\u0259min \u00f6lk\u0259y\u0259 getdikl\u0259rini bildirib, haz\u0131rda m\u00fcxt\u0259lif silahl\u0131 d\u0259st\u0259l\u0259rin n\u0259zar\u0259tind\u0259 olan \u00e7ad\u0131r d\u00fc\u015f\u0259rg\u0259l\u0259rind\u0259 \u0259sir v\u0259 girova \u00e7evrilmi\u015f insanlar\u0131n, x\u00fcsusil\u0259 qad\u0131n v\u0259 u\u015faqlar\u0131n d\u00f6z\u00fclm\u0259z \u015f\u0259raitd\u0259 saxlan\u0131ld\u0131qlar\u0131n\u0131, yaral\u0131 v\u0259 x\u0259st\u0259l\u0259rin tibbi yard\u0131mdan k\u0259narda, bax\u0131ms\u0131z v\u0259ziyy\u0259td\u0259 qald\u0131qlar\u0131n\u0131 vur\u011fulay\u0131b.<\/p>\n<p>H\u0259min \u015f\u0259xsl\u0259rin yax\u0131n qohumlar\u0131ndan v\u0259 ail\u0259 \u00fczvl\u0259rind\u0259n \u00e7oxsayl\u0131 m\u00fcraci\u0259tl\u0259r ald\u0131\u011f\u0131n\u0131, h\u0259m\u00e7inin onlar\u0131 bir ne\u00e7\u0259 d\u0259f\u0259 \u015f\u0259xs\u0259n q\u0259bul etdiyini qeyd ed\u0259n S\u0259bin\u0259 \u018fliyeva m\u00fcvafiq d\u00fc\u015f\u0259rg\u0259l\u0259rd\u0259 olan u\u015faqlar\u0131n silahl\u0131 d\u0259st\u0259l\u0259r t\u0259r\u0259find\u0259n i\u015fg\u0259nc\u0259l\u0259r\u0259 m\u0259ruz qald\u0131qlar\u0131n\u0131, b\u0259zi u\u015faqlar\u0131n ail\u0259l\u0259rind\u0259n zorla al\u0131nd\u0131qlar\u0131n\u0131 v\u0259 ya qa\u00e7\u0131r\u0131ld\u0131qlar\u0131n\u0131 h\u0259ms\u00f6hb\u0259tl\u0259rinin diqq\u0259tin\u0259 \u00e7atd\u0131r\u0131b.<\/p>\n<p>Az\u0259rbaycan N\u00fcmay\u0259nd\u0259liyinin r\u0259hb\u0259ri Elena Aymone Sessera Ombudsman t\u0259sisat\u0131 il\u0259 \u0259m\u0259kda\u015fl\u0131\u011fa b\u00f6y\u00fck \u00f6n\u0259m verdikl\u0259rini, qeyd edil\u0259n m\u0259s\u0259l\u0259l\u0259rin diqq\u0259td\u0259 saxlan\u0131ld\u0131\u011f\u0131n\u0131, bu sah\u0259d\u0259 f\u0259aliyy\u0259tin \u0259laq\u0259li \u015f\u0259kild\u0259 davam etdiril\u0259c\u0259yini, Suriya d\u00fc\u015f\u0259rg\u0259l\u0259rind\u0259 saxlan\u0131lan \u015f\u0259xsl\u0259rin, x\u00fcsusil\u0259 u\u015faqlar\u0131n h\u00fcquqlar\u0131n\u0131n m\u00fcdafi\u0259sin\u0259 x\u00fcsusi diqq\u0259t ayr\u0131laca\u011f\u0131n\u0131 bildirib.<\/p>\n<p>BQXK-nin m\u00fcdafi\u0259 \u00fczr\u0259 koordinatoru Emanuela Bertingi is\u0259 \u00f6z n\u00f6vb\u0259sind\u0259 Suriyadak\u0131 saxlanma yerl\u0259rind\u0259 ba\u015f\u00e7\u0259km\u0259l\u0259r apar\u0131ld\u0131\u011f\u0131n\u0131, d\u00fcnyan\u0131 c\u0259ngin\u0259 alan koronavirus epidemiyas\u0131n\u0131n \u00fcmumi f\u0259aliyy\u0259td\u0259 bir s\u0131ra \u00e7\u0259tinlikl\u0259r yaratd\u0131\u011f\u0131n\u0131, bununla bel\u0259, problemin h\u0259lli istiqam\u0259tind\u0259 koordinasiyal\u0131 \u015f\u0259kild\u0259 \u00e7al\u0131\u015facaqlar\u0131n\u0131 qeyd edib.<\/p>\n<p>Videog\u00f6r\u00fc\u015fd\u0259 Ombudsman S\u0259bin\u0259 \u018fliyeva bu d\u00fc\u015f\u0259rg\u0259l\u0259rd\u0259 v\u0259ziyy\u0259tin humanitar f\u0259lak\u0259t v\u0259 insan h\u0259yat\u0131 \u00fc\u00e7\u00fcn t\u0259hl\u00fck\u0259li s\u0259viyy\u0259d\u0259 oldu\u011funu bildir\u0259r\u0259k, Beyn\u0259lxalq Q\u0131rm\u0131z\u0131 Xa\u00e7 Komit\u0259sinin mandat\u0131 \u00e7\u0259r\u00e7iv\u0259sind\u0259 Cenevr\u0259 Konvensiyalar\u0131na uy\u011fun olaraq t\u0259xir\u0259sal\u0131nmaz t\u0259dbirl\u0259r g\u00f6r\u00fclm\u0259sini, o c\u00fcml\u0259d\u0259n Suriyadak\u0131 silahl\u0131 m\u00fcnaqi\u015f\u0259nin girovuna \u00e7evrilmi\u015f v\u0259t\u0259nda\u015flar\u0131m\u0131z\u0131n maraqlar\u0131n\u0131n m\u00fcdafi\u0259sind\u0259, onlar bar\u0259d\u0259 m\u0259lumatlar\u0131n d\u0259qiql\u0259\u015fdirilm\u0259sind\u0259, bu \u015f\u0259xsl\u0259rin i\u015fg\u0259nc\u0259y\u0259 v\u0259 qeyri-insani r\u0259ftara m\u0259ruz qalmalar\u0131n\u0131n qar\u015f\u0131s\u0131n\u0131n al\u0131nmas\u0131nda, eyni zamanda onlara humanitar d\u0259st\u0259yin, yaral\u0131 v\u0259 x\u0259st\u0259l\u0259r\u0259 is\u0259 tibbi yard\u0131m\u0131n g\u00f6st\u0259rilm\u0259sind\u0259, h\u0259m\u00e7inin Az\u0259rbaycana qaytar\u0131lmalar\u0131nda v\u0259 ail\u0259l\u0259rin\u0259 qovu\u015fmalar\u0131nda k\u00f6m\u0259klik g\u00f6st\u0259rilm\u0259sini xahi\u015f etmi\u015fdir.<\/p>\n<p>Elena Aymone Sessera faydal\u0131 fikir m\u00fcbadil\u0259sin\u0259 v\u0259 m\u00fczakir\u0259l\u0259r\u0259 g\u00f6r\u0259 Ombudsmana minn\u0259tdarl\u0131\u011f\u0131n\u0131 bildirib, qald\u0131r\u0131lan m\u0259s\u0259l\u0259l\u0259rin \u0259m\u0259kda\u015fl\u0131q \u00e7\u0259r\u00e7iv\u0259sind\u0259 n\u0259z\u0259r\u0259 al\u0131naca\u011f\u0131n\u0131 qeyd edib.<\/p>\n","protected":false},"excerpt":{"rendered":"<p>Az\u0259rbaycan Respublikas\u0131n\u0131n \u0130nsan H\u00fcquqlar\u0131 \u00fczr\u0259 M\u00fcv\u0259kkili (Ombudsman) S\u0259bin\u0259 \u018fliyeva Beyn\u0259lxalq Q\u0131rm\u0131z\u0131 Xa\u00e7 Komit\u0259sinin (BQXK) Az\u0259rbaycan N\u00fcmay\u0259nd\u0259liyinin r\u0259hb\u0259ri Elena Aymone Sessera v\u0259 m\u00fcdafi\u0259 \u00fczr\u0259 koordinator Emanuela Bertingi il\u0259 g\u00f6r\u00fc\u015f ke\u00e7irib. ARANTV.AZ\u00a0 x\u0259b\u0259r verir ki, Ombudsman Aparat\u0131ndan\u00a0Trend-\u0259 bildirilib ki, Nazirl\u0259r Kabineti yan\u0131nda Operativ q\u0259rargah\u0131n t\u00f6vsiy\u0259l\u0259rin\u0259 uy\u011fun olaraq, internet resurslar\u0131n\u0131n imkanlar\u0131ndan istifad\u0259 edilm\u0259kl\u0259 videog\u00f6r\u00fcnt\u00fc qaydas\u0131nda ba\u015f tutan g\u00f6r\u00fc\u015f\u00fcn m\u0259qs\u0259di haz\u0131rda Suriya \u018fr\u0259b Respublikas\u0131n\u0131n \u0259razisind\u0259 \u0259sir v\u0259 girov kimi saxlan\u0131lan Az\u0259rbaycan v\u0259t\u0259nda\u015flar\u0131n\u0131n m\u00f6vcud v\u0259ziyy\u0259tinin v\u0259 onlar\u0131n geri qaytar\u0131lmas\u0131 il\u0259 ba\u011fl\u0131 t\u0259dbirl\u0259rin h\u0259yata ke\u00e7irilm\u0259si \u00fczr\u0259 qar\u015f\u0131l\u0131ql\u0131 \u0259m\u0259kda\u015fl\u0131\u011f\u0131n m\u00fczakir\u0259sind\u0259n ibar\u0259t olub. \u0130nsan h\u00fcquqlar\u0131 \u00fczr\u0259 M\u00fcv\u0259kkil \u00f6t\u0259n&hellip;<\/p>\n","protected":false},"author":2,"featured_media":144039,"comment_status":"closed","ping_status":"closed","sticky":false,"template":"","format":"standard","meta":{"om_disable_all_campaigns":false,"_monsterinsights_skip_tracking":false,"_monsterinsights_sitenote_active":false,"_monsterinsights_sitenote_note":"","_monsterinsights_sitenote_category":0},"categories":[19],"tags":[],"aioseo_notices":[],"gutentor_comment":0,"rttpg_featured_image_url":{"full":["https:\/\/arantv.az\/wp-content\/uploads\/2020\/03\/835108.jpg",410,307,false],"landscape":["https:\/\/arantv.az\/wp-content\/uploads\/2020\/03\/835108.jpg",410,307,false],"portraits":["https:\/\/arantv.az\/wp-content\/uploads\/2020\/03\/835108.jpg",410,307,false],"thumbnail":["https:\/\/arantv.az\/wp-content\/uploads\/2020\/03\/835108-150x150.jpg",150,150,true],"medium":["https:\/\/arantv.az\/wp-content\/uploads\/2020\/03\/835108-300x225.jpg",300,225,true],"large":["https:\/\/arantv.az\/wp-content\/uploads\/2020\/03\/835108.jpg",410,307,false],"1536x1536":["https:\/\/arantv.az\/wp-content\/uploads\/2020\/03\/835108.jpg",410,307,false],"2048x2048":["https:\/\/arantv.az\/wp-content\/uploads\/2020\/03\/835108.jpg",410,307,false],"post-thumbnail":["https:\/\/arantv.az\/wp-content\/uploads\/2020\/03\/835108-240x172.jpg",240,172,true],"advps-thumb-one":["https:\/\/arantv.az\/wp-content\/uploads\/2020\/03\/835108.jpg",410,307,false]},"rttpg_author":{"display_name":"V\u00fcsal Rafiqo\u011flu","author_link":"https:\/\/arantv.az\/?author=2"},"rttpg_comment":0,"rttpg_category":"<a href=\"https:\/\/arantv.az\/?cat=19\" rel=\"category\">G\u00fcnd\u0259m<\/a>","rttpg_excerpt":"Az\u0259rbaycan Respublikas\u0131n\u0131n \u0130nsan H\u00fcquqlar\u0131 \u00fczr\u0259 M\u00fcv\u0259kkili (Ombudsman) S\u0259bin\u0259 \u018fliyeva Beyn\u0259lxalq Q\u0131rm\u0131z\u0131 Xa\u00e7 Komit\u0259sinin (BQXK) Az\u0259rbaycan N\u00fcmay\u0259nd\u0259liyinin r\u0259hb\u0259ri Elena Aymone Sessera v\u0259 m\u00fcdafi\u0259 \u00fczr\u0259 koordinator Emanuela Bertingi il\u0259 g\u00f6r\u00fc\u015f ke\u00e7irib. ARANTV.AZ\u00a0 x\u0259b\u0259r verir ki, Ombudsman Aparat\u0131ndan\u00a0Trend-\u0259 bildirilib ki, Nazirl\u0259r Kabineti yan\u0131nda Operativ q\u0259rargah\u0131n t\u00f6vsiy\u0259l\u0259rin\u0259 uy\u011fun olaraq, internet resurslar\u0131n\u0131n imkanlar\u0131ndan istifad\u0259 edilm\u0259kl\u0259 videog\u00f6r\u00fcnt\u00fc qaydas\u0131nda ba\u015f tutan g\u00f6r\u00fc\u015f\u00fcn&hellip;","_links":{"self":[{"href":"https:\/\/arantv.az\/index.php?rest_route=\/wp\/v2\/posts\/144038"}],"collection":[{"href":"https:\/\/arantv.az\/index.php?rest_route=\/wp\/v2\/posts"}],"about":[{"href":"https:\/\/arantv.az\/index.php?rest_route=\/wp\/v2\/types\/post"}],"author":[{"embeddable":true,"href":"https:\/\/arantv.az\/index.php?rest_route=\/wp\/v2\/users\/2"}],"replies":[{"embeddable":true,"href":"https:\/\/arantv.az\/index.php?rest_route=%2Fwp%2Fv2%2Fcomments&post=144038"}],"version-history":[{"count":0,"href":"https:\/\/arantv.az\/index.php?rest_route=\/wp\/v2\/posts\/144038\/revisions"}],"wp:featuredmedia":[{"embeddable":true,"href":"https:\/\/arantv.az\/index.php?rest_route=\/wp\/v2\/media\/144039"}],"wp:attachment":[{"href":"https:\/\/arantv.az\/index.php?rest_route=%2Fwp%2Fv2%2Fmedia&parent=144038"}],"wp:term":[{"taxonomy":"category","embeddable":true,"href":"https:\/\/arantv.az\/index.php?rest_route=%2Fwp%2Fv2%2Fcategories&post=144038"},{"taxonomy":"post_tag","embeddable":true,"href":"https:\/\/arantv.az\/index.php?rest_route=%2Fwp%2Fv2%2Ftags&post=144038"}],"curies":[{"name":"wp","href":"https:\/\/api.w.org\/{rel}","templated":true}]}}