{"id":144046,"date":"2020-03-19T15:04:42","date_gmt":"2020-03-19T12:04:42","guid":{"rendered":"http:\/\/arantv.az\/?p=144046"},"modified":"2020-03-19T15:04:42","modified_gmt":"2020-03-19T12:04:42","slug":"koronavirusla-mubariz%c9%99y%c9%99-d%c9%99st%c9%99k-fondunun-v%c9%99saitinin-formalasdirilmasi-idar%c9%99-olunmasi-v%c9%99-ondan-istifad%c9%99-qaydasi-t%c9%99sdiql%c9%99nib","status":"publish","type":"post","link":"https:\/\/arantv.az\/?p=144046","title":{"rendered":"Koronavirusla M\u00fcbariz\u0259y\u0259 D\u0259st\u0259k Fondunun v\u0259saitinin formala\u015fd\u0131r\u0131lmas\u0131, idar\u0259 olunmas\u0131 v\u0259 ondan istifad\u0259 QAYDASI t\u0259sdiql\u0259nib"},"content":{"rendered":"<p><strong>Koronavirusla M\u00fcbariz\u0259y\u0259 D\u0259st\u0259k Fondunun v\u0259saitinin formala\u015fd\u0131r\u0131lmas\u0131, idar\u0259 olunmas\u0131 v\u0259 ondan istifad\u0259 QAYDASI t\u0259sdiql\u0259nib.<\/strong><\/p>\n<p><strong>ARANTV.AZ<\/strong>\u00a0\u00a0<a href=\"http:\/\/azertag.az\/\" target=\"_blank\" rel=\"noopener\">AZ\u018fRTAC<\/a>-a istinad\u0259n bildirir ki,\u00a0Qayda Az\u0259rbaycan Respublikas\u0131 Prezidentinin 2020-ci il 19 mart tarixli F\u0259rman\u0131 il\u0259 t\u0259sdiq edilib.<\/p>\n<p>F\u0259rmanda deyilir:<\/p>\n<p>1.1. Bu Qayda Koronavirusla M\u00fcbariz\u0259y\u0259 D\u0259st\u0259k Fondunun (bundan sonra &#8211; Fond) v\u0259saitinin formala\u015fd\u0131r\u0131lmas\u0131, idar\u0259 olunmas\u0131 v\u0259 h\u0259min v\u0259saitd\u0259n istifad\u0259 il\u0259 ba\u011fl\u0131 m\u00fcnasib\u0259tl\u0259ri t\u0259nziml\u0259yir.<\/p>\n<p>1.2. Fondun m\u0259qs\u0259di Az\u0259rbaycan Respublikas\u0131nda koronavirus infeksiyas\u0131n\u0131n (bundan sonra &#8211; koronavirus) yay\u0131lmas\u0131n\u0131n qar\u015f\u0131s\u0131n\u0131 almaqdan v\u0259 onunla m\u00fcbariz\u0259 istiqam\u0259tind\u0259 h\u0259yata ke\u00e7iril\u0259n t\u0259dbirl\u0259r\u0259 maliyy\u0259 d\u0259st\u0259yini t\u0259min etm\u0259kd\u0259n ibar\u0259tdir.<\/p>\n<p>1.3. Fondun v\u0259saitinin s\u0259r\u0259ncam\u00e7\u0131s\u0131 Az\u0259rbaycan Respublikas\u0131n\u0131n Nazirl\u0259r Kabinetidir.<\/p>\n<p>2. Fondun v\u0259saitinin formala\u015fd\u0131r\u0131lmas\u0131 v\u0259 ondan istifad\u0259<\/p>\n<p>2.1. Fondun v\u0259saiti a\u015fa\u011f\u0131dak\u0131 m\u0259nb\u0259l\u0259r hesab\u0131na formala\u015fd\u0131r\u0131l\u0131r:<\/p>\n<p>2.1.1. Az\u0259rbaycan Respublikas\u0131 d\u00f6vl\u0259t b\u00fcdc\u0259sinin v\u0259saiti;<\/p>\n<p>2.1.2. fiziki v\u0259 h\u00fcquqi \u015f\u0259xsl\u0259rin k\u00f6n\u00fcll\u00fc \u00f6d\u0259m\u0259l\u0259ri;<\/p>\n<p>2.1.3. qanunla qada\u011fan olunmayan dig\u0259r m\u0259nb\u0259l\u0259r.<\/p>\n<p>2.2. Fondun v\u0259saitinin toplanmas\u0131 v\u0259 ondan t\u0259yinat\u0131 \u00fczr\u0259 istifad\u0259 m\u0259qs\u0259dil\u0259 Az\u0259rbaycan Respublikas\u0131 Maliyy\u0259 Nazirliyi yan\u0131nda D\u00f6vl\u0259t X\u0259zin\u0259darl\u0131q Agentliyind\u0259 x\u00fcsusi x\u0259zin\u0259 hesab\u0131 a\u00e7\u0131l\u0131r.<\/p>\n<p>2.3. Fondun v\u0259saitind\u0259n istifad\u0259 bu Qaydan\u0131n 2.7-ci b\u0259ndind\u0259 n\u0259z\u0259rd\u0259 tutulan x\u0259rc istiqam\u0259tl\u0259rin\u0259 uy\u011fun olaraq, Az\u0259rbaycan Respublikas\u0131 Nazirl\u0259r Kabinetinin m\u00fc\u0259yy\u0259n etdiyi g\u0259lir v\u0259 x\u0259rcl\u0259r smetas\u0131 \u0259sas\u0131nda h\u0259yata ke\u00e7irilir.<\/p>\n<p>2.4. Fondun f\u0259aliyy\u0259t m\u00fcdd\u0259ti 2020-ci il dekabr\u0131n 31-d\u0259k olan d\u00f6vr\u00fc \u0259hat\u0259 edir. Bu m\u00fcdd\u0259t Az\u0259rbaycan Respublikas\u0131 Prezidenti t\u0259r\u0259find\u0259n uzad\u0131la bil\u0259r.<\/p>\n<p>2.5. Fondun f\u0259aliyy\u0259ti ba\u015fa \u00e7atd\u0131qdan sonra x\u00fcsusi x\u0259zin\u0259 hesab\u0131nda qalan x\u0259rcl\u0259nm\u0259mi\u015f v\u0259sait bu Qaydan\u0131n 2.7.1-ci yar\u0131mb\u0259ndind\u0259 n\u0259z\u0259rd\u0259 tutulan i\u015fl\u0259rin maliyy\u0259l\u0259\u015fdirilm\u0259sin\u0259 y\u00f6n\u0259ldilir v\u0259 ya d\u00f6vl\u0259t b\u00fcdc\u0259sin\u0259 qaytar\u0131l\u0131r.<\/p>\n<p>2.6. Fondun v\u0259saiti Az\u0259rbaycan manat\u0131 il\u0259 v\u0259 xarici valyutalarla formala\u015fd\u0131r\u0131l\u0131r.<\/p>\n<p>2.7. Fondun v\u0259saitind\u0259n koronovirusla m\u00fcbariz\u0259 \u00fczr\u0259 a\u015fa\u011f\u0131dak\u0131 istiqam\u0259tl\u0259rd\u0259 istifad\u0259 olunur:<\/p>\n<p>2.7.1. tibb sah\u0259sind\u0259 \u00e7al\u0131\u015fan i\u015f\u00e7il\u0259rin m\u00fckafatland\u0131r\u0131lmas\u0131na v\u0259 onlara maddi yard\u0131m g\u00f6st\u0259rilm\u0259sin\u0259;<\/p>\n<p>2.7.2. tibb m\u00fc\u0259ssis\u0259l\u0259rinin infrastrukturunun t\u0259kmill\u0259\u015fdirilm\u0259sin\u0259 v\u0259 maddi-texniki bazas\u0131n\u0131n g\u00fccl\u0259ndirilm\u0259sin\u0259 (o c\u00fcml\u0259d\u0259n texnoloji qur\u011fular\u0131n, cihazlar\u0131n, avadanl\u0131\u011f\u0131n, n\u0259qliyyat vasit\u0259l\u0259rinin, mal v\u0259 materiallar\u0131n, habel\u0259 dig\u0259r tibbi l\u0259vazimat\u0131n al\u0131nmas\u0131na);<\/p>\n<p>2.7.3. x\u00fcsusi rejimli tibb m\u00fc\u0259ssis\u0259l\u0259rinin formala\u015fd\u0131r\u0131lmas\u0131na;<\/p>\n<p>2.7.4. n\u0259zar\u0259t v\u0259 monitorinql\u0259rin t\u0259\u015fkilin\u0259 v\u0259 h\u0259yata ke\u00e7irilm\u0259sin\u0259;<\/p>\n<p>2.7.5. tibb sah\u0259sind\u0259 elmi t\u0259dqiqat i\u015fl\u0259rinin maliyy\u0259l\u0259\u015fdirilm\u0259sin\u0259;<\/p>\n<p>2.7.6. tibb sah\u0259sind\u0259 m\u00fct\u0259x\u0259ssisl\u0259rin haz\u0131rlanmas\u0131na;<\/p>\n<p>2.7.7. t\u0259bli\u011fat v\u0259 maarifl\u0259ndirm\u0259 i\u015fl\u0259rin\u0259;<\/p>\n<p>2.7.8. koronavirusla m\u00fcbariz\u0259 istiqam\u0259tind\u0259 h\u0259yata ke\u00e7iril\u0259n dig\u0259r t\u0259dbirl\u0259r\u0259.<\/p>\n<p>2.8. Fondun v\u0259saitind\u0259n bu Qaydada n\u0259z\u0259rd\u0259 tutulmayan m\u0259qs\u0259dl\u0259r \u00fc\u00e7\u00fcn istifad\u0259 edil\u0259 bilm\u0259z.<\/p>\n","protected":false},"excerpt":{"rendered":"<p>Koronavirusla M\u00fcbariz\u0259y\u0259 D\u0259st\u0259k Fondunun v\u0259saitinin formala\u015fd\u0131r\u0131lmas\u0131, idar\u0259 olunmas\u0131 v\u0259 ondan istifad\u0259 QAYDASI t\u0259sdiql\u0259nib. ARANTV.AZ\u00a0\u00a0AZ\u018fRTAC-a istinad\u0259n bildirir ki,\u00a0Qayda Az\u0259rbaycan Respublikas\u0131 Prezidentinin 2020-ci il 19 mart tarixli F\u0259rman\u0131 il\u0259 t\u0259sdiq edilib. F\u0259rmanda deyilir: 1.1. Bu Qayda Koronavirusla M\u00fcbariz\u0259y\u0259 D\u0259st\u0259k Fondunun (bundan sonra &#8211; Fond) v\u0259saitinin formala\u015fd\u0131r\u0131lmas\u0131, idar\u0259 olunmas\u0131 v\u0259 h\u0259min v\u0259saitd\u0259n istifad\u0259 il\u0259 ba\u011fl\u0131 m\u00fcnasib\u0259tl\u0259ri t\u0259nziml\u0259yir. 1.2. Fondun m\u0259qs\u0259di Az\u0259rbaycan Respublikas\u0131nda koronavirus infeksiyas\u0131n\u0131n (bundan sonra &#8211; koronavirus) yay\u0131lmas\u0131n\u0131n qar\u015f\u0131s\u0131n\u0131 almaqdan v\u0259 onunla m\u00fcbariz\u0259 istiqam\u0259tind\u0259 h\u0259yata ke\u00e7iril\u0259n t\u0259dbirl\u0259r\u0259 maliyy\u0259 d\u0259st\u0259yini t\u0259min etm\u0259kd\u0259n ibar\u0259tdir. 1.3. Fondun v\u0259saitinin s\u0259r\u0259ncam\u00e7\u0131s\u0131 Az\u0259rbaycan Respublikas\u0131n\u0131n Nazirl\u0259r Kabinetidir. 2. Fondun&hellip;<\/p>\n","protected":false},"author":2,"featured_media":144047,"comment_status":"closed","ping_status":"closed","sticky":false,"template":"","format":"standard","meta":{"om_disable_all_campaigns":false,"_monsterinsights_skip_tracking":false,"_monsterinsights_sitenote_active":false,"_monsterinsights_sitenote_note":"","_monsterinsights_sitenote_category":0},"categories":[4],"tags":[],"aioseo_notices":[],"gutentor_comment":0,"rttpg_featured_image_url":{"full":["https:\/\/arantv.az\/wp-content\/uploads\/2020\/03\/835166.jpg",815,460,false],"landscape":["https:\/\/arantv.az\/wp-content\/uploads\/2020\/03\/835166.jpg",815,460,false],"portraits":["https:\/\/arantv.az\/wp-content\/uploads\/2020\/03\/835166.jpg",815,460,false],"thumbnail":["https:\/\/arantv.az\/wp-content\/uploads\/2020\/03\/835166-150x150.jpg",150,150,true],"medium":["https:\/\/arantv.az\/wp-content\/uploads\/2020\/03\/835166-300x169.jpg",300,169,true],"large":["https:\/\/arantv.az\/wp-content\/uploads\/2020\/03\/835166.jpg",640,361,false],"1536x1536":["https:\/\/arantv.az\/wp-content\/uploads\/2020\/03\/835166.jpg",815,460,false],"2048x2048":["https:\/\/arantv.az\/wp-content\/uploads\/2020\/03\/835166.jpg",815,460,false],"post-thumbnail":["https:\/\/arantv.az\/wp-content\/uploads\/2020\/03\/835166-240x172.jpg",240,172,true],"advps-thumb-one":["https:\/\/arantv.az\/wp-content\/uploads\/2020\/03\/835166.jpg",815,460,false]},"rttpg_author":{"display_name":"V\u00fcsal Rafiqo\u011flu","author_link":"https:\/\/arantv.az\/?author=2"},"rttpg_comment":0,"rttpg_category":"<a href=\"https:\/\/arantv.az\/?cat=4\" rel=\"category\">Siyas\u0259t<\/a>","rttpg_excerpt":"Koronavirusla M\u00fcbariz\u0259y\u0259 D\u0259st\u0259k Fondunun v\u0259saitinin formala\u015fd\u0131r\u0131lmas\u0131, idar\u0259 olunmas\u0131 v\u0259 ondan istifad\u0259 QAYDASI t\u0259sdiql\u0259nib. ARANTV.AZ\u00a0\u00a0AZ\u018fRTAC-a istinad\u0259n bildirir ki,\u00a0Qayda Az\u0259rbaycan Respublikas\u0131 Prezidentinin 2020-ci il 19 mart tarixli F\u0259rman\u0131 il\u0259 t\u0259sdiq edilib. F\u0259rmanda deyilir: 1.1. Bu Qayda Koronavirusla M\u00fcbariz\u0259y\u0259 D\u0259st\u0259k Fondunun (bundan sonra &#8211; Fond) v\u0259saitinin formala\u015fd\u0131r\u0131lmas\u0131, idar\u0259 olunmas\u0131 v\u0259 h\u0259min v\u0259saitd\u0259n istifad\u0259 il\u0259 ba\u011fl\u0131 m\u00fcnasib\u0259tl\u0259ri t\u0259nziml\u0259yir. 1.2.&hellip;","_links":{"self":[{"href":"https:\/\/arantv.az\/index.php?rest_route=\/wp\/v2\/posts\/144046"}],"collection":[{"href":"https:\/\/arantv.az\/index.php?rest_route=\/wp\/v2\/posts"}],"about":[{"href":"https:\/\/arantv.az\/index.php?rest_route=\/wp\/v2\/types\/post"}],"author":[{"embeddable":true,"href":"https:\/\/arantv.az\/index.php?rest_route=\/wp\/v2\/users\/2"}],"replies":[{"embeddable":true,"href":"https:\/\/arantv.az\/index.php?rest_route=%2Fwp%2Fv2%2Fcomments&post=144046"}],"version-history":[{"count":0,"href":"https:\/\/arantv.az\/index.php?rest_route=\/wp\/v2\/posts\/144046\/revisions"}],"wp:featuredmedia":[{"embeddable":true,"href":"https:\/\/arantv.az\/index.php?rest_route=\/wp\/v2\/media\/144047"}],"wp:attachment":[{"href":"https:\/\/arantv.az\/index.php?rest_route=%2Fwp%2Fv2%2Fmedia&parent=144046"}],"wp:term":[{"taxonomy":"category","embeddable":true,"href":"https:\/\/arantv.az\/index.php?rest_route=%2Fwp%2Fv2%2Fcategories&post=144046"},{"taxonomy":"post_tag","embeddable":true,"href":"https:\/\/arantv.az\/index.php?rest_route=%2Fwp%2Fv2%2Ftags&post=144046"}],"curies":[{"name":"wp","href":"https:\/\/api.w.org\/{rel}","templated":true}]}}