{"id":144050,"date":"2020-03-19T15:21:46","date_gmt":"2020-03-19T12:21:46","guid":{"rendered":"http:\/\/arantv.az\/?p=144050"},"modified":"2020-03-19T15:21:46","modified_gmt":"2020-03-19T12:21:46","slug":"ombudsman-az%c9%99rbaycanlilarin-soyqirimi-gunu-il%c9%99-%c9%99laq%c9%99dar-b%c9%99yanat-verdi","status":"publish","type":"post","link":"https:\/\/arantv.az\/?p=144050","title":{"rendered":"Ombudsman Az\u0259rbaycanl\u0131lar\u0131n Soyq\u0131r\u0131m\u0131 G\u00fcn\u00fc il\u0259 \u0259laq\u0259dar b\u0259yanat verdi"},"content":{"rendered":"<p>Az\u0259rbaycan Respublikas\u0131n\u0131n \u0130nsan H\u00fcquqlar\u0131 \u00fczr\u0259 M\u00fcv\u0259kkili\u00a0(Ombudsman) 31 mart &#8211; Az\u0259rbaycanl\u0131lar\u0131n Soyq\u0131r\u0131m\u0131 G\u00fcn\u00fc il\u0259 \u0259laq\u0259dar b\u0259yanat yay\u0131b.<\/p>\n<p>B\u0259yanatda deyilir:<\/p>\n<p>\u201cTarix boyu t\u0259cav\u00fczkarl\u0131q, etnik t\u0259mizl\u0259m\u0259 v\u0259 soyq\u0131r\u0131m\u0131 siyas\u0259ti h\u0259yata ke\u00e7ir\u0259n erm\u0259ni mill\u0259t\u00e7il\u0259rinin xalq\u0131m\u0131za qar\u015f\u0131 t\u00f6r\u0259tdikl\u0259ri soyq\u0131r\u0131m\u0131 aktlar\u0131 s\u0131ras\u0131nda 31 mart soyq\u0131r\u0131m\u0131 x\u00fcsusi yer tutur. 1918-ci il mart ay\u0131n\u0131n 30-da Bak\u0131da erm\u0259ni kils\u0259si yan\u0131nda topla\u015fan da\u015fnak d\u0259st\u0259sinin m\u00fcs\u0259lmanlara ilk at\u0259\u015fi a\u00e7mas\u0131, bir g\u00fcn sonra is\u0259 bol\u015fevik-da\u015fnak qrupla\u015fmalar\u0131n\u0131n az\u0259rbaycanl\u0131lar ya\u015fayan \u201cK\u0259rpicxana\u201d, \u201cM\u0259mm\u0259dli\u201d v\u0259 ba\u015fqa m\u0259h\u0259ll\u0259l\u0259r\u0259 h\u00fccum etm\u0259l\u0259ri il\u0259 ba\u015flayan qanl\u0131 hadis\u0259l\u0259r n\u0259tic\u0259sind\u0259 erm\u0259ni vandallar\u0131 insanl\u0131q \u0259leyhin\u0259 cinay\u0259tl\u0259r t\u00f6r\u0259dibl\u0259r.<\/p>\n<div id=\"AdviadNativeVideo0\" class=\"AdviadNativeVideo\"><\/div>\n<p>Erm\u0259nil\u0259r Bak\u0131 il\u0259 yana\u015f\u0131, Quba, \u015eamax\u0131, K\u00fcrd\u0259mir, Salyan v\u0259 L\u0259nk\u0259ran q\u0259zalar\u0131nda da soyq\u0131r\u0131m\u0131 akt\u0131 t\u00f6r\u0259dibl\u0259r. B\u00fct\u00f6vl\u00fckd\u0259 is\u0259, 31 mart v\u0259 1-2 aprel 1918-ci il tarixl\u0259rind\u0259 Bak\u0131 \u015f\u0259h\u0259rind\u0259, habel\u0259 Bak\u0131 quberniyas\u0131na daxil olan dig\u0259r \u015f\u0259h\u0259r v\u0259 q\u0259zalarda q\u0131r\u011f\u0131nlar k\u00fctl\u0259vi xarakter al\u0131b, erm\u0259ni d\u0259st\u0259l\u0259ri 50 mind\u0259n \u00e7ox dinc sakinin h\u0259yat\u0131na son qoyublar.<\/p>\n<p>Hadis\u0259l\u0259r zaman\u0131 \u015eamax\u0131 q\u0259zas\u0131n\u0131n 110, Quba q\u0259zas\u0131n\u0131n 167, Qaraba\u011f\u0131n 150-d\u0259n \u00e7ox, Z\u0259ng\u0259zur q\u0259zas\u0131n\u0131n 115, Qars vilay\u0259tinin 98 k\u0259ndinin da\u011f\u0131d\u0131lmas\u0131 v\u0259 yand\u0131r\u0131lmas\u0131, \u00e7oxsayl\u0131 evl\u0259rin talan edilm\u0259si, y\u00fczl\u0259rl\u0259 g\u00fcnahs\u0131z insan\u0131n, o c\u00fcml\u0259d\u0259n qad\u0131n v\u0259 u\u015faqlar\u0131n q\u0259tl\u0259 yetirilm\u0259si erm\u0259ni milll\u0259t\u00e7il\u0259rinin xalq\u0131m\u0131za qar\u015f\u0131 soyq\u0131r\u0131m\u0131 siyas\u0259tini \u0259ks etdir\u0259n konkret faktlar v\u0259 ac\u0131 tarixi h\u0259qiq\u0259tdir.<\/p>\n<p>Az\u0259rbaycan\u0131n tarixi torpaqlar\u0131na daxil olan \u0130r\u0259van \u015f\u0259h\u0259rind\u0259 v\u0259 onun \u0259traf\u0131nda 199 k\u0259nd yerl\u0259 yeksan edilib, 132 min az\u0259rbaycanl\u0131 amans\u0131zcas\u0131na \u00f6ld\u00fcr\u00fcl\u00fcb.<\/p>\n<p>H\u0259m\u00e7inin, az\u0259rbaycanl\u0131lara m\u0259xsus m\u0259kt\u0259bl\u0259rin, kitabxanalar\u0131n, m\u0259d\u0259niyy\u0259t ocaqlar\u0131n\u0131n, Bak\u0131n\u0131n \u0259n g\u00f6z\u0259l memarl\u0131q abid\u0259l\u0259rind\u0259n olan \u201c\u0130smailiyy\u0259\u201dnin yand\u0131r\u0131lmas\u0131, \u201cA\u00e7\u0131q s\u00f6z\u201d, \u201cKaspi\u201d, \u201cBaku\u201d q\u0259zetl\u0259rinin redaksiyalar\u0131n\u0131n, eyni zamanda, \u201cT\u0259z\u0259pir\u201d m\u0259scidinin minar\u0259l\u0259rinin da\u011f\u0131d\u0131lmas\u0131 erm\u0259ni vandalizminin daha bir n\u00fcmun\u0259sidir.<\/p>\n<div>1918-ci ild\u0259 erm\u0259nil\u0259rin t\u00f6r\u0259tdikl\u0259ri cinay\u0259tl\u0259r Az\u0259rbaycan xalq\u0131n\u0131n qan yadda\u015f\u0131na \u0259b\u0259di h\u0259kk olunub. 26 mart 1998-ci il tarixd\u0259 Prezident Heyd\u0259r \u018fliyevin imzalad\u0131\u011f\u0131 \u201cAz\u0259rbaycanl\u0131lar\u0131n soyq\u0131r\u0131m\u0131 haqq\u0131nda\u201d F\u0259rmanda h\u0259min d\u0259h\u015f\u0259tli hadis\u0259l\u0259r\u0259 siyasi qiym\u0259t verilib, 31 mart \u201cAz\u0259rbaycanl\u0131lar\u0131n Soyq\u0131r\u0131m\u0131 G\u00fcn\u00fc\u201d elan edilib\u00a0v\u0259 h\u0259r il \u00f6lk\u0259mizd\u0259 d\u00f6vl\u0259t s\u0259viyy\u0259sind\u0259 qeyd olunmaqdad\u0131r.<\/div>\n<div>Apar\u0131lm\u0131\u015f ara\u015fd\u0131rmalar n\u0259tic\u0259sind\u0259 \u00e7oxsayl\u0131 yeni faktlar v\u0259 s\u0259n\u0259dl\u0259r toplan\u0131b, h\u0259m\u00e7inin Qubada 1918-ci il hadis\u0259l\u0259ri zaman\u0131 erm\u0259nil\u0259rin t\u00f6r\u0259tdikl\u0259ri k\u00fctl\u0259vi insan q\u0259tll\u0259rini a\u015fkarlayan faktlar \u00fcz\u0259 \u00e7\u0131xar\u0131l\u0131b. Q\u0259tl\u0259 yetiril\u0259nl\u0259rin xatir\u0259sin\u0259 ehtiram \u0259lam\u0259ti olaraq yarad\u0131lm\u0131\u015f Quba Soyq\u0131r\u0131m\u0131 Memorial Kompleksi erm\u0259ni qatill\u0259rinin vandalizmini t\u0259sdiql\u0259y\u0259n \u0259yani d\u0259lill\u0259ri \u00f6z\u00fcnd\u0259 \u0259ks etdirir.<\/div>\n<div>1918-ci ild\u0259 erm\u0259ni quldur d\u0259st\u0259l\u0259rinin Az\u0259rbaycan\u0131n, dem\u0259k olar ki, b\u00fct\u00fcn \u0259razil\u0259rind\u0259 dinc \u0259haliy\u0259 qar\u015f\u0131 t\u00f6r\u0259tdikl\u0259ri v\u0259h\u015filikl\u0259r m\u0259hz soyq\u0131r\u0131m\u0131 cinay\u0259tidir. Minl\u0259rl\u0259 dinc az\u0259rbaycanl\u0131 yaln\u0131z etnik m\u0259nsubiyy\u0259tin\u0259 g\u00f6r\u0259 q\u0259tl\u0259 yetirilib. BMT Ba\u015f M\u0259clisinin 1946-c\u0131 il 11 dekabr tarixli 96 (I) sayl\u0131 q\u0259tnam\u0259sind\u0259 g\u00f6st\u0259rilir ki, soyq\u0131r\u0131m\u0131 insan qruplar\u0131n\u0131n ya\u015famaq h\u00fcququnu pozmaqla yana\u015f\u0131, insanl\u0131\u011fa qar\u015f\u0131 \u0259n a\u011f\u0131r cinay\u0259tl\u0259rd\u0259ndir. Soyq\u0131r\u0131m\u0131 cinay\u0259tinin \u0259lam\u0259tl\u0259ri BMT Ba\u015f M\u0259clisinin 9 dekabr 1948-ci il tarixli 260 (III) sayl\u0131 q\u0259tnam\u0259si il\u0259 q\u0259bul edilmi\u015f \u201cSoyq\u0131r\u0131m\u0131 cinay\u0259tinin qar\u015f\u0131s\u0131n\u0131n al\u0131nmas\u0131 v\u0259 c\u0259zaland\u0131r\u0131lmas\u0131 haqq\u0131nda\u201d Konvensiyada t\u0259sbit olunub.<\/div>\n<p>Konvensiyaya g\u00f6r\u0259, qabaqcadan d\u00fc\u015f\u00fcn\u00fclm\u00fc\u015f qaydada, h\u0259r hans\u0131 milli, etnik, irqi, yaxud dini qrupun k\u00fctl\u0259vi \u015f\u0259kild\u0259 tam v\u0259 ya qism\u0259n m\u0259hv edilm\u0259si niyy\u0259ti il\u0259 t\u00f6r\u0259dilmi\u015f cinay\u0259t \u0259m\u0259ll\u0259ri soyq\u0131r\u0131m\u0131 akt\u0131d\u0131r. Bu s\u0259n\u0259dd\u0259 g\u00f6st\u0259ril\u0259n \u0259m\u0259ll\u0259rd\u0259n h\u0259r biri 1918-ci ilin mart-aprel aylar\u0131nda erm\u0259nil\u0259r t\u0259r\u0259find\u0259n az\u0259rbaycanl\u0131lara qar\u015f\u0131 h\u0259yata ke\u00e7irilib v\u0259 odur ki, bu hadis\u0259l\u0259r beyn\u0259lxalq h\u00fcquq normalar\u0131na \u0259sas\u0259n, soyq\u0131r\u0131m\u0131 kimi qiym\u0259tl\u0259ndirilm\u0259lidir.<\/p>\n<div>Tarixi faktlar g\u00f6st\u0259rir ki, az\u0259rbaycanl\u0131lar\u0131n erm\u0259nil\u0259r t\u0259r\u0259find\u0259n q\u0259tl\u0259 yetirilm\u0259si, soyq\u0131r\u0131m\u0131na m\u0259ruz qoyulmas\u0131, habel\u0259 erm\u0259ni mill\u0259t\u00e7il\u0259rinin t\u0259cav\u00fczkar iddialar\u0131 sonrak\u0131 d\u00f6vrl\u0259rd\u0259 d\u0259 davam edib. Bel\u0259 ki, 1920-ci ilin may ay\u0131ndan 1921-ci ilin noyabr\u0131na q\u0259d\u0259r Az\u0259rbaycanda erm\u0259nil\u0259r t\u0259r\u0259find\u0259n 48 min n\u0259f\u0259r az\u0259rbaycanl\u0131 q\u0259tl\u0259 yetirilib.<\/div>\n<div>1988-ci ild\u0259n erm\u0259ni mill\u0259t\u00e7il\u0259ri yenid\u0259n f\u0259alla\u015fma\u011fa ba\u015flay\u0131blar. SSR\u0130 r\u0259hb\u0259rliyinin raz\u0131l\u0131\u011f\u0131 il\u0259 Erm\u0259nistan Az\u0259rbaycana qar\u015f\u0131 \u0259razi iddialar\u0131 ir\u0259li s\u00fcr\u00fcb, i\u015f\u011fal\u00e7\u0131l\u0131q siyas\u0259tin\u0259 ba\u015flay\u0131b, soyq\u0131r\u0131m\u0131 cinay\u0259tl\u0259ri t\u00f6r\u0259dib v\u0259 bu g\u00fcn d\u0259 h\u0259min t\u0259cav\u00fcz\u00fcn a\u011f\u0131r n\u0259tic\u0259l\u0259ri davam edir.<\/div>\n<div>Erm\u0259nistan\u0131n etnik t\u0259mizl\u0259m\u0259 v\u0259 i\u015f\u011fal\u00e7\u0131l\u0131q siyas\u0259ti n\u0259tic\u0259sind\u0259 Az\u0259rbaycan \u0259razisinin 20 faizi i\u015f\u011fal edilib, bir milyondan \u00e7ox az\u0259rbaycanl\u0131 qa\u00e7q\u0131n v\u0259 m\u0259cburi k\u00f6\u00e7k\u00fcn v\u0259ziyy\u0259tin\u0259 d\u00fc\u015f\u00fcb, onlar\u0131n b\u00fct\u00fcn fundamental h\u00fcquqlar\u0131 k\u00fctl\u0259vi \u015f\u0259kild\u0259 kobudcas\u0131na pozulub.<\/div>\n<p>Erm\u0259nistan\u0131n silahl\u0131 q\u00fcvv\u0259l\u0259ri 1992-ci il fevral\u0131n 25-d\u0259n 26-na ke\u00e7\u0259n gec\u0259 Xocal\u0131 \u015f\u0259h\u0259rind\u0259 az\u0259rbaycanl\u0131lara qar\u015f\u0131 XX \u0259srin \u0259n d\u0259h\u015f\u0259tli soyq\u0131r\u0131mlar\u0131ndan birini t\u00f6r\u0259dib v\u0259 \u015f\u0259h\u0259ri viran edibl\u0259r. Xocal\u0131 \u015f\u0259h\u0259ri il\u0259 yana\u015f\u0131, erm\u0259ni mill\u0259t\u00e7il\u0259ri v\u0259 terror\u00e7ular\u0131 K\u0259rkicahan, Mal\u0131b\u0259yli, Qu\u015f\u00e7ular, Qarada\u011fl\u0131, A\u011fdaban k\u0259ndl\u0259rind\u0259 v\u0259 dig\u0259r ya\u015fay\u0131\u015f m\u0259nt\u0259q\u0259l\u0259rind\u0259 d\u0259 soyq\u0131r\u0131mlar, k\u00fctl\u0259vi q\u0131r\u011f\u0131nlar t\u00f6r\u0259dibl\u0259r.<\/p>\n<div>Biz beyn\u0259lxalq h\u00fcquq normalar\u0131 v\u0259 prinsipl\u0259rini r\u0259hb\u0259r tutaraq d\u00fcnya ictimaiyy\u0259tini \u2013 d\u00f6vl\u0259tl\u0259ri v\u0259 beyn\u0259lxalq t\u0259\u015fkilatlar\u0131 31 mart &#8211; Az\u0259rbaycanl\u0131lar\u0131n Soyq\u0131r\u0131m\u0131n\u0131 tan\u0131ma\u011fa, q\u0259tiyy\u0259tli v\u0259 \u0259dal\u0259tli m\u00f6vqe n\u00fcmayi\u015f etdirm\u0259y\u0259 \u00e7a\u011f\u0131r\u0131r\u0131q. Az\u0259rbaycan\u0131n BMT t\u0259r\u0259find\u0259n tan\u0131nan \u0259z\u0259li torpaqlar\u0131n\u0131 i\u015f\u011fal alt\u0131nda saxlayan, az\u0259rbaycanl\u0131lara qar\u015f\u0131 t\u0259cav\u00fczkar siyas\u0259t yerid\u0259r\u0259k \u00e7oxsayl\u0131 soyq\u0131r\u0131m\u0131 aktlar\u0131 t\u00f6r\u0259tmi\u015f Erm\u0259nistana qar\u015f\u0131 sanksiyalar t\u0259tbiq olunmal\u0131, Az\u0259rbaycan\u0131n \u0259razi b\u00fct\u00f6vl\u00fcy\u00fc, qa\u00e7q\u0131n v\u0259 m\u0259cburi k\u00f6\u00e7k\u00fcn soyda\u015flar\u0131m\u0131z\u0131n pozulmu\u015f fundamental h\u00fcquqlar\u0131 b\u0259rpa edilm\u0259li, dinc insanlar\u0131 q\u0259tl\u0259 yetir\u0259n cinay\u0259tkarlar tezlikl\u0259 \u0259dal\u0259t m\u00fchakim\u0259sin\u0259 c\u0259lb olunmal\u0131 v\u0259 c\u0259zaland\u0131r\u0131lmal\u0131d\u0131rlar.<\/div>\n","protected":false},"excerpt":{"rendered":"<p>Az\u0259rbaycan Respublikas\u0131n\u0131n \u0130nsan H\u00fcquqlar\u0131 \u00fczr\u0259 M\u00fcv\u0259kkili\u00a0(Ombudsman) 31 mart &#8211; Az\u0259rbaycanl\u0131lar\u0131n Soyq\u0131r\u0131m\u0131 G\u00fcn\u00fc il\u0259 \u0259laq\u0259dar b\u0259yanat yay\u0131b. B\u0259yanatda deyilir: \u201cTarix boyu t\u0259cav\u00fczkarl\u0131q, etnik t\u0259mizl\u0259m\u0259 v\u0259 soyq\u0131r\u0131m\u0131 siyas\u0259ti h\u0259yata ke\u00e7ir\u0259n erm\u0259ni mill\u0259t\u00e7il\u0259rinin xalq\u0131m\u0131za qar\u015f\u0131 t\u00f6r\u0259tdikl\u0259ri soyq\u0131r\u0131m\u0131 aktlar\u0131 s\u0131ras\u0131nda 31 mart soyq\u0131r\u0131m\u0131 x\u00fcsusi yer tutur. 1918-ci il mart ay\u0131n\u0131n 30-da Bak\u0131da erm\u0259ni kils\u0259si yan\u0131nda topla\u015fan da\u015fnak d\u0259st\u0259sinin m\u00fcs\u0259lmanlara ilk at\u0259\u015fi a\u00e7mas\u0131, bir g\u00fcn sonra is\u0259 bol\u015fevik-da\u015fnak qrupla\u015fmalar\u0131n\u0131n az\u0259rbaycanl\u0131lar ya\u015fayan \u201cK\u0259rpicxana\u201d, \u201cM\u0259mm\u0259dli\u201d v\u0259 ba\u015fqa m\u0259h\u0259ll\u0259l\u0259r\u0259 h\u00fccum etm\u0259l\u0259ri il\u0259 ba\u015flayan qanl\u0131 hadis\u0259l\u0259r n\u0259tic\u0259sind\u0259 erm\u0259ni vandallar\u0131 insanl\u0131q \u0259leyhin\u0259 cinay\u0259tl\u0259r t\u00f6r\u0259dibl\u0259r. Erm\u0259nil\u0259r Bak\u0131 il\u0259 yana\u015f\u0131, Quba, \u015eamax\u0131,&hellip;<\/p>\n","protected":false},"author":2,"featured_media":144051,"comment_status":"closed","ping_status":"closed","sticky":false,"template":"","format":"standard","meta":{"om_disable_all_campaigns":false,"_monsterinsights_skip_tracking":false,"_monsterinsights_sitenote_active":false,"_monsterinsights_sitenote_note":"","_monsterinsights_sitenote_category":0},"categories":[4],"tags":[],"aioseo_notices":[],"gutentor_comment":0,"rttpg_featured_image_url":{"full":["https:\/\/arantv.az\/wp-content\/uploads\/2020\/03\/sebine.jpg",620,349,false],"landscape":["https:\/\/arantv.az\/wp-content\/uploads\/2020\/03\/sebine.jpg",620,349,false],"portraits":["https:\/\/arantv.az\/wp-content\/uploads\/2020\/03\/sebine.jpg",620,349,false],"thumbnail":["https:\/\/arantv.az\/wp-content\/uploads\/2020\/03\/sebine-150x150.jpg",150,150,true],"medium":["https:\/\/arantv.az\/wp-content\/uploads\/2020\/03\/sebine-300x169.jpg",300,169,true],"large":["https:\/\/arantv.az\/wp-content\/uploads\/2020\/03\/sebine.jpg",620,349,false],"1536x1536":["https:\/\/arantv.az\/wp-content\/uploads\/2020\/03\/sebine.jpg",620,349,false],"2048x2048":["https:\/\/arantv.az\/wp-content\/uploads\/2020\/03\/sebine.jpg",620,349,false],"post-thumbnail":["https:\/\/arantv.az\/wp-content\/uploads\/2020\/03\/sebine-240x172.jpg",240,172,true],"advps-thumb-one":["https:\/\/arantv.az\/wp-content\/uploads\/2020\/03\/sebine.jpg",620,349,false]},"rttpg_author":{"display_name":"V\u00fcsal Rafiqo\u011flu","author_link":"https:\/\/arantv.az\/?author=2"},"rttpg_comment":0,"rttpg_category":"<a href=\"https:\/\/arantv.az\/?cat=4\" rel=\"category\">Siyas\u0259t<\/a>","rttpg_excerpt":"Az\u0259rbaycan Respublikas\u0131n\u0131n \u0130nsan H\u00fcquqlar\u0131 \u00fczr\u0259 M\u00fcv\u0259kkili\u00a0(Ombudsman) 31 mart &#8211; Az\u0259rbaycanl\u0131lar\u0131n Soyq\u0131r\u0131m\u0131 G\u00fcn\u00fc il\u0259 \u0259laq\u0259dar b\u0259yanat yay\u0131b. B\u0259yanatda deyilir: \u201cTarix boyu t\u0259cav\u00fczkarl\u0131q, etnik t\u0259mizl\u0259m\u0259 v\u0259 soyq\u0131r\u0131m\u0131 siyas\u0259ti h\u0259yata ke\u00e7ir\u0259n erm\u0259ni mill\u0259t\u00e7il\u0259rinin xalq\u0131m\u0131za qar\u015f\u0131 t\u00f6r\u0259tdikl\u0259ri soyq\u0131r\u0131m\u0131 aktlar\u0131 s\u0131ras\u0131nda 31 mart soyq\u0131r\u0131m\u0131 x\u00fcsusi yer tutur. 1918-ci il mart ay\u0131n\u0131n 30-da Bak\u0131da erm\u0259ni kils\u0259si yan\u0131nda topla\u015fan da\u015fnak d\u0259st\u0259sinin m\u00fcs\u0259lmanlara&hellip;","_links":{"self":[{"href":"https:\/\/arantv.az\/index.php?rest_route=\/wp\/v2\/posts\/144050"}],"collection":[{"href":"https:\/\/arantv.az\/index.php?rest_route=\/wp\/v2\/posts"}],"about":[{"href":"https:\/\/arantv.az\/index.php?rest_route=\/wp\/v2\/types\/post"}],"author":[{"embeddable":true,"href":"https:\/\/arantv.az\/index.php?rest_route=\/wp\/v2\/users\/2"}],"replies":[{"embeddable":true,"href":"https:\/\/arantv.az\/index.php?rest_route=%2Fwp%2Fv2%2Fcomments&post=144050"}],"version-history":[{"count":0,"href":"https:\/\/arantv.az\/index.php?rest_route=\/wp\/v2\/posts\/144050\/revisions"}],"wp:featuredmedia":[{"embeddable":true,"href":"https:\/\/arantv.az\/index.php?rest_route=\/wp\/v2\/media\/144051"}],"wp:attachment":[{"href":"https:\/\/arantv.az\/index.php?rest_route=%2Fwp%2Fv2%2Fmedia&parent=144050"}],"wp:term":[{"taxonomy":"category","embeddable":true,"href":"https:\/\/arantv.az\/index.php?rest_route=%2Fwp%2Fv2%2Fcategories&post=144050"},{"taxonomy":"post_tag","embeddable":true,"href":"https:\/\/arantv.az\/index.php?rest_route=%2Fwp%2Fv2%2Ftags&post=144050"}],"curies":[{"name":"wp","href":"https:\/\/api.w.org\/{rel}","templated":true}]}}