{"id":144054,"date":"2020-03-19T15:27:01","date_gmt":"2020-03-19T12:27:01","guid":{"rendered":"http:\/\/arantv.az\/?p=144054"},"modified":"2020-03-19T15:27:01","modified_gmt":"2020-03-19T12:27:01","slug":"az%c9%99rbaycanda-pensiyalar-vaxtindan-%c9%99vv%c9%99l-od%c9%99nildi","status":"publish","type":"post","link":"https:\/\/arantv.az\/?p=144054","title":{"rendered":"Az\u0259rbaycanda pensiyalar vaxt\u0131ndan \u0259vv\u0259l \u00f6d\u0259nildi"},"content":{"rendered":"<p><strong>Novruz bayram\u0131 il\u0259 \u0259laq\u0259dar mart ay\u0131 \u00fczr\u0259 b\u00fct\u00fcn pensiyalar\u0131n \u00f6d\u0259ni\u015fi qrafikd\u0259 n\u0259z\u0259rd\u0259 tutuldu\u011fundan \u0259vv\u0259l, bayram \u0259r\u0259f\u0259sind\u0259 yekunla\u015f\u0131b.\u00a0<\/strong><\/p>\n<p><b>ARANTV.AZ\u00a0<\/b> x\u0259b\u0259r verir ki, bunu \u018fm\u0259k v\u0259 \u018fhalinin Sosial M\u00fcdafi\u0259si Nazirliyinin m\u0259tbuat xidm\u0259tinin r\u0259hb\u0259ri Fazil Tal\u0131bl\u0131 bildirib.<\/p>\n<div id=\"AdviadNativeVideo0\" class=\"AdviadNativeVideo\"><\/div>\n<p>&#8220;\u00d6d\u0259ni\u015fin h\u0259yata ke\u00e7irilm\u0259sin\u0259 h\u0259l\u0259 mart\u0131n ilk h\u0259ft\u0259sind\u0259 ba\u015flan\u0131lm\u0131\u015fd\u0131 v\u0259 b\u00fct\u00fcn \u00f6lk\u0259 \u00fczr\u0259 bu proses ba\u015fa \u00e7atd\u0131. X\u00fcsusi r\u00fctb\u0259li \u015f\u0259xsl\u0259rin, h\u0259rbi qulluq\u00e7ular\u0131n, d\u00f6vl\u0259t qulluq\u00e7ular\u0131n\u0131n v\u0259 b. da mart ay\u0131 \u00fczr\u0259 pensiyalar\u0131 \u00f6d\u0259nilib. Eyni zamanda, m\u00fcavin\u0259t v\u0259 t\u0259qa\u00fcdl\u0259rin d\u0259 qrafikd\u0259 n\u0259z\u0259rd\u0259 tutuldu\u011fundan \u0259vv\u0259l olmaqla bayrama q\u0259d\u0259rki g\u00fcnl\u0259rd\u0259 \u00f6d\u0259nilm\u0259si t\u0259min olunub&#8221;, &#8211; dey\u0259 o, qeyd edib.Unikal.org<\/p>\n","protected":false},"excerpt":{"rendered":"<p>Novruz bayram\u0131 il\u0259 \u0259laq\u0259dar mart ay\u0131 \u00fczr\u0259 b\u00fct\u00fcn pensiyalar\u0131n \u00f6d\u0259ni\u015fi qrafikd\u0259 n\u0259z\u0259rd\u0259 tutuldu\u011fundan \u0259vv\u0259l, bayram \u0259r\u0259f\u0259sind\u0259 yekunla\u015f\u0131b.\u00a0 ARANTV.AZ\u00a0 x\u0259b\u0259r verir ki, bunu \u018fm\u0259k v\u0259 \u018fhalinin Sosial M\u00fcdafi\u0259si Nazirliyinin m\u0259tbuat xidm\u0259tinin r\u0259hb\u0259ri Fazil Tal\u0131bl\u0131 bildirib. &#8220;\u00d6d\u0259ni\u015fin h\u0259yata ke\u00e7irilm\u0259sin\u0259 h\u0259l\u0259 mart\u0131n ilk h\u0259ft\u0259sind\u0259 ba\u015flan\u0131lm\u0131\u015fd\u0131 v\u0259 b\u00fct\u00fcn \u00f6lk\u0259 \u00fczr\u0259 bu proses ba\u015fa \u00e7atd\u0131. X\u00fcsusi r\u00fctb\u0259li \u015f\u0259xsl\u0259rin, h\u0259rbi qulluq\u00e7ular\u0131n, d\u00f6vl\u0259t qulluq\u00e7ular\u0131n\u0131n v\u0259 b. da mart ay\u0131 \u00fczr\u0259 pensiyalar\u0131 \u00f6d\u0259nilib. Eyni zamanda, m\u00fcavin\u0259t v\u0259 t\u0259qa\u00fcdl\u0259rin d\u0259 qrafikd\u0259 n\u0259z\u0259rd\u0259 tutuldu\u011fundan \u0259vv\u0259l olmaqla bayrama q\u0259d\u0259rki g\u00fcnl\u0259rd\u0259 \u00f6d\u0259nilm\u0259si t\u0259min olunub&#8221;, &#8211; dey\u0259 o, qeyd edib.Unikal.org<\/p>\n","protected":false},"author":2,"featured_media":144055,"comment_status":"closed","ping_status":"closed","sticky":false,"template":"","format":"standard","meta":{"om_disable_all_campaigns":false,"_monsterinsights_skip_tracking":false,"_monsterinsights_sitenote_active":false,"_monsterinsights_sitenote_note":"","_monsterinsights_sitenote_category":0},"categories":[1],"tags":[],"aioseo_notices":[],"gutentor_comment":0,"rttpg_featured_image_url":{"full":["https:\/\/arantv.az\/wp-content\/uploads\/2020\/03\/5b2260ce81de8_pensiya.jpg",576,384,false],"landscape":["https:\/\/arantv.az\/wp-content\/uploads\/2020\/03\/5b2260ce81de8_pensiya.jpg",576,384,false],"portraits":["https:\/\/arantv.az\/wp-content\/uploads\/2020\/03\/5b2260ce81de8_pensiya.jpg",576,384,false],"thumbnail":["https:\/\/arantv.az\/wp-content\/uploads\/2020\/03\/5b2260ce81de8_pensiya-150x150.jpg",150,150,true],"medium":["https:\/\/arantv.az\/wp-content\/uploads\/2020\/03\/5b2260ce81de8_pensiya-300x200.jpg",300,200,true],"large":["https:\/\/arantv.az\/wp-content\/uploads\/2020\/03\/5b2260ce81de8_pensiya.jpg",576,384,false],"1536x1536":["https:\/\/arantv.az\/wp-content\/uploads\/2020\/03\/5b2260ce81de8_pensiya.jpg",576,384,false],"2048x2048":["https:\/\/arantv.az\/wp-content\/uploads\/2020\/03\/5b2260ce81de8_pensiya.jpg",576,384,false],"post-thumbnail":["https:\/\/arantv.az\/wp-content\/uploads\/2020\/03\/5b2260ce81de8_pensiya-240x172.jpg",240,172,true],"advps-thumb-one":["https:\/\/arantv.az\/wp-content\/uploads\/2020\/03\/5b2260ce81de8_pensiya.jpg",576,384,false]},"rttpg_author":{"display_name":"V\u00fcsal Rafiqo\u011flu","author_link":"https:\/\/arantv.az\/?author=2"},"rttpg_comment":0,"rttpg_category":"<a href=\"https:\/\/arantv.az\/?cat=1\" rel=\"category\">C\u0259miyy\u0259t<\/a>","rttpg_excerpt":"Novruz bayram\u0131 il\u0259 \u0259laq\u0259dar mart ay\u0131 \u00fczr\u0259 b\u00fct\u00fcn pensiyalar\u0131n \u00f6d\u0259ni\u015fi qrafikd\u0259 n\u0259z\u0259rd\u0259 tutuldu\u011fundan \u0259vv\u0259l, bayram \u0259r\u0259f\u0259sind\u0259 yekunla\u015f\u0131b.\u00a0 ARANTV.AZ\u00a0 x\u0259b\u0259r verir ki, bunu \u018fm\u0259k v\u0259 \u018fhalinin Sosial M\u00fcdafi\u0259si Nazirliyinin m\u0259tbuat xidm\u0259tinin r\u0259hb\u0259ri Fazil Tal\u0131bl\u0131 bildirib. &#8220;\u00d6d\u0259ni\u015fin h\u0259yata ke\u00e7irilm\u0259sin\u0259 h\u0259l\u0259 mart\u0131n ilk h\u0259ft\u0259sind\u0259 ba\u015flan\u0131lm\u0131\u015fd\u0131 v\u0259 b\u00fct\u00fcn \u00f6lk\u0259 \u00fczr\u0259 bu proses ba\u015fa \u00e7atd\u0131. X\u00fcsusi r\u00fctb\u0259li \u015f\u0259xsl\u0259rin, h\u0259rbi qulluq\u00e7ular\u0131n,&hellip;","_links":{"self":[{"href":"https:\/\/arantv.az\/index.php?rest_route=\/wp\/v2\/posts\/144054"}],"collection":[{"href":"https:\/\/arantv.az\/index.php?rest_route=\/wp\/v2\/posts"}],"about":[{"href":"https:\/\/arantv.az\/index.php?rest_route=\/wp\/v2\/types\/post"}],"author":[{"embeddable":true,"href":"https:\/\/arantv.az\/index.php?rest_route=\/wp\/v2\/users\/2"}],"replies":[{"embeddable":true,"href":"https:\/\/arantv.az\/index.php?rest_route=%2Fwp%2Fv2%2Fcomments&post=144054"}],"version-history":[{"count":0,"href":"https:\/\/arantv.az\/index.php?rest_route=\/wp\/v2\/posts\/144054\/revisions"}],"wp:featuredmedia":[{"embeddable":true,"href":"https:\/\/arantv.az\/index.php?rest_route=\/wp\/v2\/media\/144055"}],"wp:attachment":[{"href":"https:\/\/arantv.az\/index.php?rest_route=%2Fwp%2Fv2%2Fmedia&parent=144054"}],"wp:term":[{"taxonomy":"category","embeddable":true,"href":"https:\/\/arantv.az\/index.php?rest_route=%2Fwp%2Fv2%2Fcategories&post=144054"},{"taxonomy":"post_tag","embeddable":true,"href":"https:\/\/arantv.az\/index.php?rest_route=%2Fwp%2Fv2%2Ftags&post=144054"}],"curies":[{"name":"wp","href":"https:\/\/api.w.org\/{rel}","templated":true}]}}