{"id":144143,"date":"2020-03-19T16:21:06","date_gmt":"2020-03-19T13:21:06","guid":{"rendered":"http:\/\/arantv.az\/?p=144143"},"modified":"2020-03-19T16:21:06","modified_gmt":"2020-03-19T13:21:06","slug":"aydin-huseynov-koronavirusun-qarsisinin-alinmasinda-ictimaiyy%c9%99tin-uz%c9%99rin%c9%99-muhum-v%c9%99zif%c9%99l%c9%99r-dusur","status":"publish","type":"post","link":"https:\/\/arantv.az\/?p=144143","title":{"rendered":"Ayd\u0131n H\u00fcseynov: &#8220;Koronavirusun qar\u015f\u0131s\u0131n\u0131n al\u0131nmas\u0131nda ictimaiyy\u0259tin \u00fcz\u0259rin\u0259 m\u00fch\u00fcm v\u0259zif\u0259l\u0259r d\u00fc\u015f\u00fcr&#8221;"},"content":{"rendered":"<p>&#8220;\u00dcmumd\u00fcnya S\u0259hiyy\u0259 T\u0259\u015fkilat\u0131n\u0131n (\u00dcST) pandemiya elan etdiyi koronavirus t\u0259hl\u00fck\u0259si il\u0259 \u0259laq\u0259dar Az\u0259rbaycan d\u00f6vl\u0259ti v\u0259 h\u00f6kum\u0259tinin h\u0259yata ke\u00e7irdiyi fundamental qabaqlay\u0131c\u0131 t\u0259dbirl\u0259r onu dem\u0259y\u0259 \u0259sas verir ki, v\u0259t\u0259nda\u015flar\u0131m\u0131z ciddi t\u0259\u015fvi\u015f i\u00e7\u0259risind\u0259 olmamal\u0131d\u0131rlar&#8221;.<\/p>\n<p><strong>ARANTV.AZ<\/strong> x\u0259b\u0259r verir ki, bunu\u00a0<a href=\"https:\/\/az.trend.az\/\" target=\"_blank\" rel=\"noopener\">Trend<\/a>-\u0259 Milli M\u0259clisin deputat\u0131 Ayd\u0131n H\u00fcseynov deyib.<\/p>\n<p>A.H\u00fcseynov bildirib ki, qabaqlay\u0131c\u0131 t\u0259dbirl\u0259r g\u00f6r\u0259n \u00f6lk\u0259l\u0259rd\u0259 v\u0259ziyy\u0259t nisb\u0259t\u0259n daha q\u0259na\u0259tb\u0259x\u015fdir:<\/p>\n<p>&#8220;B\u0259llidir ki, bu virus insanlara tez yoluxur v\u0259 tibb\u0259 m\u0259lum olan m\u00fcalic\u0259 metodlar\u0131na \u00e7ox \u00e7\u0259tinlikl\u0259 cavab verir. \u0130mmuniteti g\u00fccl\u00fc olmayan insanlarda is\u0259 m\u00fcalic\u0259 \u00e7ox \u00e7\u0259tin olur v\u0259 b\u0259z\u0259n \u00f6l\u00fcml\u0259 n\u0259tic\u0259l\u0259nir. Bu bax\u0131mdan da virusun yay\u0131lmas\u0131n\u0131n qar\u015f\u0131s\u0131n\u0131n al\u0131nmas\u0131 istiqam\u0259tind\u0259 t\u0259dbirl\u0259rin g\u00f6r\u00fclm\u0259si daha effektivdir&#8221;.<\/p>\n<p>Deputat vur\u011fulay\u0131b ki, Az\u0259rbaycan h\u00f6kum\u0259ti virusun yay\u0131lmas\u0131n\u0131 \u0259ng\u0259ll\u0259m\u0259k \u00fc\u00e7\u00fcn kifay\u0259t q\u0259d\u0259r ciddi t\u0259dbirl\u0259r g\u00f6r\u00fcr:<\/p>\n<p>&#8220;D\u00f6vl\u0259timizin m\u0259qs\u0259di bu epidemiyan\u0131n Az\u0259rbaycanda geni\u015f yay\u0131lmas\u0131n\u0131n qar\u015f\u0131s\u0131n\u0131 almaq v\u0259 v\u0259t\u0259nda\u015flar\u0131 bu virusa yoluxmaqdan qorumaqd\u0131r.<\/p>\n<p>Bu s\u0259b\u0259bd\u0259n d\u0259 ictimaiyy\u0259tin d\u0259 \u00fcz\u0259rin\u0259 m\u00fch\u00fcm v\u0259zif\u0259l\u0259r d\u00fc\u015f\u00fcr. Panikayaya yol verm\u0259m\u0259k, imkan daxilind\u0259 evd\u0259 daha \u00e7ox olmaq, k\u00fctl\u0259vi t\u0259dbirl\u0259r\u0259, qonaql\u0131qlara, g\u0259zintil\u0259r\u0259 getm\u0259m\u0259k, \u00dcST v\u0259 Nazirl\u0259r Kabineti yan\u0131nda Operativ Q\u0259rargah\u0131n t\u0259l\u0259b v\u0259 t\u00f6vsiy\u0259l\u0259rin\u0259 \u0259m\u0259l etm\u0259k h\u0259r birimizin borcudur&#8221;.<\/p>\n<p>Xat\u0131rladaq ki, Prezident \u0130lham \u018fliyev yeni n\u00f6v koronavirus (COV\u0130D-19) infeksiyas\u0131 il\u0259 m\u00fcbariz\u0259 t\u0259dbirl\u0259rind\u0259 i\u015ftirak ed\u0259n tibb i\u015f\u00e7il\u0259rinin sosial m\u00fcdafi\u0259sinin g\u00fccl\u0259ndirilm\u0259si haqq\u0131nda S\u0259r\u0259ncam imzalay\u0131b.<\/p>\n<p>S\u0259r\u0259ncama \u0259sas\u0259n yeni n\u00f6v koronavirus (COV\u0130D-19) infeksiyas\u0131 il\u0259 \u0259laq\u0259li \u0259m\u0259k \u015f\u0259raitin\u0259 g\u00f6r\u0259 d\u00f6vl\u0259t tibb m\u00fc\u0259ssis\u0259l\u0259rind\u0259 \u00e7al\u0131\u015fan i\u015f\u00e7il\u0259rin \u0259m\u0259khaqlar\u0131na ayl\u0131q v\u0259zif\u0259 (tarif) maa\u015f\u0131n\u0131n 3-5 mislin\u0259d\u0259k miqdarda m\u00fcdd\u0259tli \u0259lav\u0259 m\u00fc\u0259yy\u0259n edilir.<\/p>\n<p>Nazirl\u0259r Kabinetin\u0259 bu S\u0259r\u0259ncamla m\u00fc\u0259yy\u0259n edil\u0259n m\u00fcdd\u0259tli \u0259lav\u0259nin \u015famil olunaca\u011f\u0131 tibb i\u015f\u00e7il\u0259rinin \u0259hat\u0259 dair\u0259sini, \u0259lav\u0259nin \u00f6d\u0259nilm\u0259 m\u00fcdd\u0259tini v\u0259 i\u015fin x\u00fcsusiyy\u0259tind\u0259n as\u0131l\u0131 olaraq miqdar\u0131n\u0131 m\u00fc\u0259yy\u0259n etm\u0259k, COV\u0130D-19 infeksiyas\u0131 il\u0259 m\u00fcbariz\u0259 t\u0259dbirl\u0259rin\u0259 c\u0259lb edil\u0259n \u00f6z\u0259l tibb m\u00fc\u0259ssis\u0259l\u0259rind\u0259 \u00e7al\u0131\u015fan tibb i\u015f\u00e7il\u0259rinin v\u0259 k\u00f6n\u00fcll\u00fcl\u0259rin \u0259m\u0259yinin \u00f6d\u0259nilm\u0259si \u015f\u0259rtl\u0259rini m\u00fc\u0259yy\u0259n etm\u0259k v\u0259 S\u0259r\u0259ncamdan ir\u0259li g\u0259l\u0259n dig\u0259r m\u0259s\u0259l\u0259l\u0259ri h\u0259ll etm\u0259k tap\u015f\u0131r\u0131l\u0131b.<\/p>\n","protected":false},"excerpt":{"rendered":"<p>&#8220;\u00dcmumd\u00fcnya S\u0259hiyy\u0259 T\u0259\u015fkilat\u0131n\u0131n (\u00dcST) pandemiya elan etdiyi koronavirus t\u0259hl\u00fck\u0259si il\u0259 \u0259laq\u0259dar Az\u0259rbaycan d\u00f6vl\u0259ti v\u0259 h\u00f6kum\u0259tinin h\u0259yata ke\u00e7irdiyi fundamental qabaqlay\u0131c\u0131 t\u0259dbirl\u0259r onu dem\u0259y\u0259 \u0259sas verir ki, v\u0259t\u0259nda\u015flar\u0131m\u0131z ciddi t\u0259\u015fvi\u015f i\u00e7\u0259risind\u0259 olmamal\u0131d\u0131rlar&#8221;. ARANTV.AZ x\u0259b\u0259r verir ki, bunu\u00a0Trend-\u0259 Milli M\u0259clisin deputat\u0131 Ayd\u0131n H\u00fcseynov deyib. A.H\u00fcseynov bildirib ki, qabaqlay\u0131c\u0131 t\u0259dbirl\u0259r g\u00f6r\u0259n \u00f6lk\u0259l\u0259rd\u0259 v\u0259ziyy\u0259t nisb\u0259t\u0259n daha q\u0259na\u0259tb\u0259x\u015fdir: &#8220;B\u0259llidir ki, bu virus insanlara tez yoluxur v\u0259 tibb\u0259 m\u0259lum olan m\u00fcalic\u0259 metodlar\u0131na \u00e7ox \u00e7\u0259tinlikl\u0259 cavab verir. \u0130mmuniteti g\u00fccl\u00fc olmayan insanlarda is\u0259 m\u00fcalic\u0259 \u00e7ox \u00e7\u0259tin olur v\u0259 b\u0259z\u0259n \u00f6l\u00fcml\u0259 n\u0259tic\u0259l\u0259nir. Bu bax\u0131mdan da virusun yay\u0131lmas\u0131n\u0131n qar\u015f\u0131s\u0131n\u0131n al\u0131nmas\u0131 istiqam\u0259tind\u0259&hellip;<\/p>\n","protected":false},"author":2,"featured_media":144144,"comment_status":"closed","ping_status":"closed","sticky":false,"template":"","format":"standard","meta":{"om_disable_all_campaigns":false,"_monsterinsights_skip_tracking":false,"_monsterinsights_sitenote_active":false,"_monsterinsights_sitenote_note":"","_monsterinsights_sitenote_category":0},"categories":[19],"tags":[],"aioseo_notices":[],"gutentor_comment":0,"rttpg_featured_image_url":{"full":["https:\/\/arantv.az\/wp-content\/uploads\/2020\/03\/835144.jpg",1000,667,false],"landscape":["https:\/\/arantv.az\/wp-content\/uploads\/2020\/03\/835144.jpg",1000,667,false],"portraits":["https:\/\/arantv.az\/wp-content\/uploads\/2020\/03\/835144.jpg",1000,667,false],"thumbnail":["https:\/\/arantv.az\/wp-content\/uploads\/2020\/03\/835144-150x150.jpg",150,150,true],"medium":["https:\/\/arantv.az\/wp-content\/uploads\/2020\/03\/835144-300x200.jpg",300,200,true],"large":["https:\/\/arantv.az\/wp-content\/uploads\/2020\/03\/835144.jpg",640,427,false],"1536x1536":["https:\/\/arantv.az\/wp-content\/uploads\/2020\/03\/835144.jpg",1000,667,false],"2048x2048":["https:\/\/arantv.az\/wp-content\/uploads\/2020\/03\/835144.jpg",1000,667,false],"post-thumbnail":["https:\/\/arantv.az\/wp-content\/uploads\/2020\/03\/835144-240x172.jpg",240,172,true],"advps-thumb-one":["https:\/\/arantv.az\/wp-content\/uploads\/2020\/03\/835144-1000x620.jpg",1000,620,true]},"rttpg_author":{"display_name":"V\u00fcsal Rafiqo\u011flu","author_link":"https:\/\/arantv.az\/?author=2"},"rttpg_comment":0,"rttpg_category":"<a href=\"https:\/\/arantv.az\/?cat=19\" rel=\"category\">G\u00fcnd\u0259m<\/a>","rttpg_excerpt":"&#8220;\u00dcmumd\u00fcnya S\u0259hiyy\u0259 T\u0259\u015fkilat\u0131n\u0131n (\u00dcST) pandemiya elan etdiyi koronavirus t\u0259hl\u00fck\u0259si il\u0259 \u0259laq\u0259dar Az\u0259rbaycan d\u00f6vl\u0259ti v\u0259 h\u00f6kum\u0259tinin h\u0259yata ke\u00e7irdiyi fundamental qabaqlay\u0131c\u0131 t\u0259dbirl\u0259r onu dem\u0259y\u0259 \u0259sas verir ki, v\u0259t\u0259nda\u015flar\u0131m\u0131z ciddi t\u0259\u015fvi\u015f i\u00e7\u0259risind\u0259 olmamal\u0131d\u0131rlar&#8221;. ARANTV.AZ x\u0259b\u0259r verir ki, bunu\u00a0Trend-\u0259 Milli M\u0259clisin deputat\u0131 Ayd\u0131n H\u00fcseynov deyib. A.H\u00fcseynov bildirib ki, qabaqlay\u0131c\u0131 t\u0259dbirl\u0259r g\u00f6r\u0259n \u00f6lk\u0259l\u0259rd\u0259 v\u0259ziyy\u0259t nisb\u0259t\u0259n daha q\u0259na\u0259tb\u0259x\u015fdir: &#8220;B\u0259llidir ki, bu&hellip;","_links":{"self":[{"href":"https:\/\/arantv.az\/index.php?rest_route=\/wp\/v2\/posts\/144143"}],"collection":[{"href":"https:\/\/arantv.az\/index.php?rest_route=\/wp\/v2\/posts"}],"about":[{"href":"https:\/\/arantv.az\/index.php?rest_route=\/wp\/v2\/types\/post"}],"author":[{"embeddable":true,"href":"https:\/\/arantv.az\/index.php?rest_route=\/wp\/v2\/users\/2"}],"replies":[{"embeddable":true,"href":"https:\/\/arantv.az\/index.php?rest_route=%2Fwp%2Fv2%2Fcomments&post=144143"}],"version-history":[{"count":0,"href":"https:\/\/arantv.az\/index.php?rest_route=\/wp\/v2\/posts\/144143\/revisions"}],"wp:featuredmedia":[{"embeddable":true,"href":"https:\/\/arantv.az\/index.php?rest_route=\/wp\/v2\/media\/144144"}],"wp:attachment":[{"href":"https:\/\/arantv.az\/index.php?rest_route=%2Fwp%2Fv2%2Fmedia&parent=144143"}],"wp:term":[{"taxonomy":"category","embeddable":true,"href":"https:\/\/arantv.az\/index.php?rest_route=%2Fwp%2Fv2%2Fcategories&post=144143"},{"taxonomy":"post_tag","embeddable":true,"href":"https:\/\/arantv.az\/index.php?rest_route=%2Fwp%2Fv2%2Ftags&post=144143"}],"curies":[{"name":"wp","href":"https:\/\/api.w.org\/{rel}","templated":true}]}}