{"id":144147,"date":"2020-03-19T16:22:09","date_gmt":"2020-03-19T13:22:09","guid":{"rendered":"http:\/\/arantv.az\/?p=144147"},"modified":"2020-03-19T16:22:09","modified_gmt":"2020-03-19T13:22:09","slug":"prezident-ilham-%c9%99liyev-tunisli-h%c9%99mkarini-t%c9%99brik-etdi","status":"publish","type":"post","link":"https:\/\/arantv.az\/?p=144147","title":{"rendered":"Prezident \u0130lham \u018fliyev tunisli h\u0259mkar\u0131n\u0131 t\u0259brik etdi"},"content":{"rendered":"<p>Az\u0259rbaycan Respublikas\u0131n\u0131n Prezidenti \u0130lham \u018fliyev Tunis Respublikas\u0131n\u0131n Prezidenti Kays Sayid\u0259 t\u0259brik m\u0259ktubu \u00fcnvanlay\u0131b.<\/p>\n<p><strong>ARANTV.AZ\u00a0<\/strong><a href=\"https:\/\/azertag.az\/\" target=\"_blank\" rel=\"noopener\">AZ\u018fRTAC<\/a>-a istinad\u0259n\u00a0x\u0259b\u0259r verir ki, t\u0259brik m\u0259tnind\u0259 deyilir:<\/p>\n<p>&#8220;H\u00f6rm\u0259tli c\u0259nab Prezident,<\/p>\n<p>Tunis Respublikas\u0131n\u0131n milli bayram\u0131 &#8211; M\u00fcst\u0259qillik G\u00fcn\u00fc m\u00fcnasib\u0259til\u0259 Sizi v\u0259 xalq\u0131n\u0131z\u0131 \u00f6z ad\u0131mdan v\u0259 Az\u0259rbaycan xalq\u0131 ad\u0131ndan s\u0259mimi-q\u0259lbd\u0259n t\u0259brik edir\u0259m.<\/p>\n<p>\u0130nan\u0131ram ki, Az\u0259rbaycan-Tunis dostluq \u0259laq\u0259l\u0259ri h\u0259m ikit\u0259r\u0259fli qaydada, h\u0259m d\u0259 beyn\u0259lxalq t\u0259\u015fkilatlar, x\u00fcsus\u0259n \u0130slam \u018fm\u0259kda\u015fl\u0131q T\u0259\u015fkilat\u0131 v\u0259 Qo\u015fulmama H\u0259r\u0259kat\u0131 \u00e7\u0259r\u00e7iv\u0259sind\u0259 bundan sonra da inki\u015faf ed\u0259c\u0259k v\u0259 m\u00f6hk\u0259ml\u0259n\u0259c\u0259kdir.<\/p>\n<p>Siz\u0259 cansa\u011fl\u0131\u011f\u0131, xo\u015fb\u0259xtlik, dost Tunis xalq\u0131na \u0259min-amanl\u0131q v\u0259 rifah arzulay\u0131ram&#8221;.<\/p>\n","protected":false},"excerpt":{"rendered":"<p>Az\u0259rbaycan Respublikas\u0131n\u0131n Prezidenti \u0130lham \u018fliyev Tunis Respublikas\u0131n\u0131n Prezidenti Kays Sayid\u0259 t\u0259brik m\u0259ktubu \u00fcnvanlay\u0131b. ARANTV.AZ\u00a0AZ\u018fRTAC-a istinad\u0259n\u00a0x\u0259b\u0259r verir ki, t\u0259brik m\u0259tnind\u0259 deyilir: &#8220;H\u00f6rm\u0259tli c\u0259nab Prezident, Tunis Respublikas\u0131n\u0131n milli bayram\u0131 &#8211; M\u00fcst\u0259qillik G\u00fcn\u00fc m\u00fcnasib\u0259til\u0259 Sizi v\u0259 xalq\u0131n\u0131z\u0131 \u00f6z ad\u0131mdan v\u0259 Az\u0259rbaycan xalq\u0131 ad\u0131ndan s\u0259mimi-q\u0259lbd\u0259n t\u0259brik edir\u0259m. \u0130nan\u0131ram ki, Az\u0259rbaycan-Tunis dostluq \u0259laq\u0259l\u0259ri h\u0259m ikit\u0259r\u0259fli qaydada, h\u0259m d\u0259 beyn\u0259lxalq t\u0259\u015fkilatlar, x\u00fcsus\u0259n \u0130slam \u018fm\u0259kda\u015fl\u0131q T\u0259\u015fkilat\u0131 v\u0259 Qo\u015fulmama H\u0259r\u0259kat\u0131 \u00e7\u0259r\u00e7iv\u0259sind\u0259 bundan sonra da inki\u015faf ed\u0259c\u0259k v\u0259 m\u00f6hk\u0259ml\u0259n\u0259c\u0259kdir. Siz\u0259 cansa\u011fl\u0131\u011f\u0131, xo\u015fb\u0259xtlik, dost Tunis xalq\u0131na \u0259min-amanl\u0131q v\u0259 rifah arzulay\u0131ram&#8221;.<\/p>\n","protected":false},"author":2,"featured_media":143978,"comment_status":"closed","ping_status":"closed","sticky":false,"template":"","format":"standard","meta":{"om_disable_all_campaigns":false,"_monsterinsights_skip_tracking":false,"_monsterinsights_sitenote_active":false,"_monsterinsights_sitenote_note":"","_monsterinsights_sitenote_category":0},"categories":[4],"tags":[],"aioseo_notices":[],"gutentor_comment":0,"rttpg_featured_image_url":{"full":["https:\/\/arantv.az\/wp-content\/uploads\/2020\/03\/ilham_aliyev_2020_001-3.jpg",800,550,false],"landscape":["https:\/\/arantv.az\/wp-content\/uploads\/2020\/03\/ilham_aliyev_2020_001-3.jpg",800,550,false],"portraits":["https:\/\/arantv.az\/wp-content\/uploads\/2020\/03\/ilham_aliyev_2020_001-3.jpg",800,550,false],"thumbnail":["https:\/\/arantv.az\/wp-content\/uploads\/2020\/03\/ilham_aliyev_2020_001-3-150x150.jpg",150,150,true],"medium":["https:\/\/arantv.az\/wp-content\/uploads\/2020\/03\/ilham_aliyev_2020_001-3-300x206.jpg",300,206,true],"large":["https:\/\/arantv.az\/wp-content\/uploads\/2020\/03\/ilham_aliyev_2020_001-3.jpg",640,440,false],"1536x1536":["https:\/\/arantv.az\/wp-content\/uploads\/2020\/03\/ilham_aliyev_2020_001-3.jpg",800,550,false],"2048x2048":["https:\/\/arantv.az\/wp-content\/uploads\/2020\/03\/ilham_aliyev_2020_001-3.jpg",800,550,false],"post-thumbnail":["https:\/\/arantv.az\/wp-content\/uploads\/2020\/03\/ilham_aliyev_2020_001-3-240x172.jpg",240,172,true],"advps-thumb-one":["https:\/\/arantv.az\/wp-content\/uploads\/2020\/03\/ilham_aliyev_2020_001-3.jpg",800,550,false]},"rttpg_author":{"display_name":"V\u00fcsal Rafiqo\u011flu","author_link":"https:\/\/arantv.az\/?author=2"},"rttpg_comment":0,"rttpg_category":"<a href=\"https:\/\/arantv.az\/?cat=4\" rel=\"category\">Siyas\u0259t<\/a>","rttpg_excerpt":"Az\u0259rbaycan Respublikas\u0131n\u0131n Prezidenti \u0130lham \u018fliyev Tunis Respublikas\u0131n\u0131n Prezidenti Kays Sayid\u0259 t\u0259brik m\u0259ktubu \u00fcnvanlay\u0131b. ARANTV.AZ\u00a0AZ\u018fRTAC-a istinad\u0259n\u00a0x\u0259b\u0259r verir ki, t\u0259brik m\u0259tnind\u0259 deyilir: &#8220;H\u00f6rm\u0259tli c\u0259nab Prezident, Tunis Respublikas\u0131n\u0131n milli bayram\u0131 &#8211; M\u00fcst\u0259qillik G\u00fcn\u00fc m\u00fcnasib\u0259til\u0259 Sizi v\u0259 xalq\u0131n\u0131z\u0131 \u00f6z ad\u0131mdan v\u0259 Az\u0259rbaycan xalq\u0131 ad\u0131ndan s\u0259mimi-q\u0259lbd\u0259n t\u0259brik edir\u0259m. \u0130nan\u0131ram ki, Az\u0259rbaycan-Tunis dostluq \u0259laq\u0259l\u0259ri h\u0259m ikit\u0259r\u0259fli qaydada, h\u0259m d\u0259 beyn\u0259lxalq t\u0259\u015fkilatlar,&hellip;","_links":{"self":[{"href":"https:\/\/arantv.az\/index.php?rest_route=\/wp\/v2\/posts\/144147"}],"collection":[{"href":"https:\/\/arantv.az\/index.php?rest_route=\/wp\/v2\/posts"}],"about":[{"href":"https:\/\/arantv.az\/index.php?rest_route=\/wp\/v2\/types\/post"}],"author":[{"embeddable":true,"href":"https:\/\/arantv.az\/index.php?rest_route=\/wp\/v2\/users\/2"}],"replies":[{"embeddable":true,"href":"https:\/\/arantv.az\/index.php?rest_route=%2Fwp%2Fv2%2Fcomments&post=144147"}],"version-history":[{"count":0,"href":"https:\/\/arantv.az\/index.php?rest_route=\/wp\/v2\/posts\/144147\/revisions"}],"wp:featuredmedia":[{"embeddable":true,"href":"https:\/\/arantv.az\/index.php?rest_route=\/wp\/v2\/media\/143978"}],"wp:attachment":[{"href":"https:\/\/arantv.az\/index.php?rest_route=%2Fwp%2Fv2%2Fmedia&parent=144147"}],"wp:term":[{"taxonomy":"category","embeddable":true,"href":"https:\/\/arantv.az\/index.php?rest_route=%2Fwp%2Fv2%2Fcategories&post=144147"},{"taxonomy":"post_tag","embeddable":true,"href":"https:\/\/arantv.az\/index.php?rest_route=%2Fwp%2Fv2%2Ftags&post=144147"}],"curies":[{"name":"wp","href":"https:\/\/api.w.org\/{rel}","templated":true}]}}