{"id":144155,"date":"2020-03-19T16:23:48","date_gmt":"2020-03-19T13:23:48","guid":{"rendered":"http:\/\/arantv.az\/?p=144155"},"modified":"2020-03-19T16:23:48","modified_gmt":"2020-03-19T13:23:48","slug":"koronavirusa-gor%c9%99-hotell%c9%99rin-boyuk-miqdarda-maliyy%c9%99-itkil%c9%99ri-olub","status":"publish","type":"post","link":"https:\/\/arantv.az\/?p=144155","title":{"rendered":"Koronavirusa g\u00f6r\u0259 hotell\u0259rin b\u00f6y\u00fck miqdarda maliyy\u0259 itkil\u0259ri olub"},"content":{"rendered":"<p><strong>&#8220;Koronavirusa g\u00f6r\u0259 yaranm\u0131\u015f qlobal b\u00f6hran Az\u0259rbaycandak\u0131 hotell\u0259rin b\u00f6y\u00fck miqdarda maliyy\u0259 itkil\u0259ri il\u0259 \u00fczl\u0259\u015fm\u0259sin\u0259 s\u0259b\u0259b olub&#8221;.<\/strong><\/p>\n<p><strong>ARANTV.AZ<\/strong>\u00a0 x\u0259b\u0259r verir ki, bunu\u00a0<a href=\"https:\/\/az.trend.az\/\" target=\"_blank\" rel=\"noopener\">Trend<\/a>-\u0259 Az\u0259rbaycan Hotel Assosiasiyas\u0131n\u0131n (AHA) ba\u015f icra\u00e7\u0131 direktoru G\u00fcnay Sa\u011flam deyib.<\/p>\n<p>Onun s\u00f6zl\u0259rin\u0259 g\u00f6r\u0259, v\u0259ziyy\u0259tl\u0259 \u0259laq\u0259dar h\u0259m Bak\u0131, h\u0259m d\u0259 regionlardak\u0131 hotell\u0259rd\u0259 m\u00fc\u015ft\u0259ril\u0259rin say\u0131 xeyli azal\u0131b:<\/p>\n<p>&#8220;\u018flb\u0259tt\u0259 ki, bu c\u00fcr probleml\u0259r ilk n\u00f6vb\u0259d\u0259 turizm\u0259, hotel\u00e7iliy\u0259 z\u0259rb\u0259 vurur. Regionlardak\u0131 hotell\u0259rin verdiyi m\u0259lumata g\u00f6r\u0259, Novruz bayram\u0131 il\u0259 \u0259laq\u0259dar insanlar rayonlara getm\u0259y\u0259 v\u0259 oradak\u0131 hotell\u0259rd\u0259 yerl\u0259\u015fm\u0259y\u0259 maraq g\u00f6st\u0259rmirl\u0259r. Haz\u0131rda \u0259sas m\u0259s\u0259l\u0259 insanlar\u0131n sa\u011flaml\u0131\u011f\u0131n\u0131n t\u0259hl\u00fck\u0259sizliyini t\u0259min etm\u0259k, Nazirl\u0259r Kabineti yan\u0131nda yan\u0131nda operativ q\u0259rargah\u0131n q\u0259rarlar\u0131na riay\u0259t etm\u0259kdir. \u0130nsanlar \u00f6z s\u0259yah\u0259tl\u0259rinin m\u00fcdd\u0259tl\u0259rinin m\u00fc\u0259yy\u0259n edilm\u0259si zaman\u0131 m\u00fctl\u0259q bu q\u0259rarlar\u0131 n\u0259z\u0259r\u0259 almal\u0131d\u0131rlar. AHA da hotell\u0259ri operativ q\u0259rargah\u0131n q\u0259rarlar\u0131n\u0131 t\u0259qib etm\u0259y\u0259 v\u0259 qaydalara riay\u0259t etm\u0259y\u0259 \u00e7a\u011f\u0131r\u0131r. Bu problem\u0259 g\u00f6r\u0259 ham\u0131 bir olmal\u0131 v\u0259 birg\u0259 h\u0259r\u0259k\u0259t etm\u0259lidir. Hotel\u00e7il\u0259r Az\u0259rbaycanda koronavirus infeksiyas\u0131n\u0131n yay\u0131lmas\u0131n\u0131n qar\u015f\u0131s\u0131n\u0131n al\u0131nmas\u0131, x\u0259st\u0259liyin profilaktikas\u0131, \u0259halinin m\u0259lumatland\u0131r\u0131lmas\u0131 v\u0259 maarifl\u0259ndirilm\u0259si m\u0259qs\u0259dil\u0259 Nazirl\u0259r Kabinetinin yan\u0131nda operativ q\u0259rargah t\u0259r\u0259find\u0259n istifad\u0259y\u0259 veril\u0259n www.koronavirusinfo.az informasiya portal\u0131ndan da m\u0259lumat \u0259ld\u0259 ed\u0259 bil\u0259rl\u0259r&#8221;.<\/p>\n<p>G.Sa\u011flam \u0259lav\u0259 edib ki, yerli turizm\u0259 d\u0259st\u0259k verm\u0259k \u00fc\u00e7\u00fcn mart\u0131n 11-d\u0259n D\u00f6vl\u0259t Turizm Agentliyi v\u0259 Az\u0259rbaycan Turizm B\u00fcrosunun d\u0259st\u0259yi il\u0259 &#8220;Mac\u0259ra Yax\u0131ndad\u0131r!&#8221; kampaniyas\u0131na da ba\u015flan\u0131lsa da, yaranm\u0131\u015f v\u0259ziyy\u0259tl\u0259 \u0259laq\u0259dar bu kampaniya m\u00fcv\u0259qq\u0259ti dayand\u0131r\u0131l\u0131b:<\/p>\n<div>\n<div id=\"AdviadNativeVideo0\" class=\"AdviadNativeVideo\">\n<div class=\"adviad-inboard\">\n<div>\n<div id=\"teads0\" class=\"adviad-player\"><\/div>\n<\/div>\n<\/div>\n<\/div>\n<\/div>\n<p>&#8220;Lakin bu kampaniya koronavirusa g\u00f6r\u0259 xarici \u00f6lk\u0259l\u0259r\u0259 s\u0259f\u0259rl\u0259rin m\u00fcmk\u00fcns\u00fczl\u00fcy\u00fc il\u0259 \u0259laq\u0259dar ba\u015flan\u0131lmay\u0131b. Kampaniya uzunm\u00fcdd\u0259tlidir. O, koronavirusla \u0259laq\u0259dar m\u00f6vcud v\u0259ziyy\u0259t\u0259 g\u00f6r\u0259 h\u0259l\u0259lik dayand\u0131r\u0131l\u0131b. V\u0259ziyy\u0259t normalla\u015fanda turizm\u0259 d\u0259st\u0259k \u00fc\u00e7\u00fcn bu kampaniyaya yenid\u0259n ba\u015flan\u0131lacaq. \u00dcmid edir\u0259m ki, v\u0259ziyy\u0259t yax\u015f\u0131la\u015fd\u0131qdan sonra Az\u0259rbaycan v\u0259t\u0259nda\u015flar\u0131n\u0131n s\u0259f\u0259r ed\u0259c\u0259yi ilk yer el\u0259 \u00f6z \u00f6lk\u0259mizin maraql\u0131 yerl\u0259ri olacaq. O zaman hotell\u0259r d\u0259 qonaqlar\u0131 q\u0259bul etm\u0259y\u0259 haz\u0131r olacaq&#8221;.<\/p>\n","protected":false},"excerpt":{"rendered":"<p>&#8220;Koronavirusa g\u00f6r\u0259 yaranm\u0131\u015f qlobal b\u00f6hran Az\u0259rbaycandak\u0131 hotell\u0259rin b\u00f6y\u00fck miqdarda maliyy\u0259 itkil\u0259ri il\u0259 \u00fczl\u0259\u015fm\u0259sin\u0259 s\u0259b\u0259b olub&#8221;. ARANTV.AZ\u00a0 x\u0259b\u0259r verir ki, bunu\u00a0Trend-\u0259 Az\u0259rbaycan Hotel Assosiasiyas\u0131n\u0131n (AHA) ba\u015f icra\u00e7\u0131 direktoru G\u00fcnay Sa\u011flam deyib. Onun s\u00f6zl\u0259rin\u0259 g\u00f6r\u0259, v\u0259ziyy\u0259tl\u0259 \u0259laq\u0259dar h\u0259m Bak\u0131, h\u0259m d\u0259 regionlardak\u0131 hotell\u0259rd\u0259 m\u00fc\u015ft\u0259ril\u0259rin say\u0131 xeyli azal\u0131b: &#8220;\u018flb\u0259tt\u0259 ki, bu c\u00fcr probleml\u0259r ilk n\u00f6vb\u0259d\u0259 turizm\u0259, hotel\u00e7iliy\u0259 z\u0259rb\u0259 vurur. Regionlardak\u0131 hotell\u0259rin verdiyi m\u0259lumata g\u00f6r\u0259, Novruz bayram\u0131 il\u0259 \u0259laq\u0259dar insanlar rayonlara getm\u0259y\u0259 v\u0259 oradak\u0131 hotell\u0259rd\u0259 yerl\u0259\u015fm\u0259y\u0259 maraq g\u00f6st\u0259rmirl\u0259r. Haz\u0131rda \u0259sas m\u0259s\u0259l\u0259 insanlar\u0131n sa\u011flaml\u0131\u011f\u0131n\u0131n t\u0259hl\u00fck\u0259sizliyini t\u0259min etm\u0259k, Nazirl\u0259r Kabineti yan\u0131nda yan\u0131nda operativ q\u0259rargah\u0131n q\u0259rarlar\u0131na riay\u0259t&hellip;<\/p>\n","protected":false},"author":2,"featured_media":144156,"comment_status":"closed","ping_status":"closed","sticky":false,"template":"","format":"standard","meta":{"om_disable_all_campaigns":false,"_monsterinsights_skip_tracking":false,"_monsterinsights_sitenote_active":false,"_monsterinsights_sitenote_note":"","_monsterinsights_sitenote_category":0},"categories":[1],"tags":[],"aioseo_notices":[],"gutentor_comment":0,"rttpg_featured_image_url":{"full":["https:\/\/arantv.az\/wp-content\/uploads\/2020\/03\/835141.jpg",660,440,false],"landscape":["https:\/\/arantv.az\/wp-content\/uploads\/2020\/03\/835141.jpg",660,440,false],"portraits":["https:\/\/arantv.az\/wp-content\/uploads\/2020\/03\/835141.jpg",660,440,false],"thumbnail":["https:\/\/arantv.az\/wp-content\/uploads\/2020\/03\/835141-150x150.jpg",150,150,true],"medium":["https:\/\/arantv.az\/wp-content\/uploads\/2020\/03\/835141-300x200.jpg",300,200,true],"large":["https:\/\/arantv.az\/wp-content\/uploads\/2020\/03\/835141.jpg",640,427,false],"1536x1536":["https:\/\/arantv.az\/wp-content\/uploads\/2020\/03\/835141.jpg",660,440,false],"2048x2048":["https:\/\/arantv.az\/wp-content\/uploads\/2020\/03\/835141.jpg",660,440,false],"post-thumbnail":["https:\/\/arantv.az\/wp-content\/uploads\/2020\/03\/835141-240x172.jpg",240,172,true],"advps-thumb-one":["https:\/\/arantv.az\/wp-content\/uploads\/2020\/03\/835141.jpg",660,440,false]},"rttpg_author":{"display_name":"V\u00fcsal Rafiqo\u011flu","author_link":"https:\/\/arantv.az\/?author=2"},"rttpg_comment":0,"rttpg_category":"<a href=\"https:\/\/arantv.az\/?cat=1\" rel=\"category\">C\u0259miyy\u0259t<\/a>","rttpg_excerpt":"&#8220;Koronavirusa g\u00f6r\u0259 yaranm\u0131\u015f qlobal b\u00f6hran Az\u0259rbaycandak\u0131 hotell\u0259rin b\u00f6y\u00fck miqdarda maliyy\u0259 itkil\u0259ri il\u0259 \u00fczl\u0259\u015fm\u0259sin\u0259 s\u0259b\u0259b olub&#8221;. ARANTV.AZ\u00a0 x\u0259b\u0259r verir ki, bunu\u00a0Trend-\u0259 Az\u0259rbaycan Hotel Assosiasiyas\u0131n\u0131n (AHA) ba\u015f icra\u00e7\u0131 direktoru G\u00fcnay Sa\u011flam deyib. Onun s\u00f6zl\u0259rin\u0259 g\u00f6r\u0259, v\u0259ziyy\u0259tl\u0259 \u0259laq\u0259dar h\u0259m Bak\u0131, h\u0259m d\u0259 regionlardak\u0131 hotell\u0259rd\u0259 m\u00fc\u015ft\u0259ril\u0259rin say\u0131 xeyli azal\u0131b: &#8220;\u018flb\u0259tt\u0259 ki, bu c\u00fcr probleml\u0259r ilk n\u00f6vb\u0259d\u0259 turizm\u0259, hotel\u00e7iliy\u0259 z\u0259rb\u0259&hellip;","_links":{"self":[{"href":"https:\/\/arantv.az\/index.php?rest_route=\/wp\/v2\/posts\/144155"}],"collection":[{"href":"https:\/\/arantv.az\/index.php?rest_route=\/wp\/v2\/posts"}],"about":[{"href":"https:\/\/arantv.az\/index.php?rest_route=\/wp\/v2\/types\/post"}],"author":[{"embeddable":true,"href":"https:\/\/arantv.az\/index.php?rest_route=\/wp\/v2\/users\/2"}],"replies":[{"embeddable":true,"href":"https:\/\/arantv.az\/index.php?rest_route=%2Fwp%2Fv2%2Fcomments&post=144155"}],"version-history":[{"count":0,"href":"https:\/\/arantv.az\/index.php?rest_route=\/wp\/v2\/posts\/144155\/revisions"}],"wp:featuredmedia":[{"embeddable":true,"href":"https:\/\/arantv.az\/index.php?rest_route=\/wp\/v2\/media\/144156"}],"wp:attachment":[{"href":"https:\/\/arantv.az\/index.php?rest_route=%2Fwp%2Fv2%2Fmedia&parent=144155"}],"wp:term":[{"taxonomy":"category","embeddable":true,"href":"https:\/\/arantv.az\/index.php?rest_route=%2Fwp%2Fv2%2Fcategories&post=144155"},{"taxonomy":"post_tag","embeddable":true,"href":"https:\/\/arantv.az\/index.php?rest_route=%2Fwp%2Fv2%2Ftags&post=144155"}],"curies":[{"name":"wp","href":"https:\/\/api.w.org\/{rel}","templated":true}]}}