{"id":144166,"date":"2020-03-19T16:54:01","date_gmt":"2020-03-19T13:54:01","guid":{"rendered":"http:\/\/arantv.az\/?p=144166"},"modified":"2020-03-19T16:54:01","modified_gmt":"2020-03-19T13:54:01","slug":"unicef-az%c9%99rbaycanda-tibb-iscil%c9%99rinin-sosial-mudafi%c9%99sinin-gucl%c9%99ndirilm%c9%99sini-alqislayir","status":"publish","type":"post","link":"https:\/\/arantv.az\/?p=144166","title":{"rendered":"UNICEF Az\u0259rbaycanda tibb i\u015f\u00e7il\u0259rinin sosial m\u00fcdafi\u0259sinin g\u00fccl\u0259ndirilm\u0259sini alq\u0131\u015flay\u0131r"},"content":{"rendered":"<p>UNICEF-in Az\u0259rbaycandak\u0131 n\u00fcmay\u0259nd\u0259liyi Prezident \u0130lham \u018fliyevin COVID-19 x\u0259st\u0259liyin\u0259 qar\u015f\u0131 m\u00fcbariz\u0259 t\u0259dbirl\u0259rind\u0259 i\u015ftirak ed\u0259n tibb i\u015f\u00e7il\u0259rinin sosial m\u00fcdafi\u0259sinin g\u00fccl\u0259ndirilm\u0259sini alq\u0131\u015flay\u0131r.<\/p>\n<p><strong>ARANTV.AZ\u00a0<\/strong>\u00a0<a href=\"https:\/\/az.trend.az\/\" target=\"_blank\" rel=\"noopener\">Trend<\/a>-\u0259 istinad\u0259n x\u0259b\u0259r verir ki, UN\u0130CEF bildirir ki, indi h\u0259r zamank\u0131ndan daha \u00e7ox, bizim sa\u011flaml\u0131\u011f\u0131m\u0131z\u0131 qoruma\u011fa \u00f6zl\u0259rini h\u0259sr etmi\u015f h\u0259kiml\u0259rin, tibb bac\u0131lar\u0131n\u0131n v\u0259 b\u00fct\u00fcn c\u0259sur tibb i\u015f\u00e7il\u0259rinin yan\u0131nda olmal\u0131y\u0131q:<\/p>\n<p>&#8220;Onlara qar\u015f\u0131 minn\u0259tdarl\u0131\u011f\u0131m\u0131z\u0131 g\u00f6st\u0259rm\u0259nin bir yolu da sa\u011flam qalmaq \u00fc\u00e7\u00fcn sosial izolyasiya daxil olmaqla onlar\u0131n t\u00f6vsiy\u0259 etdiyi b\u00fct\u00fcn profilaktik t\u0259dbirl\u0259r\u0259 riay\u0259t etm\u0259kdir&#8221;.<\/p>\n","protected":false},"excerpt":{"rendered":"<p>UNICEF-in Az\u0259rbaycandak\u0131 n\u00fcmay\u0259nd\u0259liyi Prezident \u0130lham \u018fliyevin COVID-19 x\u0259st\u0259liyin\u0259 qar\u015f\u0131 m\u00fcbariz\u0259 t\u0259dbirl\u0259rind\u0259 i\u015ftirak ed\u0259n tibb i\u015f\u00e7il\u0259rinin sosial m\u00fcdafi\u0259sinin g\u00fccl\u0259ndirilm\u0259sini alq\u0131\u015flay\u0131r. ARANTV.AZ\u00a0\u00a0Trend-\u0259 istinad\u0259n x\u0259b\u0259r verir ki, UN\u0130CEF bildirir ki, indi h\u0259r zamank\u0131ndan daha \u00e7ox, bizim sa\u011flaml\u0131\u011f\u0131m\u0131z\u0131 qoruma\u011fa \u00f6zl\u0259rini h\u0259sr etmi\u015f h\u0259kiml\u0259rin, tibb bac\u0131lar\u0131n\u0131n v\u0259 b\u00fct\u00fcn c\u0259sur tibb i\u015f\u00e7il\u0259rinin yan\u0131nda olmal\u0131y\u0131q: &#8220;Onlara qar\u015f\u0131 minn\u0259tdarl\u0131\u011f\u0131m\u0131z\u0131 g\u00f6st\u0259rm\u0259nin bir yolu da sa\u011flam qalmaq \u00fc\u00e7\u00fcn sosial izolyasiya daxil olmaqla onlar\u0131n t\u00f6vsiy\u0259 etdiyi b\u00fct\u00fcn profilaktik t\u0259dbirl\u0259r\u0259 riay\u0259t etm\u0259kdir&#8221;.<\/p>\n","protected":false},"author":2,"featured_media":144167,"comment_status":"closed","ping_status":"closed","sticky":false,"template":"","format":"standard","meta":{"om_disable_all_campaigns":false,"_monsterinsights_skip_tracking":false,"_monsterinsights_sitenote_active":false,"_monsterinsights_sitenote_note":"","_monsterinsights_sitenote_category":0},"categories":[1],"tags":[],"aioseo_notices":[],"gutentor_comment":0,"rttpg_featured_image_url":{"full":["https:\/\/arantv.az\/wp-content\/uploads\/2020\/03\/835200.jpg",450,333,false],"landscape":["https:\/\/arantv.az\/wp-content\/uploads\/2020\/03\/835200.jpg",450,333,false],"portraits":["https:\/\/arantv.az\/wp-content\/uploads\/2020\/03\/835200.jpg",450,333,false],"thumbnail":["https:\/\/arantv.az\/wp-content\/uploads\/2020\/03\/835200-150x150.jpg",150,150,true],"medium":["https:\/\/arantv.az\/wp-content\/uploads\/2020\/03\/835200-300x222.jpg",300,222,true],"large":["https:\/\/arantv.az\/wp-content\/uploads\/2020\/03\/835200.jpg",450,333,false],"1536x1536":["https:\/\/arantv.az\/wp-content\/uploads\/2020\/03\/835200.jpg",450,333,false],"2048x2048":["https:\/\/arantv.az\/wp-content\/uploads\/2020\/03\/835200.jpg",450,333,false],"post-thumbnail":["https:\/\/arantv.az\/wp-content\/uploads\/2020\/03\/835200-240x172.jpg",240,172,true],"advps-thumb-one":["https:\/\/arantv.az\/wp-content\/uploads\/2020\/03\/835200.jpg",450,333,false]},"rttpg_author":{"display_name":"V\u00fcsal Rafiqo\u011flu","author_link":"https:\/\/arantv.az\/?author=2"},"rttpg_comment":0,"rttpg_category":"<a href=\"https:\/\/arantv.az\/?cat=1\" rel=\"category\">C\u0259miyy\u0259t<\/a>","rttpg_excerpt":"UNICEF-in Az\u0259rbaycandak\u0131 n\u00fcmay\u0259nd\u0259liyi Prezident \u0130lham \u018fliyevin COVID-19 x\u0259st\u0259liyin\u0259 qar\u015f\u0131 m\u00fcbariz\u0259 t\u0259dbirl\u0259rind\u0259 i\u015ftirak ed\u0259n tibb i\u015f\u00e7il\u0259rinin sosial m\u00fcdafi\u0259sinin g\u00fccl\u0259ndirilm\u0259sini alq\u0131\u015flay\u0131r. ARANTV.AZ\u00a0\u00a0Trend-\u0259 istinad\u0259n x\u0259b\u0259r verir ki, UN\u0130CEF bildirir ki, indi h\u0259r zamank\u0131ndan daha \u00e7ox, bizim sa\u011flaml\u0131\u011f\u0131m\u0131z\u0131 qoruma\u011fa \u00f6zl\u0259rini h\u0259sr etmi\u015f h\u0259kiml\u0259rin, tibb bac\u0131lar\u0131n\u0131n v\u0259 b\u00fct\u00fcn c\u0259sur tibb i\u015f\u00e7il\u0259rinin yan\u0131nda olmal\u0131y\u0131q: &#8220;Onlara qar\u015f\u0131 minn\u0259tdarl\u0131\u011f\u0131m\u0131z\u0131 g\u00f6st\u0259rm\u0259nin bir yolu da&hellip;","_links":{"self":[{"href":"https:\/\/arantv.az\/index.php?rest_route=\/wp\/v2\/posts\/144166"}],"collection":[{"href":"https:\/\/arantv.az\/index.php?rest_route=\/wp\/v2\/posts"}],"about":[{"href":"https:\/\/arantv.az\/index.php?rest_route=\/wp\/v2\/types\/post"}],"author":[{"embeddable":true,"href":"https:\/\/arantv.az\/index.php?rest_route=\/wp\/v2\/users\/2"}],"replies":[{"embeddable":true,"href":"https:\/\/arantv.az\/index.php?rest_route=%2Fwp%2Fv2%2Fcomments&post=144166"}],"version-history":[{"count":0,"href":"https:\/\/arantv.az\/index.php?rest_route=\/wp\/v2\/posts\/144166\/revisions"}],"wp:featuredmedia":[{"embeddable":true,"href":"https:\/\/arantv.az\/index.php?rest_route=\/wp\/v2\/media\/144167"}],"wp:attachment":[{"href":"https:\/\/arantv.az\/index.php?rest_route=%2Fwp%2Fv2%2Fmedia&parent=144166"}],"wp:term":[{"taxonomy":"category","embeddable":true,"href":"https:\/\/arantv.az\/index.php?rest_route=%2Fwp%2Fv2%2Fcategories&post=144166"},{"taxonomy":"post_tag","embeddable":true,"href":"https:\/\/arantv.az\/index.php?rest_route=%2Fwp%2Fv2%2Ftags&post=144166"}],"curies":[{"name":"wp","href":"https:\/\/api.w.org\/{rel}","templated":true}]}}