{"id":144170,"date":"2020-03-19T16:54:58","date_gmt":"2020-03-19T13:54:58","guid":{"rendered":"http:\/\/arantv.az\/?p=144170"},"modified":"2020-03-19T16:54:58","modified_gmt":"2020-03-19T13:54:58","slug":"mubariz-qurbanli-koronavirusla-mubariz%c9%99d%c9%99-h%c9%99r-bir-v%c9%99t%c9%99ndasin-uz%c9%99rin%c9%99-muhum-m%c9%99suliyy%c9%99t-dusur","status":"publish","type":"post","link":"https:\/\/arantv.az\/?p=144170","title":{"rendered":"M\u00fcbariz Qurbanl\u0131: &#8220;Koronavirusla m\u00fcbariz\u0259d\u0259 h\u0259r bir v\u0259t\u0259nda\u015f\u0131n \u00fcz\u0259rin\u0259 m\u00fch\u00fcm m\u0259suliyy\u0259t d\u00fc\u015f\u00fcr&#8221;"},"content":{"rendered":"<p>&#8220;Koronavirusa qar\u015f\u0131 Az\u0259rbaycanda m\u0259qs\u0259dy\u00f6nl\u00fc m\u00fcbariz\u0259 apar\u0131l\u0131r, bununla ba\u011fl\u0131 Prezident \u0130lham \u018fliyevin tap\u015f\u0131r\u0131\u011f\u0131 il\u0259 Nazirl\u0259r Kabineti yan\u0131nda Operativ Q\u0259rargah yarad\u0131l\u0131b&#8221;.<\/p>\n<p><strong>ARANTV.AZ\u00a0<\/strong> x\u0259b\u0259r verir ki, bunu\u00a0<a href=\"https:\/\/az.trend.az\/\" target=\"_blank\" rel=\"noopener\">Trend<\/a>-\u0259 Dini Qurumlarla \u0130\u015f \u00fczr\u0259 D\u00f6vl\u0259t Komit\u0259sinin s\u0259dri, Yeni Az\u0259rbaycan Partiyas\u0131n\u0131n \u0130cra katibinin m\u00fcavini M\u00fcbariz Qurbanl\u0131 deyib.<\/p>\n<p>M.Qurbanl\u0131 bildirib ki, q\u0259rargah\u0131n t\u0259limat\u0131na uy\u011fun olaraq k\u00fctl\u0259vi t\u0259dbirl\u0259r dayand\u0131r\u0131l\u0131b:<\/p>\n<p>&#8220;Ona g\u00f6r\u0259 d\u0259 Az\u0259rbaycanda din\u0259 aid olan m\u0259b\u0259dl\u0259rd\u0259, ziyar\u0259tgahlarda, m\u0259scidl\u0259rd\u0259, kils\u0259l\u0259rd\u0259, sinaqoqlarda k\u00fctl\u0259vi topla\u015fma il\u0259 ba\u011fl\u0131 m\u0259s\u0259l\u0259l\u0259r\u0259 bax\u0131l\u0131b v\u0259 dini ayinl\u0259r dayand\u0131r\u0131l\u0131b. Bununla da insanlar\u0131n k\u00fctl\u0259vi \u015f\u0259kild\u0259 dini ayinl\u0259r\u0259 toplanmas\u0131 aradan qald\u0131r\u0131l\u0131b. Bu qayda Operativ Q\u0259rargah\u0131n k\u00fctl\u0259vi t\u0259dbirl\u0259rin ke\u00e7irilm\u0259si il\u0259 ba\u011fl\u0131 n\u00f6vb\u0259ti m\u00fcvafiq q\u0259rar\u0131na q\u0259d\u0259r davam ed\u0259c\u0259k&#8221;.<\/p>\n<p>Komit\u0259 s\u0259dri vur\u011fulay\u0131b ki, koronavirusla ba\u011fl\u0131 m\u00fcbariz\u0259d\u0259 h\u0259r bir v\u0259t\u0259nda\u015f\u0131n \u00fcz\u0259rin\u0259 m\u00fch\u00fcm m\u0259suliyy\u0259t d\u00fc\u015f\u00fcr:<\/p>\n<p>&#8220;Hesab edir\u0259m ki, burada v\u0259t\u0259nda\u015f m\u0259suliyy\u0259ti \u00e7ox m\u00fch\u00fcm rol oynay\u0131r. \u00c7\u00fcnki bu virusa qar\u015f\u0131 m\u00fcbariz\u0259 \u00fcmummilli, d\u00f6vl\u0259t t\u0259hl\u00fck\u0259sizliyi il\u0259 ba\u011fl\u0131 olan m\u0259s\u0259l\u0259dir. Burada h\u0259r bir Az\u0259rbaycan v\u0259t\u0259nda\u015f\u0131 bu m\u0259suliyy\u0259ti \u00fcz\u0259rind\u0259 hiss etm\u0259lidir, Operativ Q\u0259rargah\u0131n verdiyi q\u0259rar v\u0259 t\u00f6vsiy\u0259l\u0259r\u0259 tam \u015f\u0259kild\u0259 \u0259m\u0259l etm\u0259lidir v\u0259 bizim v\u0259t\u0259nda\u015flar\u0131m\u0131z burada milli birlik, milli h\u0259mr\u0259ylik v\u0259 d\u00f6vl\u0259t\u00e7ilik m\u0259s\u0259l\u0259l\u0259rind\u0259 tam birlik n\u00fcmayi\u015f etdirm\u0259lidir.<\/p>\n<p>Bu g\u00fcn m\u00f6ht\u0259r\u0259m Prezident \u0130lham \u018fliyevin Novruz bayram\u0131 m\u00fcnasib\u0259til\u0259 xalqa t\u0259briki zaman\u0131 s\u00f6yl\u0259diyi fikirl\u0259r, Prezidentin apard\u0131\u011f\u0131 siyas\u0259t xalq t\u0259r\u0259find\u0259n y\u00fcs\u0259k d\u0259r\u0259c\u0259d\u0259 d\u0259st\u0259kl\u0259nir. Ona g\u00f6r\u0259 d\u0259 koronavirusa qar\u015f\u0131 apar\u0131lan m\u00fcbariz\u0259d\u0259 birg\u0259 olmal\u0131y\u0131q, t\u0259l\u0259bl\u0259ri v\u0259 t\u00f6vsiy\u0259l\u0259ri yerin\u0259 yetirm\u0259liyik. Bununla ba\u011fl\u0131 d\u00f6vl\u0259t \u00e7ox ciddi add\u0131mlar at\u0131b, v\u0259sait ayr\u0131l\u0131b. El\u0259 bu g\u00fcn c\u0259nab Prezidentin s\u0259r\u0259ncam\u0131 il\u0259 Koronavirusla M\u00fcbariz\u0259y\u0259 D\u0259st\u0259k Fondu yarad\u0131ld\u0131 v\u0259 m\u00fcbariz\u0259y\u0259 \u0259lav\u0259 20 milyon manat v\u0259sait ayr\u0131ld\u0131. G\u00f6r\u00fcl\u0259n bu t\u0259dbirl\u0259r koronavirusun \u00f6lk\u0259mizd\u0259 yay\u0131lmas\u0131n\u0131n qar\u015f\u0131s\u0131n\u0131n al\u0131nmas\u0131nda m\u00fch\u00fcm rol oynay\u0131r&#8221;.<\/p>\n","protected":false},"excerpt":{"rendered":"<p>&#8220;Koronavirusa qar\u015f\u0131 Az\u0259rbaycanda m\u0259qs\u0259dy\u00f6nl\u00fc m\u00fcbariz\u0259 apar\u0131l\u0131r, bununla ba\u011fl\u0131 Prezident \u0130lham \u018fliyevin tap\u015f\u0131r\u0131\u011f\u0131 il\u0259 Nazirl\u0259r Kabineti yan\u0131nda Operativ Q\u0259rargah yarad\u0131l\u0131b&#8221;. ARANTV.AZ\u00a0 x\u0259b\u0259r verir ki, bunu\u00a0Trend-\u0259 Dini Qurumlarla \u0130\u015f \u00fczr\u0259 D\u00f6vl\u0259t Komit\u0259sinin s\u0259dri, Yeni Az\u0259rbaycan Partiyas\u0131n\u0131n \u0130cra katibinin m\u00fcavini M\u00fcbariz Qurbanl\u0131 deyib. M.Qurbanl\u0131 bildirib ki, q\u0259rargah\u0131n t\u0259limat\u0131na uy\u011fun olaraq k\u00fctl\u0259vi t\u0259dbirl\u0259r dayand\u0131r\u0131l\u0131b: &#8220;Ona g\u00f6r\u0259 d\u0259 Az\u0259rbaycanda din\u0259 aid olan m\u0259b\u0259dl\u0259rd\u0259, ziyar\u0259tgahlarda, m\u0259scidl\u0259rd\u0259, kils\u0259l\u0259rd\u0259, sinaqoqlarda k\u00fctl\u0259vi topla\u015fma il\u0259 ba\u011fl\u0131 m\u0259s\u0259l\u0259l\u0259r\u0259 bax\u0131l\u0131b v\u0259 dini ayinl\u0259r dayand\u0131r\u0131l\u0131b. Bununla da insanlar\u0131n k\u00fctl\u0259vi \u015f\u0259kild\u0259 dini ayinl\u0259r\u0259 toplanmas\u0131 aradan qald\u0131r\u0131l\u0131b. Bu qayda Operativ Q\u0259rargah\u0131n k\u00fctl\u0259vi t\u0259dbirl\u0259rin ke\u00e7irilm\u0259si il\u0259&hellip;<\/p>\n","protected":false},"author":2,"featured_media":144171,"comment_status":"closed","ping_status":"closed","sticky":false,"template":"","format":"standard","meta":{"om_disable_all_campaigns":false,"_monsterinsights_skip_tracking":false,"_monsterinsights_sitenote_active":false,"_monsterinsights_sitenote_note":"","_monsterinsights_sitenote_category":0},"categories":[1],"tags":[],"aioseo_notices":[],"gutentor_comment":0,"rttpg_featured_image_url":{"full":["https:\/\/arantv.az\/wp-content\/uploads\/2020\/03\/835199.jpg",430,440,false],"landscape":["https:\/\/arantv.az\/wp-content\/uploads\/2020\/03\/835199.jpg",430,440,false],"portraits":["https:\/\/arantv.az\/wp-content\/uploads\/2020\/03\/835199.jpg",430,440,false],"thumbnail":["https:\/\/arantv.az\/wp-content\/uploads\/2020\/03\/835199-150x150.jpg",150,150,true],"medium":["https:\/\/arantv.az\/wp-content\/uploads\/2020\/03\/835199-293x300.jpg",293,300,true],"large":["https:\/\/arantv.az\/wp-content\/uploads\/2020\/03\/835199.jpg",430,440,false],"1536x1536":["https:\/\/arantv.az\/wp-content\/uploads\/2020\/03\/835199.jpg",430,440,false],"2048x2048":["https:\/\/arantv.az\/wp-content\/uploads\/2020\/03\/835199.jpg",430,440,false],"post-thumbnail":["https:\/\/arantv.az\/wp-content\/uploads\/2020\/03\/835199-240x172.jpg",240,172,true],"advps-thumb-one":["https:\/\/arantv.az\/wp-content\/uploads\/2020\/03\/835199.jpg",430,440,false]},"rttpg_author":{"display_name":"V\u00fcsal Rafiqo\u011flu","author_link":"https:\/\/arantv.az\/?author=2"},"rttpg_comment":0,"rttpg_category":"<a href=\"https:\/\/arantv.az\/?cat=1\" rel=\"category\">C\u0259miyy\u0259t<\/a>","rttpg_excerpt":"&#8220;Koronavirusa qar\u015f\u0131 Az\u0259rbaycanda m\u0259qs\u0259dy\u00f6nl\u00fc m\u00fcbariz\u0259 apar\u0131l\u0131r, bununla ba\u011fl\u0131 Prezident \u0130lham \u018fliyevin tap\u015f\u0131r\u0131\u011f\u0131 il\u0259 Nazirl\u0259r Kabineti yan\u0131nda Operativ Q\u0259rargah yarad\u0131l\u0131b&#8221;. ARANTV.AZ\u00a0 x\u0259b\u0259r verir ki, bunu\u00a0Trend-\u0259 Dini Qurumlarla \u0130\u015f \u00fczr\u0259 D\u00f6vl\u0259t Komit\u0259sinin s\u0259dri, Yeni Az\u0259rbaycan Partiyas\u0131n\u0131n \u0130cra katibinin m\u00fcavini M\u00fcbariz Qurbanl\u0131 deyib. M.Qurbanl\u0131 bildirib ki, q\u0259rargah\u0131n t\u0259limat\u0131na uy\u011fun olaraq k\u00fctl\u0259vi t\u0259dbirl\u0259r dayand\u0131r\u0131l\u0131b: &#8220;Ona g\u00f6r\u0259 d\u0259 Az\u0259rbaycanda din\u0259&hellip;","_links":{"self":[{"href":"https:\/\/arantv.az\/index.php?rest_route=\/wp\/v2\/posts\/144170"}],"collection":[{"href":"https:\/\/arantv.az\/index.php?rest_route=\/wp\/v2\/posts"}],"about":[{"href":"https:\/\/arantv.az\/index.php?rest_route=\/wp\/v2\/types\/post"}],"author":[{"embeddable":true,"href":"https:\/\/arantv.az\/index.php?rest_route=\/wp\/v2\/users\/2"}],"replies":[{"embeddable":true,"href":"https:\/\/arantv.az\/index.php?rest_route=%2Fwp%2Fv2%2Fcomments&post=144170"}],"version-history":[{"count":0,"href":"https:\/\/arantv.az\/index.php?rest_route=\/wp\/v2\/posts\/144170\/revisions"}],"wp:featuredmedia":[{"embeddable":true,"href":"https:\/\/arantv.az\/index.php?rest_route=\/wp\/v2\/media\/144171"}],"wp:attachment":[{"href":"https:\/\/arantv.az\/index.php?rest_route=%2Fwp%2Fv2%2Fmedia&parent=144170"}],"wp:term":[{"taxonomy":"category","embeddable":true,"href":"https:\/\/arantv.az\/index.php?rest_route=%2Fwp%2Fv2%2Fcategories&post=144170"},{"taxonomy":"post_tag","embeddable":true,"href":"https:\/\/arantv.az\/index.php?rest_route=%2Fwp%2Fv2%2Ftags&post=144170"}],"curies":[{"name":"wp","href":"https:\/\/api.w.org\/{rel}","templated":true}]}}