{"id":144186,"date":"2020-03-19T17:16:04","date_gmt":"2020-03-19T14:16:04","guid":{"rendered":"http:\/\/arantv.az\/?p=144186"},"modified":"2020-03-19T17:16:04","modified_gmt":"2020-03-19T14:16:04","slug":"muxalif%c9%99t-bu-islahatlarin-ugurlu-n%c9%99tic%c9%99l%c9%99nm%c9%99sini-ist%c9%99yirs%c9%99-dialoqa-qosulmalidir-deputat","status":"publish","type":"post","link":"https:\/\/arantv.az\/?p=144186","title":{"rendered":"M\u00fcxalif\u0259t bu islahatlar\u0131n u\u011furlu n\u0259tic\u0259l\u0259nm\u0259sini ist\u0259yirs\u0259 dialoqa qo\u015fulmal\u0131d\u0131r &#8211; Deputat"},"content":{"rendered":"<p>&#8220;C\u0259nab Prezident \u0130lham \u018fliyev xalq\u0131 Novruz bayram\u0131 m\u00fcnasib\u0259til\u0259 t\u0259brik ed\u0259rk\u0259n bir \u00e7ox m\u00fch\u00fcm m\u0259s\u0259l\u0259l\u0259r\u0259 toxundu&#8221;.<\/p>\n<p><strong>ARANTV.AZ<\/strong> x\u0259b\u0259r verir ki, bunu\u00a0<a href=\"https:\/\/az.trend.az\/\" target=\"_blank\" rel=\"noopener\">Trend-<\/a>\u0259 a\u00e7\u0131qlamas\u0131nda mill\u0259t v\u0259kili Tahir K\u0259rimli deyib.<\/p>\n<p>Onun s\u00f6zl\u0259rin\u0259 g\u00f6r\u0259, d\u00f6vl\u0259t ba\u015f\u00e7\u0131s\u0131 \u0259sas\u0259n d\u00fcnyada t\u00fc\u011fyan ed\u0259n koronavirusla m\u00fcbariz\u0259 t\u0259dbirl\u0259rin\u0259 toxunub:<\/p>\n<p>&#8220;C\u0259nab Prezident xalq\u0131 bu b\u0259laya qar\u015f\u0131 birl\u0259\u015fm\u0259y\u0259 \u00e7a\u011f\u0131rd\u0131. M\u0259lumdur ki, koronavirusla ba\u011fl\u0131 \u00f6lk\u0259d\u0259 b\u00fct\u00fcn laz\u0131mi t\u0259dbirl\u0259r g\u00f6r\u00fcl\u00fcr. D\u00f6vl\u0259t ba\u015f\u00e7\u0131s\u0131 da \u00e7\u0131x\u0131\u015f\u0131nda bu bar\u0259d\u0259 dan\u0131\u015fd\u0131 v\u0259 \u0259halini diqq\u0259tli olma\u011fa \u00e7a\u011f\u0131rd\u0131. Prezident laz\u0131m olaca\u011f\u0131 t\u0259qdird\u0259 \u00f6lk\u0259d\u0259 f\u00f6vq\u0259lad\u0259 v\u0259ziyy\u0259tin d\u0259 elan olunaca\u011f\u0131n\u0131 istisna etm\u0259di. Bu add\u0131mlar\u0131n h\u0259r biri \u00f6lk\u0259 v\u0259t\u0259nda\u015flar\u0131n\u0131n t\u0259hl\u00fck\u0259sizliyin\u0259 hesablan\u0131b. D\u00f6vl\u0259t bu virusun \u00f6lk\u0259 \u0259razisind\u0259 yay\u0131lmamas\u0131 \u00fc\u00e7\u00fcn b\u00fct\u00fcn imkanlar\u0131ndan istifad\u0259 edir. Bu add\u0131m h\u0259r k\u0259s t\u0259r\u0259find\u0259n alq\u0131\u015flanmal\u0131d\u0131r&#8221;.<\/p>\n<p>Mill\u0259t v\u0259kili Prezidentin \u00e7\u0131x\u0131\u015f\u0131nda m\u00fcxalif\u0259tin iqtidarla dialoqdan qa\u00e7mas\u0131 bar\u0259d\u0259 fikirl\u0259rin\u0259 d\u0259 m\u00fcnasib\u0259t bildirib. T.K\u0259rimli qeyd edib ki, d\u00f6vl\u0259t ba\u015f\u00e7\u0131s\u0131 bu m\u0259s\u0259l\u0259d\u0259 m\u00fcxalif\u0259t\u0259 haql\u0131 irad tutub:<\/p>\n<p>&#8220;C\u0259nab Prezidentin bu bar\u0259d\u0259 dedikl\u0259rini m\u0259n d\u0259st\u0259kl\u0259yir\u0259m. Az\u0259rbaycan d\u00f6vl\u0259ti he\u00e7 vaxt indiki kimi q\u00fcdr\u0259tli olmay\u0131b. Az\u0259rbaycan iqtidar\u0131 bu m\u0259s\u0259l\u0259d\u0259 \u00f6z b\u00f6y\u00fckl\u00fcy\u00fcn\u00fc n\u00fcmayi\u015f etdir\u0259r\u0259k m\u00fcxalif\u0259t\u0259 dialoq t\u0259klif etdi. M\u00fcxalif\u0259tin m\u00fctl\u0259q \u0259ks\u0259riyy\u0259ti d\u0259 bu dialoqa raz\u0131la\u015f\u0131b, \u018fli K\u0259rimlinin r\u0259hb\u0259rlik etdiyi AXCP is\u0259 bundan imtina edib. Birincisi, m\u00fcxalif\u0259tl\u0259 dialoqa gir\u0259n \u015f\u0259xs Prezident Administrasiyas\u0131n\u0131n y\u00fcks\u0259k r\u00fctb\u0259li \u015f\u0259xsidir v\u0259 o dialoqda c\u0259nab Prezidentin m\u00f6vqeyind\u0259n \u00e7\u0131x\u0131\u015f edir. Dig\u0259r t\u0259r\u0259fd\u0259n, \u018fli K\u0259rimlinin \u00f6lk\u0259d\u0259 he\u00e7 bir t\u0259r\u0259fdar\u0131 olmad\u0131\u011f\u0131 halda, o kim\u0259 arxalan\u0131b dialoqdan imtina edir? Onun dialoqdan imtina etm\u0259si absurddur. \u018fli K\u0259rimli haz\u0131rda \u00f6lk\u0259d\u0259 he\u00e7 bir n\u00fcfuzu olmayan \u015f\u0259xsdir. M\u0259n burdan \u018fli K\u0259rimliy\u0259 dem\u0259k ist\u0259yir\u0259m ki, \u0259n az\u0131ndan h\u0259r k\u0259sin bir ke\u00e7mi\u015fi var v\u0259 ke\u00e7mi\u015fini xat\u0131rlasa kim oldu\u011funu d\u0259rk ed\u0259r v\u0259 bu dialoqdan imtina etm\u0259z. N\u0259 q\u0259d\u0259r gec deyil, m\u0259n m\u00fcxalif\u0259ti a\u011f\u0131llanma\u011fa v\u0259 bu f\u00fcrs\u0259td\u0259n istifad\u0259 etm\u0259y\u0259 \u00e7a\u011f\u0131r\u0131ram. He\u00e7 bir \u00e7\u0131x\u0131\u015f\u0131 olmayan, hakimiyy\u0259t\u0259 g\u0259lm\u0259k \u015fans\u0131 s\u0131f\u0131ra b\u0259rab\u0259r olan m\u00fcxalif\u0259t bu t\u0259klifi t\u0259cili d\u0259y\u0259rl\u0259ndirm\u0259lidir. Az\u0259rbaycanda apar\u0131lan islahatlar n\u0259tic\u0259sind\u0259 \u00f6lk\u0259d\u0259 b\u00f6y\u00fck bir d\u00f6n\u0259m ba\u015flay\u0131b. Bunu qiym\u0259tl\u0259ndirm\u0259k v\u0259 d\u00f6vl\u0259t\u0259 d\u0259st\u0259k olmaq h\u0259r birimizin borcudur. Bu dialoq say\u0259sind\u0259 veril\u0259n t\u0259klifl\u0259r \u0259sas\u0131nda Az\u0259rbaycanda \u00e7ox b\u00f6y\u00fck i\u015fl\u0259r g\u00f6rm\u0259k, islahatlar\u0131 davam etdirm\u0259k olar. M\u00fcxalif\u0259t bu islahatlar\u0131n u\u011furlu n\u0259tic\u0259l\u0259nm\u0259sini ist\u0259yirs\u0259 dialoqa qo\u015fulmal\u0131d\u0131r. Z\u0259nnimc\u0259 bu dialoq t\u0259klifi m\u00fcxalif\u0259tin \u0259n u\u011furlu \u015fans\u0131d\u0131r&#8221;.<\/p>\n","protected":false},"excerpt":{"rendered":"<p>&#8220;C\u0259nab Prezident \u0130lham \u018fliyev xalq\u0131 Novruz bayram\u0131 m\u00fcnasib\u0259til\u0259 t\u0259brik ed\u0259rk\u0259n bir \u00e7ox m\u00fch\u00fcm m\u0259s\u0259l\u0259l\u0259r\u0259 toxundu&#8221;. ARANTV.AZ x\u0259b\u0259r verir ki, bunu\u00a0Trend-\u0259 a\u00e7\u0131qlamas\u0131nda mill\u0259t v\u0259kili Tahir K\u0259rimli deyib. Onun s\u00f6zl\u0259rin\u0259 g\u00f6r\u0259, d\u00f6vl\u0259t ba\u015f\u00e7\u0131s\u0131 \u0259sas\u0259n d\u00fcnyada t\u00fc\u011fyan ed\u0259n koronavirusla m\u00fcbariz\u0259 t\u0259dbirl\u0259rin\u0259 toxunub: &#8220;C\u0259nab Prezident xalq\u0131 bu b\u0259laya qar\u015f\u0131 birl\u0259\u015fm\u0259y\u0259 \u00e7a\u011f\u0131rd\u0131. M\u0259lumdur ki, koronavirusla ba\u011fl\u0131 \u00f6lk\u0259d\u0259 b\u00fct\u00fcn laz\u0131mi t\u0259dbirl\u0259r g\u00f6r\u00fcl\u00fcr. D\u00f6vl\u0259t ba\u015f\u00e7\u0131s\u0131 da \u00e7\u0131x\u0131\u015f\u0131nda bu bar\u0259d\u0259 dan\u0131\u015fd\u0131 v\u0259 \u0259halini diqq\u0259tli olma\u011fa \u00e7a\u011f\u0131rd\u0131. Prezident laz\u0131m olaca\u011f\u0131 t\u0259qdird\u0259 \u00f6lk\u0259d\u0259 f\u00f6vq\u0259lad\u0259 v\u0259ziyy\u0259tin d\u0259 elan olunaca\u011f\u0131n\u0131 istisna etm\u0259di. Bu add\u0131mlar\u0131n h\u0259r biri \u00f6lk\u0259 v\u0259t\u0259nda\u015flar\u0131n\u0131n t\u0259hl\u00fck\u0259sizliyin\u0259 hesablan\u0131b. D\u00f6vl\u0259t bu&hellip;<\/p>\n","protected":false},"author":2,"featured_media":144187,"comment_status":"closed","ping_status":"closed","sticky":false,"template":"","format":"standard","meta":{"om_disable_all_campaigns":false,"_monsterinsights_skip_tracking":false,"_monsterinsights_sitenote_active":false,"_monsterinsights_sitenote_note":"","_monsterinsights_sitenote_category":0},"categories":[19],"tags":[],"aioseo_notices":[],"gutentor_comment":0,"rttpg_featured_image_url":{"full":["https:\/\/arantv.az\/wp-content\/uploads\/2020\/03\/835202.jpg",587,440,false],"landscape":["https:\/\/arantv.az\/wp-content\/uploads\/2020\/03\/835202.jpg",587,440,false],"portraits":["https:\/\/arantv.az\/wp-content\/uploads\/2020\/03\/835202.jpg",587,440,false],"thumbnail":["https:\/\/arantv.az\/wp-content\/uploads\/2020\/03\/835202-150x150.jpg",150,150,true],"medium":["https:\/\/arantv.az\/wp-content\/uploads\/2020\/03\/835202-300x225.jpg",300,225,true],"large":["https:\/\/arantv.az\/wp-content\/uploads\/2020\/03\/835202.jpg",587,440,false],"1536x1536":["https:\/\/arantv.az\/wp-content\/uploads\/2020\/03\/835202.jpg",587,440,false],"2048x2048":["https:\/\/arantv.az\/wp-content\/uploads\/2020\/03\/835202.jpg",587,440,false],"post-thumbnail":["https:\/\/arantv.az\/wp-content\/uploads\/2020\/03\/835202-240x172.jpg",240,172,true],"advps-thumb-one":["https:\/\/arantv.az\/wp-content\/uploads\/2020\/03\/835202.jpg",587,440,false]},"rttpg_author":{"display_name":"V\u00fcsal Rafiqo\u011flu","author_link":"https:\/\/arantv.az\/?author=2"},"rttpg_comment":0,"rttpg_category":"<a href=\"https:\/\/arantv.az\/?cat=19\" rel=\"category\">G\u00fcnd\u0259m<\/a>","rttpg_excerpt":"&#8220;C\u0259nab Prezident \u0130lham \u018fliyev xalq\u0131 Novruz bayram\u0131 m\u00fcnasib\u0259til\u0259 t\u0259brik ed\u0259rk\u0259n bir \u00e7ox m\u00fch\u00fcm m\u0259s\u0259l\u0259l\u0259r\u0259 toxundu&#8221;. ARANTV.AZ x\u0259b\u0259r verir ki, bunu\u00a0Trend-\u0259 a\u00e7\u0131qlamas\u0131nda mill\u0259t v\u0259kili Tahir K\u0259rimli deyib. Onun s\u00f6zl\u0259rin\u0259 g\u00f6r\u0259, d\u00f6vl\u0259t ba\u015f\u00e7\u0131s\u0131 \u0259sas\u0259n d\u00fcnyada t\u00fc\u011fyan ed\u0259n koronavirusla m\u00fcbariz\u0259 t\u0259dbirl\u0259rin\u0259 toxunub: &#8220;C\u0259nab Prezident xalq\u0131 bu b\u0259laya qar\u015f\u0131 birl\u0259\u015fm\u0259y\u0259 \u00e7a\u011f\u0131rd\u0131. M\u0259lumdur ki, koronavirusla ba\u011fl\u0131 \u00f6lk\u0259d\u0259 b\u00fct\u00fcn laz\u0131mi t\u0259dbirl\u0259r&hellip;","_links":{"self":[{"href":"https:\/\/arantv.az\/index.php?rest_route=\/wp\/v2\/posts\/144186"}],"collection":[{"href":"https:\/\/arantv.az\/index.php?rest_route=\/wp\/v2\/posts"}],"about":[{"href":"https:\/\/arantv.az\/index.php?rest_route=\/wp\/v2\/types\/post"}],"author":[{"embeddable":true,"href":"https:\/\/arantv.az\/index.php?rest_route=\/wp\/v2\/users\/2"}],"replies":[{"embeddable":true,"href":"https:\/\/arantv.az\/index.php?rest_route=%2Fwp%2Fv2%2Fcomments&post=144186"}],"version-history":[{"count":0,"href":"https:\/\/arantv.az\/index.php?rest_route=\/wp\/v2\/posts\/144186\/revisions"}],"wp:featuredmedia":[{"embeddable":true,"href":"https:\/\/arantv.az\/index.php?rest_route=\/wp\/v2\/media\/144187"}],"wp:attachment":[{"href":"https:\/\/arantv.az\/index.php?rest_route=%2Fwp%2Fv2%2Fmedia&parent=144186"}],"wp:term":[{"taxonomy":"category","embeddable":true,"href":"https:\/\/arantv.az\/index.php?rest_route=%2Fwp%2Fv2%2Fcategories&post=144186"},{"taxonomy":"post_tag","embeddable":true,"href":"https:\/\/arantv.az\/index.php?rest_route=%2Fwp%2Fv2%2Ftags&post=144186"}],"curies":[{"name":"wp","href":"https:\/\/api.w.org\/{rel}","templated":true}]}}