{"id":144462,"date":"2020-03-23T13:10:03","date_gmt":"2020-03-23T10:10:03","guid":{"rendered":"http:\/\/arantv.az\/?p=144462"},"modified":"2020-03-23T13:10:03","modified_gmt":"2020-03-23T10:10:03","slug":"qeydiyyati-olmayan-s%c9%99rnisinl%c9%99ri-dasiyanlar-h%c9%99bs-edil%c9%99-bil%c9%99r-dyp-d%c9%99n-x%c9%99b%c9%99rdarliq","status":"publish","type":"post","link":"https:\/\/arantv.az\/?p=144462","title":{"rendered":"Qeydiyyat\u0131 olmayan s\u0259rni\u015finl\u0259ri da\u015f\u0131yanlar h\u0259bs edil\u0259 bil\u0259r &#8211; DYP-d\u0259n x\u0259b\u0259rdarl\u0131q"},"content":{"rendered":"<p>Koronavirus infeksiyas\u0131n\u0131n yay\u0131lmas\u0131 hallar\u0131n\u0131n qar\u015f\u0131s\u0131n\u0131n al\u0131nmas\u0131 m\u0259qs\u0259dil\u0259 t\u0259tbiq edilmi\u015f m\u0259hdudiyy\u0259tl\u0259 \u0259laq\u0259dar Bak\u0131, Sumqay\u0131t \u015f\u0259h\u0259rl\u0259ri v\u0259 Ab\u015feron rayonunda qeydiyyatda olmayan \u015f\u0259xsl\u0259rin mart ay\u0131n\u0131n 19-dan 29-d\u0259k qeyd olunan \u0259razil\u0259r\u0259 giri\u015fl\u0259ri \u00fc\u00e7\u00fcn qada\u011fan\u0131n q\u00fcvv\u0259d\u0259 olmas\u0131na baxmayaraq, ayr\u0131-ayr\u0131 minik v\u0259 y\u00fck avtomobill\u0259rinin s\u00fcr\u00fcc\u00fcl\u0259ri t\u0259r\u0259find\u0259n qeydiyyats\u0131z s\u0259rni\u015finl\u0259rin da\u015f\u0131nmas\u0131 hallar\u0131na tez-tez rast g\u0259linir.<\/p>\n<p>Ba\u015f D\u00f6vl\u0259t Yol Polisi \u0130dar\u0259sinin (BDYP\u0130) \u0130ctimaiyy\u0259tl\u0259 \u0259laq\u0259l\u0259r \u015f\u00f6b\u0259sinin r\u0259isi, polis polkovniki Kamran \u018fliyevin\u00a0<a href=\"http:\/\/trend.az\/\" target=\"_blank\" rel=\"noopener\">Trend<\/a>-\u0259 verdiyi m\u0259lumata g\u00f6r\u0259, qeyd olunanlar n\u0259z\u0259r\u0259 al\u0131naraq, s\u00fcr\u00fcc\u00fcl\u0259rd\u0259n bir daha xahi\u015f olunur ki, yollarda, x\u00fcsusil\u0259 d\u0259 ke\u00e7id postlar\u0131 t\u0259\u015fkil edilmi\u015f \u0259razil\u0259rd\u0259 s\u0131xl\u0131q yaranmamas\u0131, habel\u0259 \u00f6zl\u0259rinin m\u0259suliyy\u0259t\u0259 c\u0259lb edilm\u0259m\u0259l\u0259ri \u00fc\u00e7\u00fcn x\u00fcsusi rejim\u0259 ciddi riay\u0259t edilsin, Bak\u0131, Sumqay\u0131t \u015f\u0259h\u0259rl\u0259ri v\u0259 Ab\u015feron rayonunda qeydiyyatda olmayan s\u0259rni\u015finl\u0259rin h\u0259min istiqam\u0259td\u0259 da\u015f\u0131nmas\u0131 hallar\u0131na yol verilm\u0259sin.<\/p>\n<p>\u018fks t\u0259qdird\u0259 respublikan\u0131n m\u00fcxt\u0259lif \u015f\u0259h\u0259r v\u0259 rayonlar\u0131ndan qeydiyyat\u0131 olmayan s\u0259rni\u015finl\u0259rin da\u015f\u0131nmas\u0131 Az\u0259rbaycan Respublikas\u0131 \u0130nzibati X\u0259talar M\u0259c\u0259ll\u0259sinin 211-ci madd\u0259sinin t\u0259l\u0259bl\u0259rinin pozulmas\u0131, y\u0259ni epidemiya \u0259leyhin\u0259 rejimin pozulmas\u0131 kimi qiym\u0259tl\u0259ndiril\u0259c\u0259k v\u0259 bu qaydalar\u0131 pozmu\u015f s\u00fcr\u00fcc\u00fc v\u0259 s\u0259rni\u015finl\u0259r\u0259 y\u00fcz manatdan iki y\u00fcz manatad\u0259k m\u0259bl\u0259\u011fd\u0259 c\u0259rim\u0259 v\u0259 ya bir ayad\u0259k m\u00fcdd\u0259t\u0259 inzibati h\u0259bs c\u0259zas\u0131 t\u0259tbiq edil\u0259c\u0259k.<\/p>\n","protected":false},"excerpt":{"rendered":"<p>Koronavirus infeksiyas\u0131n\u0131n yay\u0131lmas\u0131 hallar\u0131n\u0131n qar\u015f\u0131s\u0131n\u0131n al\u0131nmas\u0131 m\u0259qs\u0259dil\u0259 t\u0259tbiq edilmi\u015f m\u0259hdudiyy\u0259tl\u0259 \u0259laq\u0259dar Bak\u0131, Sumqay\u0131t \u015f\u0259h\u0259rl\u0259ri v\u0259 Ab\u015feron rayonunda qeydiyyatda olmayan \u015f\u0259xsl\u0259rin mart ay\u0131n\u0131n 19-dan 29-d\u0259k qeyd olunan \u0259razil\u0259r\u0259 giri\u015fl\u0259ri \u00fc\u00e7\u00fcn qada\u011fan\u0131n q\u00fcvv\u0259d\u0259 olmas\u0131na baxmayaraq, ayr\u0131-ayr\u0131 minik v\u0259 y\u00fck avtomobill\u0259rinin s\u00fcr\u00fcc\u00fcl\u0259ri t\u0259r\u0259find\u0259n qeydiyyats\u0131z s\u0259rni\u015finl\u0259rin da\u015f\u0131nmas\u0131 hallar\u0131na tez-tez rast g\u0259linir. Ba\u015f D\u00f6vl\u0259t Yol Polisi \u0130dar\u0259sinin (BDYP\u0130) \u0130ctimaiyy\u0259tl\u0259 \u0259laq\u0259l\u0259r \u015f\u00f6b\u0259sinin r\u0259isi, polis polkovniki Kamran \u018fliyevin\u00a0Trend-\u0259 verdiyi m\u0259lumata g\u00f6r\u0259, qeyd olunanlar n\u0259z\u0259r\u0259 al\u0131naraq, s\u00fcr\u00fcc\u00fcl\u0259rd\u0259n bir daha xahi\u015f olunur ki, yollarda, x\u00fcsusil\u0259 d\u0259 ke\u00e7id postlar\u0131 t\u0259\u015fkil edilmi\u015f \u0259razil\u0259rd\u0259 s\u0131xl\u0131q yaranmamas\u0131, habel\u0259 \u00f6zl\u0259rinin m\u0259suliyy\u0259t\u0259 c\u0259lb edilm\u0259m\u0259l\u0259ri \u00fc\u00e7\u00fcn&hellip;<\/p>\n","protected":false},"author":2,"featured_media":140452,"comment_status":"closed","ping_status":"closed","sticky":false,"template":"","format":"standard","meta":{"om_disable_all_campaigns":false,"_monsterinsights_skip_tracking":false,"_monsterinsights_sitenote_active":false,"_monsterinsights_sitenote_note":"","_monsterinsights_sitenote_category":0},"categories":[1],"tags":[],"aioseo_notices":[],"gutentor_comment":0,"rttpg_featured_image_url":{"full":["https:\/\/arantv.az\/wp-content\/uploads\/2020\/03\/37859y0uju.jpg",800,600,false],"landscape":["https:\/\/arantv.az\/wp-content\/uploads\/2020\/03\/37859y0uju.jpg",800,600,false],"portraits":["https:\/\/arantv.az\/wp-content\/uploads\/2020\/03\/37859y0uju.jpg",800,600,false],"thumbnail":["https:\/\/arantv.az\/wp-content\/uploads\/2020\/03\/37859y0uju-150x150.jpg",150,150,true],"medium":["https:\/\/arantv.az\/wp-content\/uploads\/2020\/03\/37859y0uju-300x225.jpg",300,225,true],"large":["https:\/\/arantv.az\/wp-content\/uploads\/2020\/03\/37859y0uju.jpg",640,480,false],"1536x1536":["https:\/\/arantv.az\/wp-content\/uploads\/2020\/03\/37859y0uju.jpg",800,600,false],"2048x2048":["https:\/\/arantv.az\/wp-content\/uploads\/2020\/03\/37859y0uju.jpg",800,600,false],"post-thumbnail":["https:\/\/arantv.az\/wp-content\/uploads\/2020\/03\/37859y0uju-240x172.jpg",240,172,true],"advps-thumb-one":["https:\/\/arantv.az\/wp-content\/uploads\/2020\/03\/37859y0uju.jpg",800,600,false]},"rttpg_author":{"display_name":"V\u00fcsal Rafiqo\u011flu","author_link":"https:\/\/arantv.az\/?author=2"},"rttpg_comment":0,"rttpg_category":"<a href=\"https:\/\/arantv.az\/?cat=1\" rel=\"category\">C\u0259miyy\u0259t<\/a>","rttpg_excerpt":"Koronavirus infeksiyas\u0131n\u0131n yay\u0131lmas\u0131 hallar\u0131n\u0131n qar\u015f\u0131s\u0131n\u0131n al\u0131nmas\u0131 m\u0259qs\u0259dil\u0259 t\u0259tbiq edilmi\u015f m\u0259hdudiyy\u0259tl\u0259 \u0259laq\u0259dar Bak\u0131, Sumqay\u0131t \u015f\u0259h\u0259rl\u0259ri v\u0259 Ab\u015feron rayonunda qeydiyyatda olmayan \u015f\u0259xsl\u0259rin mart ay\u0131n\u0131n 19-dan 29-d\u0259k qeyd olunan \u0259razil\u0259r\u0259 giri\u015fl\u0259ri \u00fc\u00e7\u00fcn qada\u011fan\u0131n q\u00fcvv\u0259d\u0259 olmas\u0131na baxmayaraq, ayr\u0131-ayr\u0131 minik v\u0259 y\u00fck avtomobill\u0259rinin s\u00fcr\u00fcc\u00fcl\u0259ri t\u0259r\u0259find\u0259n qeydiyyats\u0131z s\u0259rni\u015finl\u0259rin da\u015f\u0131nmas\u0131 hallar\u0131na tez-tez rast g\u0259linir. Ba\u015f D\u00f6vl\u0259t Yol Polisi \u0130dar\u0259sinin (BDYP\u0130) \u0130ctimaiyy\u0259tl\u0259 \u0259laq\u0259l\u0259r&hellip;","_links":{"self":[{"href":"https:\/\/arantv.az\/index.php?rest_route=\/wp\/v2\/posts\/144462"}],"collection":[{"href":"https:\/\/arantv.az\/index.php?rest_route=\/wp\/v2\/posts"}],"about":[{"href":"https:\/\/arantv.az\/index.php?rest_route=\/wp\/v2\/types\/post"}],"author":[{"embeddable":true,"href":"https:\/\/arantv.az\/index.php?rest_route=\/wp\/v2\/users\/2"}],"replies":[{"embeddable":true,"href":"https:\/\/arantv.az\/index.php?rest_route=%2Fwp%2Fv2%2Fcomments&post=144462"}],"version-history":[{"count":0,"href":"https:\/\/arantv.az\/index.php?rest_route=\/wp\/v2\/posts\/144462\/revisions"}],"wp:featuredmedia":[{"embeddable":true,"href":"https:\/\/arantv.az\/index.php?rest_route=\/wp\/v2\/media\/140452"}],"wp:attachment":[{"href":"https:\/\/arantv.az\/index.php?rest_route=%2Fwp%2Fv2%2Fmedia&parent=144462"}],"wp:term":[{"taxonomy":"category","embeddable":true,"href":"https:\/\/arantv.az\/index.php?rest_route=%2Fwp%2Fv2%2Fcategories&post=144462"},{"taxonomy":"post_tag","embeddable":true,"href":"https:\/\/arantv.az\/index.php?rest_route=%2Fwp%2Fv2%2Ftags&post=144462"}],"curies":[{"name":"wp","href":"https:\/\/api.w.org\/{rel}","templated":true}]}}