{"id":144469,"date":"2020-03-23T13:47:38","date_gmt":"2020-03-23T10:47:38","guid":{"rendered":"http:\/\/arantv.az\/?p=144469"},"modified":"2020-03-23T13:47:38","modified_gmt":"2020-03-23T10:47:38","slug":"s%c9%99hidl%c9%99r-xiyabaninda-m%c9%99zarlarin-qarsisi-agaclarla-k%c9%99silib-video","status":"publish","type":"post","link":"https:\/\/arantv.az\/?p=144469","title":{"rendered":"\u015e\u0259hidl\u0259r Xiyaban\u0131nda m\u0259zarlar\u0131n qar\u015f\u0131s\u0131 a\u011faclarla k\u0259silib? &#8211; V\u0130DEO"},"content":{"rendered":"<p>\u201cS\u00f6z\u00fcged\u0259n a\u011faclar \u015e\u0259hidl\u0259r Xiyaban\u0131nda 8-10 il bundan \u00f6nc\u0259 \u0259kilib v\u0259 onlara m\u00fct\u0259madi qulluq olunur\u201d.<\/p>\n<p>Bunu\u00a0Oxu.Az-a Bak\u0131 \u015e\u0259h\u0259r \u0130cra Hakimiyy\u0259tinin Ya\u015f\u0131lla\u015fd\u0131rma T\u0259s\u0259rr\u00fcfat\u0131 Birliyinin Bitkil\u0259rin m\u00fchafiz\u0259si \u015f\u00f6b\u0259sinin r\u0259isi Orxan M\u0259mm\u0259dov sosial \u015f\u0259b\u0259k\u0259d\u0259 \u015e\u0259hidl\u0259r Xiyaban\u0131ndan payla\u015f\u0131lan videog\u00f6r\u00fcnt\u00fcl\u0259r\u0259 m\u00fcnasib\u0259t bildir\u0259rk\u0259n deyib.<\/p>\n<p>O bildirib\u00a0ki, \u015e\u0259hidl\u0259r Xiyaban\u0131n\u0131n \u0259razisi geni\u015fdir:<\/p>\n<div id=\"AdviadNativeVideo0\" class=\"AdviadNativeVideo\"><\/div>\n<p>\u201c\u015e\u0259hidl\u0259r Xiyaban\u0131 bir ne\u00e7\u0259 hiss\u0259d\u0259n ibar\u0259tdir. H\u0259min hiss\u0259l\u0259ri ya\u015f\u0131ll\u0131qlarla ay\u0131raraq, canl\u0131 \u00e7\u0259p\u0259r yaratm\u0131\u015f\u0131q. \u018frazid\u0259 dekorativ a\u011faclardan istifad\u0259 olunub. Qeyd edim ki, h\u0259min a\u011faclar 8-10 il bundan \u0259vv\u0259l Xiyaban\u0131n layih\u0259sin\u0259 uy\u011fun \u015f\u0259kild\u0259 \u0259kilib. T\u0259\u0259ss\u00fcf edir\u0259m ki, b\u0259zi v\u0259t\u0259nda\u015flar 10 il bundan \u0259vv\u0259l g\u00f6r\u00fcl\u0259n i\u015fi indi g\u00f6r\u00fcr v\u0259 maraqlan\u0131rlar.<\/p>\n<p>\u018frazid\u0259 yarad\u0131lan ya\u015f\u0131ll\u0131qlar Bak\u0131 \u015e\u0259h\u0259r \u0130cra Hakimiyy\u0259tinin Ya\u015f\u0131lla\u015fd\u0131rma T\u0259s\u0259rr\u00fcfat\u0131 Birliyinin m\u00fct\u0259x\u0259ssisl\u0259ri t\u0259r\u0259find\u0259n m\u00fct\u0259madi olaraq n\u0259zar\u0259td\u0259 saxlan\u0131l\u0131r\u201d.<\/p>\n<p>Xat\u0131rladaq ki, sosial \u015f\u0259b\u0259k\u0259d\u0259 \u015e\u0259hidl\u0259r Xiyaban\u0131nda \u015fam a\u011faclar\u0131n\u0131n \u0259kildiyin\u0259 dair video yay\u0131l\u0131b. Videoda \u0259kil\u0259n a\u011faclar\u0131n \u015f\u0259hid m\u0259zarlar\u0131n\u0131n qar\u015f\u0131s\u0131n\u0131\u00a0k\u0259sm\u0259sin\u0259 etiraz edilib.<\/p>\n<div><iframe loading=\"lazy\" src=\"https:\/\/player.baku.tv\/embed\/16044\" width=\"560\" height=\"315\" frameborder=\"0\" allowfullscreen=\"allowfullscreen\" data-mce-fragment=\"1\"><\/iframe><\/div>\n<p>&nbsp;<\/p>\n","protected":false},"excerpt":{"rendered":"<p>\u201cS\u00f6z\u00fcged\u0259n a\u011faclar \u015e\u0259hidl\u0259r Xiyaban\u0131nda 8-10 il bundan \u00f6nc\u0259 \u0259kilib v\u0259 onlara m\u00fct\u0259madi qulluq olunur\u201d. Bunu\u00a0Oxu.Az-a Bak\u0131 \u015e\u0259h\u0259r \u0130cra Hakimiyy\u0259tinin Ya\u015f\u0131lla\u015fd\u0131rma T\u0259s\u0259rr\u00fcfat\u0131 Birliyinin Bitkil\u0259rin m\u00fchafiz\u0259si \u015f\u00f6b\u0259sinin r\u0259isi Orxan M\u0259mm\u0259dov sosial \u015f\u0259b\u0259k\u0259d\u0259 \u015e\u0259hidl\u0259r Xiyaban\u0131ndan payla\u015f\u0131lan videog\u00f6r\u00fcnt\u00fcl\u0259r\u0259 m\u00fcnasib\u0259t bildir\u0259rk\u0259n deyib. O bildirib\u00a0ki, \u015e\u0259hidl\u0259r Xiyaban\u0131n\u0131n \u0259razisi geni\u015fdir: \u201c\u015e\u0259hidl\u0259r Xiyaban\u0131 bir ne\u00e7\u0259 hiss\u0259d\u0259n ibar\u0259tdir. H\u0259min hiss\u0259l\u0259ri ya\u015f\u0131ll\u0131qlarla ay\u0131raraq, canl\u0131 \u00e7\u0259p\u0259r yaratm\u0131\u015f\u0131q. \u018frazid\u0259 dekorativ a\u011faclardan istifad\u0259 olunub. Qeyd edim ki, h\u0259min a\u011faclar 8-10 il bundan \u0259vv\u0259l Xiyaban\u0131n layih\u0259sin\u0259 uy\u011fun \u015f\u0259kild\u0259 \u0259kilib. T\u0259\u0259ss\u00fcf edir\u0259m ki, b\u0259zi v\u0259t\u0259nda\u015flar 10 il bundan \u0259vv\u0259l g\u00f6r\u00fcl\u0259n i\u015fi indi g\u00f6r\u00fcr v\u0259 maraqlan\u0131rlar.&hellip;<\/p>\n","protected":false},"author":2,"featured_media":144471,"comment_status":"closed","ping_status":"closed","sticky":false,"template":"","format":"standard","meta":{"om_disable_all_campaigns":false,"_monsterinsights_skip_tracking":false,"_monsterinsights_sitenote_active":false,"_monsterinsights_sitenote_note":"","_monsterinsights_sitenote_category":0},"categories":[1],"tags":[],"aioseo_notices":[],"gutentor_comment":0,"rttpg_featured_image_url":{"full":["https:\/\/arantv.az\/wp-content\/uploads\/2020\/03\/FotoJet-2-7.jpg",620,366,false],"landscape":["https:\/\/arantv.az\/wp-content\/uploads\/2020\/03\/FotoJet-2-7.jpg",620,366,false],"portraits":["https:\/\/arantv.az\/wp-content\/uploads\/2020\/03\/FotoJet-2-7.jpg",620,366,false],"thumbnail":["https:\/\/arantv.az\/wp-content\/uploads\/2020\/03\/FotoJet-2-7-150x150.jpg",150,150,true],"medium":["https:\/\/arantv.az\/wp-content\/uploads\/2020\/03\/FotoJet-2-7-300x177.jpg",300,177,true],"large":["https:\/\/arantv.az\/wp-content\/uploads\/2020\/03\/FotoJet-2-7.jpg",620,366,false],"1536x1536":["https:\/\/arantv.az\/wp-content\/uploads\/2020\/03\/FotoJet-2-7.jpg",620,366,false],"2048x2048":["https:\/\/arantv.az\/wp-content\/uploads\/2020\/03\/FotoJet-2-7.jpg",620,366,false],"post-thumbnail":["https:\/\/arantv.az\/wp-content\/uploads\/2020\/03\/FotoJet-2-7-240x172.jpg",240,172,true],"advps-thumb-one":["https:\/\/arantv.az\/wp-content\/uploads\/2020\/03\/FotoJet-2-7.jpg",620,366,false]},"rttpg_author":{"display_name":"V\u00fcsal Rafiqo\u011flu","author_link":"https:\/\/arantv.az\/?author=2"},"rttpg_comment":0,"rttpg_category":"<a href=\"https:\/\/arantv.az\/?cat=1\" rel=\"category\">C\u0259miyy\u0259t<\/a>","rttpg_excerpt":"\u201cS\u00f6z\u00fcged\u0259n a\u011faclar \u015e\u0259hidl\u0259r Xiyaban\u0131nda 8-10 il bundan \u00f6nc\u0259 \u0259kilib v\u0259 onlara m\u00fct\u0259madi qulluq olunur\u201d. Bunu\u00a0Oxu.Az-a Bak\u0131 \u015e\u0259h\u0259r \u0130cra Hakimiyy\u0259tinin Ya\u015f\u0131lla\u015fd\u0131rma T\u0259s\u0259rr\u00fcfat\u0131 Birliyinin Bitkil\u0259rin m\u00fchafiz\u0259si \u015f\u00f6b\u0259sinin r\u0259isi Orxan M\u0259mm\u0259dov sosial \u015f\u0259b\u0259k\u0259d\u0259 \u015e\u0259hidl\u0259r Xiyaban\u0131ndan payla\u015f\u0131lan videog\u00f6r\u00fcnt\u00fcl\u0259r\u0259 m\u00fcnasib\u0259t bildir\u0259rk\u0259n deyib. O bildirib\u00a0ki, \u015e\u0259hidl\u0259r Xiyaban\u0131n\u0131n \u0259razisi geni\u015fdir: \u201c\u015e\u0259hidl\u0259r Xiyaban\u0131 bir ne\u00e7\u0259 hiss\u0259d\u0259n ibar\u0259tdir. H\u0259min hiss\u0259l\u0259ri ya\u015f\u0131ll\u0131qlarla ay\u0131raraq, canl\u0131 \u00e7\u0259p\u0259r&hellip;","_links":{"self":[{"href":"https:\/\/arantv.az\/index.php?rest_route=\/wp\/v2\/posts\/144469"}],"collection":[{"href":"https:\/\/arantv.az\/index.php?rest_route=\/wp\/v2\/posts"}],"about":[{"href":"https:\/\/arantv.az\/index.php?rest_route=\/wp\/v2\/types\/post"}],"author":[{"embeddable":true,"href":"https:\/\/arantv.az\/index.php?rest_route=\/wp\/v2\/users\/2"}],"replies":[{"embeddable":true,"href":"https:\/\/arantv.az\/index.php?rest_route=%2Fwp%2Fv2%2Fcomments&post=144469"}],"version-history":[{"count":0,"href":"https:\/\/arantv.az\/index.php?rest_route=\/wp\/v2\/posts\/144469\/revisions"}],"wp:featuredmedia":[{"embeddable":true,"href":"https:\/\/arantv.az\/index.php?rest_route=\/wp\/v2\/media\/144471"}],"wp:attachment":[{"href":"https:\/\/arantv.az\/index.php?rest_route=%2Fwp%2Fv2%2Fmedia&parent=144469"}],"wp:term":[{"taxonomy":"category","embeddable":true,"href":"https:\/\/arantv.az\/index.php?rest_route=%2Fwp%2Fv2%2Fcategories&post=144469"},{"taxonomy":"post_tag","embeddable":true,"href":"https:\/\/arantv.az\/index.php?rest_route=%2Fwp%2Fv2%2Ftags&post=144469"}],"curies":[{"name":"wp","href":"https:\/\/api.w.org\/{rel}","templated":true}]}}