{"id":144475,"date":"2020-03-23T14:07:34","date_gmt":"2020-03-23T11:07:34","guid":{"rendered":"http:\/\/arantv.az\/?p=144475"},"modified":"2020-03-23T14:07:34","modified_gmt":"2020-03-23T11:07:34","slug":"23-mart-umumdunya-meteorologiya-gunudur","status":"publish","type":"post","link":"https:\/\/arantv.az\/?p=144475","title":{"rendered":"23 mart \u00dcmumd\u00fcnya Meteorologiya G\u00fcn\u00fcd\u00fcr"},"content":{"rendered":"<p>\u00dcmumd\u00fcnya Meteorologiya T\u0259\u015fkilat\u0131 t\u0259r\u0259find\u0259n h\u0259r il mart\u0131n 23-\u00fc \u00dcmumd\u00fcnya meteorologiya g\u00fcn\u00fc kimi qeyd olunur.<\/p>\n<p>Bu bar\u0259d\u0259 Ekologiya v\u0259 T\u0259bii S\u0259rv\u0259tl\u0259r Nazirliyinin M\u0259tbuat Xidm\u0259tind\u0259n Publika.az-a m\u0259lumat daxil olub.<\/p>\n<p>Bildirilib ki, bu g\u00fcn\u00fcn qeyd olunmas\u0131nda \u0259sas m\u0259qs\u0259d hidrometeorologiya il\u0259 ba\u011fl\u0131 d\u00fcnyada ba\u015f ver\u0259n prosesl\u0259r, x\u00fcsusil\u0259 son ill\u0259r c\u0259miyy\u0259ti narahat ed\u0259n qlobal iqlim d\u0259yi\u015fm\u0259l\u0259ri, ba\u015f ver\u0259 bil\u0259c\u0259k t\u0259hl\u00fck\u0259li hidrometeorloji prosesl\u0259r\u0259 ictimaiyy\u0259tin diqq\u0259tini y\u00f6n\u0259ltm\u0259kd\u0259n ibar\u0259tdir: &#8220;Haz\u0131rk\u0131 d\u00f6vrd\u0259 d\u00fcnya su il\u0259 ba\u011fl\u0131 stresl\u0259rd\u0259n ir\u0259li g\u0259l\u0259n daha ciddi probleml\u0259rl\u0259, quraql\u0131qlarla, da\u015fq\u0131nlarla, h\u0259m\u00e7inin t\u0259miz suya \u0259l\u00e7atanl\u0131\u011f\u0131n olmamas\u0131 il\u0259 \u00fczl\u0259\u015fir. Su resurslar\u0131n\u0131n proqnozla\u015fd\u0131r\u0131lmas\u0131n\u0131n, monitorinqinin v\u0259 idar\u0259 olunmas\u0131n\u0131n t\u0259cili olaraq t\u0259kmill\u0259\u015fdirilm\u0259si vacib m\u0259s\u0259l\u0259rd\u0259n biridir. Sular\u0131n h\u0259ddind\u0259n art\u0131q \u00e7irkl\u0259nm\u0259si problemi il\u0259 d\u0259 bir \u00e7ox \u00f6lk\u0259l\u0259r qar\u015f\u0131la\u015f\u0131r. Bununla \u0259laq\u0259dar \u00dcmumd\u00fcnya meteorologiya g\u00fcn\u00fc 2020-ci ild\u0259 \u201c\u0130qlim v\u0259 su\u201d \u00fcmumi m\u00f6vzusu il\u0259 qeyd olunur. \u0130lin devizi is\u0259 \u201cH\u0259r damlan\u0131 qoruyaq, h\u0259r damla hesabdad\u0131r\u201d \u00e7a\u011f\u0131r\u0131\u015f\u0131 kimi se\u00e7ilib. Bu m\u00f6vzu \u00e7\u0259r\u00e7iv\u0259sind\u0259 \u0259sas diqq\u0259t iqlim v\u0259 su resurslar\u0131n\u0131n daha \u0259laq\u0259l\u0259ndirilmi\u015f v\u0259 davaml\u0131 idar\u0259 olunmas\u0131na y\u00f6n\u0259ldilir.<\/p>\n<p>Bel\u0259 ki, iqlim v\u0259 su bir-biri il\u0259 q\u0131r\u0131lmaz \u0259laq\u0259lidirl\u0259r. H\u0259r biri davamll\u0131 inki\u015faf\u0131n qlobal m\u0259qs\u0259dl\u0259rinin, iqlim d\u0259yi\u015fm\u0259l\u0259rinin v\u0259 yoxsulluq riskl\u0259rinin azald\u0131lmas\u0131 sah\u0259l\u0259rinin \u0259sas\u0131nda durur. Son ill\u0259r \u00f6lk\u0259mizd\u0259 \u0259haliy\u0259 g\u00f6st\u0259ril\u0259n hidrometeoroloji xidm\u0259tin s\u0259viyy\u0259sinin qald\u0131r\u0131lmas\u0131, hava proqnozlar\u0131n\u0131n d\u0259qiqliyinin art\u0131r\u0131lmas\u0131, o c\u00fcml\u0259d\u0259n b\u00fct\u00fcn \u00f6lk\u0259ni \u0259hat\u0259 ed\u0259n hidrometeorloji \u015f\u0259b\u0259k\u0259nin f\u0259aliyy\u0259tinin t\u0259kmill\u0259\u015fdirilm\u0259si v\u0259 modernl\u0259\u015fdirilm\u0259si, \u0259n m\u00fcasir m\u00fc\u015fahid\u0259 v\u0259 proqnoz sisteml\u0259rinin t\u0259tbiqi istiqam\u0259tind\u0259 geni\u015f i\u015fl\u0259r apar\u0131l\u0131r.<\/p>\n<p>M\u0259qs\u0259d \u00f6lk\u0259mizd\u0259 hidrometeorologiya sah\u0259sind\u0259 \u0259haliy\u0259 g\u00f6st\u0259ril\u0259n xidm\u0259tin s\u0259viyy\u0259sinin y\u00fcks\u0259lm\u0259sidir&#8221;.<\/p>\n","protected":false},"excerpt":{"rendered":"<p>\u00dcmumd\u00fcnya Meteorologiya T\u0259\u015fkilat\u0131 t\u0259r\u0259find\u0259n h\u0259r il mart\u0131n 23-\u00fc \u00dcmumd\u00fcnya meteorologiya g\u00fcn\u00fc kimi qeyd olunur. Bu bar\u0259d\u0259 Ekologiya v\u0259 T\u0259bii S\u0259rv\u0259tl\u0259r Nazirliyinin M\u0259tbuat Xidm\u0259tind\u0259n Publika.az-a m\u0259lumat daxil olub. Bildirilib ki, bu g\u00fcn\u00fcn qeyd olunmas\u0131nda \u0259sas m\u0259qs\u0259d hidrometeorologiya il\u0259 ba\u011fl\u0131 d\u00fcnyada ba\u015f ver\u0259n prosesl\u0259r, x\u00fcsusil\u0259 son ill\u0259r c\u0259miyy\u0259ti narahat ed\u0259n qlobal iqlim d\u0259yi\u015fm\u0259l\u0259ri, ba\u015f ver\u0259 bil\u0259c\u0259k t\u0259hl\u00fck\u0259li hidrometeorloji prosesl\u0259r\u0259 ictimaiyy\u0259tin diqq\u0259tini y\u00f6n\u0259ltm\u0259kd\u0259n ibar\u0259tdir: &#8220;Haz\u0131rk\u0131 d\u00f6vrd\u0259 d\u00fcnya su il\u0259 ba\u011fl\u0131 stresl\u0259rd\u0259n ir\u0259li g\u0259l\u0259n daha ciddi probleml\u0259rl\u0259, quraql\u0131qlarla, da\u015fq\u0131nlarla, h\u0259m\u00e7inin t\u0259miz suya \u0259l\u00e7atanl\u0131\u011f\u0131n olmamas\u0131 il\u0259 \u00fczl\u0259\u015fir. Su resurslar\u0131n\u0131n proqnozla\u015fd\u0131r\u0131lmas\u0131n\u0131n, monitorinqinin v\u0259 idar\u0259 olunmas\u0131n\u0131n t\u0259cili&hellip;<\/p>\n","protected":false},"author":2,"featured_media":144477,"comment_status":"closed","ping_status":"closed","sticky":false,"template":"","format":"standard","meta":{"om_disable_all_campaigns":false,"_monsterinsights_skip_tracking":false,"_monsterinsights_sitenote_active":false,"_monsterinsights_sitenote_note":"","_monsterinsights_sitenote_category":0},"categories":[1],"tags":[],"aioseo_notices":[],"gutentor_comment":0,"rttpg_featured_image_url":{"full":["https:\/\/arantv.az\/wp-content\/uploads\/2020\/03\/hava-2.jpg",800,450,false],"landscape":["https:\/\/arantv.az\/wp-content\/uploads\/2020\/03\/hava-2.jpg",800,450,false],"portraits":["https:\/\/arantv.az\/wp-content\/uploads\/2020\/03\/hava-2.jpg",800,450,false],"thumbnail":["https:\/\/arantv.az\/wp-content\/uploads\/2020\/03\/hava-2-150x150.jpg",150,150,true],"medium":["https:\/\/arantv.az\/wp-content\/uploads\/2020\/03\/hava-2-300x169.jpg",300,169,true],"large":["https:\/\/arantv.az\/wp-content\/uploads\/2020\/03\/hava-2.jpg",640,360,false],"1536x1536":["https:\/\/arantv.az\/wp-content\/uploads\/2020\/03\/hava-2.jpg",800,450,false],"2048x2048":["https:\/\/arantv.az\/wp-content\/uploads\/2020\/03\/hava-2.jpg",800,450,false],"post-thumbnail":["https:\/\/arantv.az\/wp-content\/uploads\/2020\/03\/hava-2-240x172.jpg",240,172,true],"advps-thumb-one":["https:\/\/arantv.az\/wp-content\/uploads\/2020\/03\/hava-2.jpg",800,450,false]},"rttpg_author":{"display_name":"V\u00fcsal Rafiqo\u011flu","author_link":"https:\/\/arantv.az\/?author=2"},"rttpg_comment":0,"rttpg_category":"<a href=\"https:\/\/arantv.az\/?cat=1\" rel=\"category\">C\u0259miyy\u0259t<\/a>","rttpg_excerpt":"\u00dcmumd\u00fcnya Meteorologiya T\u0259\u015fkilat\u0131 t\u0259r\u0259find\u0259n h\u0259r il mart\u0131n 23-\u00fc \u00dcmumd\u00fcnya meteorologiya g\u00fcn\u00fc kimi qeyd olunur. Bu bar\u0259d\u0259 Ekologiya v\u0259 T\u0259bii S\u0259rv\u0259tl\u0259r Nazirliyinin M\u0259tbuat Xidm\u0259tind\u0259n Publika.az-a m\u0259lumat daxil olub. Bildirilib ki, bu g\u00fcn\u00fcn qeyd olunmas\u0131nda \u0259sas m\u0259qs\u0259d hidrometeorologiya il\u0259 ba\u011fl\u0131 d\u00fcnyada ba\u015f ver\u0259n prosesl\u0259r, x\u00fcsusil\u0259 son ill\u0259r c\u0259miyy\u0259ti narahat ed\u0259n qlobal iqlim d\u0259yi\u015fm\u0259l\u0259ri, ba\u015f ver\u0259 bil\u0259c\u0259k t\u0259hl\u00fck\u0259li&hellip;","_links":{"self":[{"href":"https:\/\/arantv.az\/index.php?rest_route=\/wp\/v2\/posts\/144475"}],"collection":[{"href":"https:\/\/arantv.az\/index.php?rest_route=\/wp\/v2\/posts"}],"about":[{"href":"https:\/\/arantv.az\/index.php?rest_route=\/wp\/v2\/types\/post"}],"author":[{"embeddable":true,"href":"https:\/\/arantv.az\/index.php?rest_route=\/wp\/v2\/users\/2"}],"replies":[{"embeddable":true,"href":"https:\/\/arantv.az\/index.php?rest_route=%2Fwp%2Fv2%2Fcomments&post=144475"}],"version-history":[{"count":0,"href":"https:\/\/arantv.az\/index.php?rest_route=\/wp\/v2\/posts\/144475\/revisions"}],"wp:featuredmedia":[{"embeddable":true,"href":"https:\/\/arantv.az\/index.php?rest_route=\/wp\/v2\/media\/144477"}],"wp:attachment":[{"href":"https:\/\/arantv.az\/index.php?rest_route=%2Fwp%2Fv2%2Fmedia&parent=144475"}],"wp:term":[{"taxonomy":"category","embeddable":true,"href":"https:\/\/arantv.az\/index.php?rest_route=%2Fwp%2Fv2%2Fcategories&post=144475"},{"taxonomy":"post_tag","embeddable":true,"href":"https:\/\/arantv.az\/index.php?rest_route=%2Fwp%2Fv2%2Ftags&post=144475"}],"curies":[{"name":"wp","href":"https:\/\/api.w.org\/{rel}","templated":true}]}}