{"id":144492,"date":"2020-03-23T14:27:15","date_gmt":"2020-03-23T11:27:15","guid":{"rendered":"http:\/\/arantv.az\/?p=144492"},"modified":"2020-03-23T14:27:15","modified_gmt":"2020-03-23T11:27:15","slug":"milli-m%c9%99clis-koronavirusla-mubariz%c9%99y%c9%99-d%c9%99st%c9%99k-fonduna-maliyy%c9%99-ayirir","status":"publish","type":"post","link":"https:\/\/arantv.az\/?p=144492","title":{"rendered":"Milli M\u0259clis Koronavirusla M\u00fcbariz\u0259y\u0259 D\u0259st\u0259k Fonduna maliyy\u0259 ay\u0131r\u0131r"},"content":{"rendered":"<p>Koronovirus (COV\u0130D-19) infeksiyas\u0131 d\u00fcnya \u00f6lk\u0259l\u0259rini narahat etm\u0259kd\u0259 v\u0259 t\u0259\u0259ss\u00fcf ki, s\u00fcr\u0259tl\u0259 yay\u0131lmaqdad\u0131r. Qlobal pandemiya elan olunan koronovirusun Az\u0259rbaycan \u0259razisind\u0259 geni\u015f yay\u0131lmas\u0131n\u0131n qar\u015f\u0131s\u0131n\u0131n al\u0131nmas\u0131 m\u0259qs\u0259di il\u0259 d\u00f6vl\u0259timiz operativ v\u0259 vaxt\u0131nda qabaqlay\u0131c\u0131 t\u0259dbirl\u0259r g\u00f6r\u00fcb v\u0259 bu i\u015fl\u0259r davam etm\u0259kd\u0259dir. \u00dcmumd\u00fcnya s\u0259hiyy\u0259 T\u0259\u015fkilat\u0131n\u0131n t\u00f6vsiy\u0259 v\u0259 t\u0259l\u0259bl\u0259rin\u0259 \u00f6lk\u0259mizd\u0259 ciddi \u0259m\u0259l olunur v\u0259 bu t\u0259\u015fkilat Az\u0259rbaycan d\u00f6vl\u0259tinin bu sah\u0259d\u0259 atd\u0131\u011f\u0131 add\u0131mlar\u0131 y\u00fcks\u0259k qiym\u0259tl\u0259ndirir.<\/p>\n<p><strong>ARANTV.AZ\u00a0<\/strong><a href=\"http:\/\/az.trend.az\/\" target=\"_blank\" rel=\"noopener\">Trend<\/a>-\u0259 istinad\u0259n bildirir ki,\u00a0Az\u0259rbaycan Respublikas\u0131n\u0131n Milli M\u0259clisi d\u0259 \u00f6lk\u0259 \u0259razisind\u0259 koronovirus infeksiyas\u0131 il\u0259 ba\u011fl\u0131 v\u0259ziyy\u0259ti diqq\u0259t m\u0259rk\u0259zind\u0259 saxlay\u0131r. D\u00fcnya, o c\u00fcml\u0259d\u0259n Az\u0259rbaycan ictimaiyy\u0259tini narahat ed\u0259n bu x\u0259st\u0259liyin tezlikl\u0259 aradan qalxmas\u0131 i\u015fin\u0259 yard\u0131m m\u0259qs\u0259di il\u0259 Parlament Az\u0259rbaycan Prezidentinin 2020-ci il 19 mart tarixli f\u0259rman\u0131na \u0259sas\u0259n yarad\u0131lm\u0131\u015f Koronovirusla M\u00fcbariz\u0259y\u0259 D\u0259st\u0259k Fonduna maliyy\u0259 v\u0259saiti il\u0259 yard\u0131m etm\u0259k prosesind\u0259 f\u0259al i\u015ftirak edir.<\/p>\n<p>Bel\u0259 ki, Milli M\u0259clisin r\u0259hb\u0259rliyi, komit\u0259l\u0259r, Parlament Aparat\u0131n\u0131n v\u0259 \u0130\u015fl\u0259r idar\u0259sinin kollektivl\u0259ri \u00f6zl\u0259rinin bir ayl\u0131q \u0259m\u0259k haqq\u0131n\u0131n m\u00fc\u0259yy\u0259n hiss\u0259sinin bu xeyirxah v\u0259 olduqca vacib i\u015f\u0259 ayr\u0131lmas\u0131 bar\u0259d\u0259 q\u0259rar q\u0259bul edibl\u0259r.<\/p>\n","protected":false},"excerpt":{"rendered":"<p>Koronovirus (COV\u0130D-19) infeksiyas\u0131 d\u00fcnya \u00f6lk\u0259l\u0259rini narahat etm\u0259kd\u0259 v\u0259 t\u0259\u0259ss\u00fcf ki, s\u00fcr\u0259tl\u0259 yay\u0131lmaqdad\u0131r. Qlobal pandemiya elan olunan koronovirusun Az\u0259rbaycan \u0259razisind\u0259 geni\u015f yay\u0131lmas\u0131n\u0131n qar\u015f\u0131s\u0131n\u0131n al\u0131nmas\u0131 m\u0259qs\u0259di il\u0259 d\u00f6vl\u0259timiz operativ v\u0259 vaxt\u0131nda qabaqlay\u0131c\u0131 t\u0259dbirl\u0259r g\u00f6r\u00fcb v\u0259 bu i\u015fl\u0259r davam etm\u0259kd\u0259dir. \u00dcmumd\u00fcnya s\u0259hiyy\u0259 T\u0259\u015fkilat\u0131n\u0131n t\u00f6vsiy\u0259 v\u0259 t\u0259l\u0259bl\u0259rin\u0259 \u00f6lk\u0259mizd\u0259 ciddi \u0259m\u0259l olunur v\u0259 bu t\u0259\u015fkilat Az\u0259rbaycan d\u00f6vl\u0259tinin bu sah\u0259d\u0259 atd\u0131\u011f\u0131 add\u0131mlar\u0131 y\u00fcks\u0259k qiym\u0259tl\u0259ndirir. ARANTV.AZ\u00a0Trend-\u0259 istinad\u0259n bildirir ki,\u00a0Az\u0259rbaycan Respublikas\u0131n\u0131n Milli M\u0259clisi d\u0259 \u00f6lk\u0259 \u0259razisind\u0259 koronovirus infeksiyas\u0131 il\u0259 ba\u011fl\u0131 v\u0259ziyy\u0259ti diqq\u0259t m\u0259rk\u0259zind\u0259 saxlay\u0131r. D\u00fcnya, o c\u00fcml\u0259d\u0259n Az\u0259rbaycan ictimaiyy\u0259tini narahat ed\u0259n bu x\u0259st\u0259liyin tezlikl\u0259 aradan qalxmas\u0131 i\u015fin\u0259 yard\u0131m&hellip;<\/p>\n","protected":false},"author":2,"featured_media":143942,"comment_status":"closed","ping_status":"closed","sticky":false,"template":"","format":"standard","meta":{"om_disable_all_campaigns":false,"_monsterinsights_skip_tracking":false,"_monsterinsights_sitenote_active":false,"_monsterinsights_sitenote_note":"","_monsterinsights_sitenote_category":0},"categories":[4],"tags":[],"aioseo_notices":[],"gutentor_comment":0,"rttpg_featured_image_url":{"full":["https:\/\/arantv.az\/wp-content\/uploads\/2020\/03\/835104.jpg",1000,646,false],"landscape":["https:\/\/arantv.az\/wp-content\/uploads\/2020\/03\/835104.jpg",1000,646,false],"portraits":["https:\/\/arantv.az\/wp-content\/uploads\/2020\/03\/835104.jpg",1000,646,false],"thumbnail":["https:\/\/arantv.az\/wp-content\/uploads\/2020\/03\/835104-150x150.jpg",150,150,true],"medium":["https:\/\/arantv.az\/wp-content\/uploads\/2020\/03\/835104-300x194.jpg",300,194,true],"large":["https:\/\/arantv.az\/wp-content\/uploads\/2020\/03\/835104.jpg",640,413,false],"1536x1536":["https:\/\/arantv.az\/wp-content\/uploads\/2020\/03\/835104.jpg",1000,646,false],"2048x2048":["https:\/\/arantv.az\/wp-content\/uploads\/2020\/03\/835104.jpg",1000,646,false],"post-thumbnail":["https:\/\/arantv.az\/wp-content\/uploads\/2020\/03\/835104-240x172.jpg",240,172,true],"advps-thumb-one":["https:\/\/arantv.az\/wp-content\/uploads\/2020\/03\/835104-1000x620.jpg",1000,620,true]},"rttpg_author":{"display_name":"V\u00fcsal Rafiqo\u011flu","author_link":"https:\/\/arantv.az\/?author=2"},"rttpg_comment":0,"rttpg_category":"<a href=\"https:\/\/arantv.az\/?cat=4\" rel=\"category\">Siyas\u0259t<\/a>","rttpg_excerpt":"Koronovirus (COV\u0130D-19) infeksiyas\u0131 d\u00fcnya \u00f6lk\u0259l\u0259rini narahat etm\u0259kd\u0259 v\u0259 t\u0259\u0259ss\u00fcf ki, s\u00fcr\u0259tl\u0259 yay\u0131lmaqdad\u0131r. Qlobal pandemiya elan olunan koronovirusun Az\u0259rbaycan \u0259razisind\u0259 geni\u015f yay\u0131lmas\u0131n\u0131n qar\u015f\u0131s\u0131n\u0131n al\u0131nmas\u0131 m\u0259qs\u0259di il\u0259 d\u00f6vl\u0259timiz operativ v\u0259 vaxt\u0131nda qabaqlay\u0131c\u0131 t\u0259dbirl\u0259r g\u00f6r\u00fcb v\u0259 bu i\u015fl\u0259r davam etm\u0259kd\u0259dir. \u00dcmumd\u00fcnya s\u0259hiyy\u0259 T\u0259\u015fkilat\u0131n\u0131n t\u00f6vsiy\u0259 v\u0259 t\u0259l\u0259bl\u0259rin\u0259 \u00f6lk\u0259mizd\u0259 ciddi \u0259m\u0259l olunur v\u0259 bu t\u0259\u015fkilat Az\u0259rbaycan d\u00f6vl\u0259tinin bu sah\u0259d\u0259 atd\u0131\u011f\u0131&hellip;","_links":{"self":[{"href":"https:\/\/arantv.az\/index.php?rest_route=\/wp\/v2\/posts\/144492"}],"collection":[{"href":"https:\/\/arantv.az\/index.php?rest_route=\/wp\/v2\/posts"}],"about":[{"href":"https:\/\/arantv.az\/index.php?rest_route=\/wp\/v2\/types\/post"}],"author":[{"embeddable":true,"href":"https:\/\/arantv.az\/index.php?rest_route=\/wp\/v2\/users\/2"}],"replies":[{"embeddable":true,"href":"https:\/\/arantv.az\/index.php?rest_route=%2Fwp%2Fv2%2Fcomments&post=144492"}],"version-history":[{"count":0,"href":"https:\/\/arantv.az\/index.php?rest_route=\/wp\/v2\/posts\/144492\/revisions"}],"wp:featuredmedia":[{"embeddable":true,"href":"https:\/\/arantv.az\/index.php?rest_route=\/wp\/v2\/media\/143942"}],"wp:attachment":[{"href":"https:\/\/arantv.az\/index.php?rest_route=%2Fwp%2Fv2%2Fmedia&parent=144492"}],"wp:term":[{"taxonomy":"category","embeddable":true,"href":"https:\/\/arantv.az\/index.php?rest_route=%2Fwp%2Fv2%2Fcategories&post=144492"},{"taxonomy":"post_tag","embeddable":true,"href":"https:\/\/arantv.az\/index.php?rest_route=%2Fwp%2Fv2%2Ftags&post=144492"}],"curies":[{"name":"wp","href":"https:\/\/api.w.org\/{rel}","templated":true}]}}