{"id":144514,"date":"2020-03-23T14:37:09","date_gmt":"2020-03-23T11:37:09","guid":{"rendered":"http:\/\/arantv.az\/?p=144514"},"modified":"2020-03-23T14:37:09","modified_gmt":"2020-03-23T11:37:09","slug":"ust-%c9%99halini-evd%c9%99-qalmaga-cagirmaq-yet%c9%99rli-deyil","status":"publish","type":"post","link":"https:\/\/arantv.az\/?p=144514","title":{"rendered":"\u00dcST: \u018fhalini evd\u0259 qalma\u011fa \u00e7a\u011f\u0131rmaq yet\u0259rli deyil"},"content":{"rendered":"<p>\u00dcmumd\u00fcnya S\u0259hiyy\u0259 T\u0259\u015fkilat\u0131 (\u00dcST) Avropa d\u00f6vl\u0259tl\u0259rini koronavirus pandemiyas\u0131na qar\u015f\u0131 m\u00fcbariz\u0259d\u0259 ictimai h\u0259yata m\u0259hdudiyy\u0259tl\u0259r t\u0259tbiq etm\u0259kl\u0259 kifay\u0259tl\u0259nm\u0259m\u0259y\u0259 \u00e7a\u011f\u0131r\u0131b. Qeyd edilib ki, bu m\u0259hdudiyy\u0259tl\u0259r virusun yay\u0131lmas\u0131n\u0131n qar\u015f\u0131s\u0131n\u0131n al\u0131nmas\u0131 \u00fc\u00e7\u00fcn yet\u0259rli deyil, testl\u0259rin say\u0131 art\u0131r\u0131lmal\u0131d\u0131r.<\/p>\n<p><strong>ARANTV.AZ\u00a0<\/strong><a href=\"http:\/\/azertag.az\/\" target=\"_blank\" rel=\"noopener\">AZ\u018fRTAC<\/a>-a istinad\u0259n bildirir ki,\u00a0t\u0259\u015fkilat\u0131n sa\u011flaml\u0131qla ba\u011fl\u0131 f\u00f6vq\u0259lad\u0259 hallar proqram\u0131n\u0131n r\u0259hb\u0259ri Mayk Rayen bu fikirl\u0259ri BBC-y\u0259 m\u00fcsahib\u0259sind\u0259 bildirib.<\/p>\n<p>O qeyd edib ki, haz\u0131rda \u0259sas diqq\u0259t infeksiyaya yoluxmu\u015f \u015f\u0259xsl\u0259rin m\u00fc\u0259yy\u0259nl\u0259\u015fdirilm\u0259sin\u0259 v\u0259 onlar\u0131n t\u0259crid edilm\u0259sin\u0259 y\u00f6n\u0259ldilm\u0259lidir. \u0130ctimai h\u0259yata t\u0259tbiq edil\u0259n m\u0259hdudiyy\u0259tl\u0259rin problemli t\u0259r\u0259fi ondan ibar\u0259tdir ki, ciddi tibbi t\u0259dbirl\u0259r g\u00f6r\u00fclm\u0259dikd\u0259, qada\u011falar aradan qald\u0131r\u0131lan kimi virus yenid\u0259n yay\u0131lma\u011fa ba\u015flayacaq.<\/p>\n<p>\u00c7in, Sinqapur v\u0259 C\u0259nubi Koreyada oldu\u011fu kimi, h\u0259yata ke\u00e7iril\u0259n testl\u0259rin say\u0131n\u0131n art\u0131r\u0131lmas\u0131n\u0131 t\u00f6vsiy\u0259 ed\u0259n \u00dcST r\u0259smisi deyib:<\/p>\n<p>&#8220;\u018fg\u0259r biz yoluxma hallar\u0131n\u0131n say\u0131n\u0131 azalda bils\u0259k, o zaman virus \u00fcz\u0259rind\u0259 q\u0259l\u0259b\u0259 \u00e7ala bil\u0259rik. Haz\u0131rda b\u00fct\u00fcn Avropa \u00f6lk\u0259l\u0259ri sosial m\u0259saf\u0259 v\u0259 \u0259halinin m\u00fcmk\u00fcn q\u0259d\u0259r evd\u0259 qalmas\u0131 prinsipin\u0259 \u00fcst\u00fcnl\u00fck verirl\u0259r.<\/p>\n<p>Virusla ba\u011fl\u0131 testl\u0259r yaln\u0131z konkret \u015f\u00fcbh\u0259 oldu\u011fu halda h\u0259yata ke\u00e7irilir. Bu, h\u0259m testl\u0259rin azl\u0131\u011f\u0131, m\u00fcvafiq avadanl\u0131\u011f\u0131n \u00e7at\u0131\u015fmazl\u0131\u011f\u0131, h\u0259m d\u0259 bu testl\u0259ri yoxlayacaq laboratoriyalar\u0131n \u00e7ox olmamas\u0131 il\u0259 izah edilir&#8221;.<\/p>\n<p>M.Rayen sadalanan faktlar\u0131 n\u0259z\u0259r\u0259 alaraq, virusa qar\u015f\u0131 peyv\u0259nd haz\u0131r olanad\u0259k m\u0259s\u0259l\u0259y\u0259 realist yana\u015fman\u0131n vacib oldu\u011funu vur\u011fulay\u0131b.<\/p>\n<p>O bildirib ki, indiy\u0259d\u0259k \u00dcST \u00fczv d\u00f6vl\u0259tl\u0259r\u0259 1,5 milyon test g\u00f6nd\u0259rib, lakin m\u00f6vcud t\u0259l\u0259bat bu miqdardan 80-100 d\u0259f\u0259 art\u0131qd\u0131r. \u018fg\u0259r b\u00fct\u00fcn \u015f\u00fcbh\u0259li hallar\u0131n m\u00fcayin\u0259si apar\u0131lsa, o zaman virusun yay\u0131lmas\u0131n\u0131n qar\u015f\u0131s\u0131n\u0131 almaq m\u00fcmk\u00fcn olacaq.<\/p>\n","protected":false},"excerpt":{"rendered":"<p>\u00dcmumd\u00fcnya S\u0259hiyy\u0259 T\u0259\u015fkilat\u0131 (\u00dcST) Avropa d\u00f6vl\u0259tl\u0259rini koronavirus pandemiyas\u0131na qar\u015f\u0131 m\u00fcbariz\u0259d\u0259 ictimai h\u0259yata m\u0259hdudiyy\u0259tl\u0259r t\u0259tbiq etm\u0259kl\u0259 kifay\u0259tl\u0259nm\u0259m\u0259y\u0259 \u00e7a\u011f\u0131r\u0131b. Qeyd edilib ki, bu m\u0259hdudiyy\u0259tl\u0259r virusun yay\u0131lmas\u0131n\u0131n qar\u015f\u0131s\u0131n\u0131n al\u0131nmas\u0131 \u00fc\u00e7\u00fcn yet\u0259rli deyil, testl\u0259rin say\u0131 art\u0131r\u0131lmal\u0131d\u0131r. ARANTV.AZ\u00a0AZ\u018fRTAC-a istinad\u0259n bildirir ki,\u00a0t\u0259\u015fkilat\u0131n sa\u011flaml\u0131qla ba\u011fl\u0131 f\u00f6vq\u0259lad\u0259 hallar proqram\u0131n\u0131n r\u0259hb\u0259ri Mayk Rayen bu fikirl\u0259ri BBC-y\u0259 m\u00fcsahib\u0259sind\u0259 bildirib. O qeyd edib ki, haz\u0131rda \u0259sas diqq\u0259t infeksiyaya yoluxmu\u015f \u015f\u0259xsl\u0259rin m\u00fc\u0259yy\u0259nl\u0259\u015fdirilm\u0259sin\u0259 v\u0259 onlar\u0131n t\u0259crid edilm\u0259sin\u0259 y\u00f6n\u0259ldilm\u0259lidir. \u0130ctimai h\u0259yata t\u0259tbiq edil\u0259n m\u0259hdudiyy\u0259tl\u0259rin problemli t\u0259r\u0259fi ondan ibar\u0259tdir ki, ciddi tibbi t\u0259dbirl\u0259r g\u00f6r\u00fclm\u0259dikd\u0259, qada\u011falar aradan qald\u0131r\u0131lan kimi virus yenid\u0259n yay\u0131lma\u011fa ba\u015flayacaq. \u00c7in, Sinqapur v\u0259&hellip;<\/p>\n","protected":false},"author":2,"featured_media":144515,"comment_status":"closed","ping_status":"closed","sticky":false,"template":"","format":"standard","meta":{"om_disable_all_campaigns":false,"_monsterinsights_skip_tracking":false,"_monsterinsights_sitenote_active":false,"_monsterinsights_sitenote_note":"","_monsterinsights_sitenote_category":0},"categories":[7],"tags":[],"aioseo_notices":[],"gutentor_comment":0,"rttpg_featured_image_url":{"full":["https:\/\/arantv.az\/wp-content\/uploads\/2020\/03\/koronavirus_c.jpg",800,600,false],"landscape":["https:\/\/arantv.az\/wp-content\/uploads\/2020\/03\/koronavirus_c.jpg",800,600,false],"portraits":["https:\/\/arantv.az\/wp-content\/uploads\/2020\/03\/koronavirus_c.jpg",800,600,false],"thumbnail":["https:\/\/arantv.az\/wp-content\/uploads\/2020\/03\/koronavirus_c-150x150.jpg",150,150,true],"medium":["https:\/\/arantv.az\/wp-content\/uploads\/2020\/03\/koronavirus_c-300x225.jpg",300,225,true],"large":["https:\/\/arantv.az\/wp-content\/uploads\/2020\/03\/koronavirus_c.jpg",640,480,false],"1536x1536":["https:\/\/arantv.az\/wp-content\/uploads\/2020\/03\/koronavirus_c.jpg",800,600,false],"2048x2048":["https:\/\/arantv.az\/wp-content\/uploads\/2020\/03\/koronavirus_c.jpg",800,600,false],"post-thumbnail":["https:\/\/arantv.az\/wp-content\/uploads\/2020\/03\/koronavirus_c-240x172.jpg",240,172,true],"advps-thumb-one":["https:\/\/arantv.az\/wp-content\/uploads\/2020\/03\/koronavirus_c.jpg",800,600,false]},"rttpg_author":{"display_name":"V\u00fcsal Rafiqo\u011flu","author_link":"https:\/\/arantv.az\/?author=2"},"rttpg_comment":0,"rttpg_category":"<a href=\"https:\/\/arantv.az\/?cat=7\" rel=\"category\">D\u00fcnya<\/a>","rttpg_excerpt":"\u00dcmumd\u00fcnya S\u0259hiyy\u0259 T\u0259\u015fkilat\u0131 (\u00dcST) Avropa d\u00f6vl\u0259tl\u0259rini koronavirus pandemiyas\u0131na qar\u015f\u0131 m\u00fcbariz\u0259d\u0259 ictimai h\u0259yata m\u0259hdudiyy\u0259tl\u0259r t\u0259tbiq etm\u0259kl\u0259 kifay\u0259tl\u0259nm\u0259m\u0259y\u0259 \u00e7a\u011f\u0131r\u0131b. Qeyd edilib ki, bu m\u0259hdudiyy\u0259tl\u0259r virusun yay\u0131lmas\u0131n\u0131n qar\u015f\u0131s\u0131n\u0131n al\u0131nmas\u0131 \u00fc\u00e7\u00fcn yet\u0259rli deyil, testl\u0259rin say\u0131 art\u0131r\u0131lmal\u0131d\u0131r. ARANTV.AZ\u00a0AZ\u018fRTAC-a istinad\u0259n bildirir ki,\u00a0t\u0259\u015fkilat\u0131n sa\u011flaml\u0131qla ba\u011fl\u0131 f\u00f6vq\u0259lad\u0259 hallar proqram\u0131n\u0131n r\u0259hb\u0259ri Mayk Rayen bu fikirl\u0259ri BBC-y\u0259 m\u00fcsahib\u0259sind\u0259 bildirib. O qeyd edib ki, haz\u0131rda \u0259sas&hellip;","_links":{"self":[{"href":"https:\/\/arantv.az\/index.php?rest_route=\/wp\/v2\/posts\/144514"}],"collection":[{"href":"https:\/\/arantv.az\/index.php?rest_route=\/wp\/v2\/posts"}],"about":[{"href":"https:\/\/arantv.az\/index.php?rest_route=\/wp\/v2\/types\/post"}],"author":[{"embeddable":true,"href":"https:\/\/arantv.az\/index.php?rest_route=\/wp\/v2\/users\/2"}],"replies":[{"embeddable":true,"href":"https:\/\/arantv.az\/index.php?rest_route=%2Fwp%2Fv2%2Fcomments&post=144514"}],"version-history":[{"count":0,"href":"https:\/\/arantv.az\/index.php?rest_route=\/wp\/v2\/posts\/144514\/revisions"}],"wp:featuredmedia":[{"embeddable":true,"href":"https:\/\/arantv.az\/index.php?rest_route=\/wp\/v2\/media\/144515"}],"wp:attachment":[{"href":"https:\/\/arantv.az\/index.php?rest_route=%2Fwp%2Fv2%2Fmedia&parent=144514"}],"wp:term":[{"taxonomy":"category","embeddable":true,"href":"https:\/\/arantv.az\/index.php?rest_route=%2Fwp%2Fv2%2Fcategories&post=144514"},{"taxonomy":"post_tag","embeddable":true,"href":"https:\/\/arantv.az\/index.php?rest_route=%2Fwp%2Fv2%2Ftags&post=144514"}],"curies":[{"name":"wp","href":"https:\/\/api.w.org\/{rel}","templated":true}]}}