{"id":144518,"date":"2020-03-23T14:39:12","date_gmt":"2020-03-23T11:39:12","guid":{"rendered":"http:\/\/arantv.az\/?p=144518"},"modified":"2020-03-23T14:39:12","modified_gmt":"2020-03-23T11:39:12","slug":"yap-g%c9%99nc%c9%99-s%c9%99h%c9%99r-t%c9%99skilatinin-%c9%99m%c9%99kdaslari-1-ayliq-%c9%99m%c9%99k-haqlarini-kmdf-a-kocurubl%c9%99r","status":"publish","type":"post","link":"https:\/\/arantv.az\/?p=144518","title":{"rendered":"YAP G\u0259nc\u0259 \u015f\u0259h\u0259r t\u0259\u015fkilat\u0131n\u0131n \u0259m\u0259kda\u015flar\u0131 1 ayl\u0131q \u0259m\u0259k haqlar\u0131n\u0131 KMDF-a k\u00f6\u00e7\u00fcr\u00fcbl\u0259r"},"content":{"rendered":"<p>YAP G\u0259nc\u0259 \u015f\u0259h\u0259r t\u0259\u015fkilat\u0131n\u0131n s\u0259dr v\u0259 m\u00fcavinl\u0259ri, \u0259m\u0259kda\u015flar\u0131 b\u0259\u015f\u0259riyy\u0259t \u00fc\u00e7\u00fcn b\u00f6y\u00fck t\u0259hl\u00fck\u0259 yaradan COV\u0130D-19 pandemiyas\u0131 il\u0259 m\u00fcbariz\u0259 \u00e7\u0259r\u00e7iv\u0259sind\u0259 Az\u0259rbaycan Respublikas\u0131n\u0131n Prezidenti c\u0259nab \u0130lham \u018fliyevin t\u0259\u015f\u0259bb\u00fcs\u00fcn\u0259 qo\u015fulublar.<\/p>\n<p><strong>ARANTV.AZ<\/strong>\u00a0\u00a0<a href=\"http:\/\/az.trend.az\/\" target=\"_blank\" rel=\"noopener\">Trend<\/a>-\u0259 istinad\u0259n bildirir ki,\u00a0onlar Koronavirusla M\u00fcbariz\u0259y\u0259 D\u0259st\u0259k Fonduna bir ayl\u0131q \u0259m\u0259k haqlar\u0131n\u0131 k\u00f6\u00e7\u00fcr\u00fcbl\u0259r.<\/p>\n<p>Qeyd ed\u0259k ki, \u00dcmumd\u00fcnya S\u0259hiyy\u0259 T\u0259\u015fkilat\u0131 t\u0259r\u0259find\u0259n qlobal pandemiya elan edilmi\u015f koronavirus (COVID-19) infeksiyas\u0131n\u0131n \u0259hat\u0259 dair\u0259si v\u0259 co\u011frafiyas\u0131 haz\u0131rda s\u00fcr\u0259tl\u0259 geni\u015fl\u0259nm\u0259kd\u0259dir. D\u00f6vl\u0259t t\u0259r\u0259find\u0259n g\u00f6r\u00fcl\u0259n t\u0259dbirl\u0259r n\u0259tic\u0259sind\u0259 koronavirus pandemiyas\u0131 il\u0259 m\u00fcbariz\u0259d\u0259 Az\u0259rbaycan d\u00fcnyada \u0259n u\u011furlu n\u0259tic\u0259 \u0259ld\u0259 ed\u0259n \u00f6lk\u0259l\u0259rd\u0259n biridir. Amma m\u00fcbariz\u0259nin daha effektiv olmas\u0131 v\u0259 bu b\u0259lan\u0131n d\u0259f edilm\u0259si \u00fc\u00e7\u00fcn sosial v\u0259 iqtisadi statusundan as\u0131l\u0131 olmayaraq, h\u0259r k\u0259s h\u0259mr\u0259ylik n\u00fcmayi\u015f etdir\u0259r\u0259k d\u00f6vl\u0259t\u0259 d\u0259st\u0259k olmal\u0131d\u0131r.<\/p>\n","protected":false},"excerpt":{"rendered":"<p>YAP G\u0259nc\u0259 \u015f\u0259h\u0259r t\u0259\u015fkilat\u0131n\u0131n s\u0259dr v\u0259 m\u00fcavinl\u0259ri, \u0259m\u0259kda\u015flar\u0131 b\u0259\u015f\u0259riyy\u0259t \u00fc\u00e7\u00fcn b\u00f6y\u00fck t\u0259hl\u00fck\u0259 yaradan COV\u0130D-19 pandemiyas\u0131 il\u0259 m\u00fcbariz\u0259 \u00e7\u0259r\u00e7iv\u0259sind\u0259 Az\u0259rbaycan Respublikas\u0131n\u0131n Prezidenti c\u0259nab \u0130lham \u018fliyevin t\u0259\u015f\u0259bb\u00fcs\u00fcn\u0259 qo\u015fulublar. ARANTV.AZ\u00a0\u00a0Trend-\u0259 istinad\u0259n bildirir ki,\u00a0onlar Koronavirusla M\u00fcbariz\u0259y\u0259 D\u0259st\u0259k Fonduna bir ayl\u0131q \u0259m\u0259k haqlar\u0131n\u0131 k\u00f6\u00e7\u00fcr\u00fcbl\u0259r. Qeyd ed\u0259k ki, \u00dcmumd\u00fcnya S\u0259hiyy\u0259 T\u0259\u015fkilat\u0131 t\u0259r\u0259find\u0259n qlobal pandemiya elan edilmi\u015f koronavirus (COVID-19) infeksiyas\u0131n\u0131n \u0259hat\u0259 dair\u0259si v\u0259 co\u011frafiyas\u0131 haz\u0131rda s\u00fcr\u0259tl\u0259 geni\u015fl\u0259nm\u0259kd\u0259dir. D\u00f6vl\u0259t t\u0259r\u0259find\u0259n g\u00f6r\u00fcl\u0259n t\u0259dbirl\u0259r n\u0259tic\u0259sind\u0259 koronavirus pandemiyas\u0131 il\u0259 m\u00fcbariz\u0259d\u0259 Az\u0259rbaycan d\u00fcnyada \u0259n u\u011furlu n\u0259tic\u0259 \u0259ld\u0259 ed\u0259n \u00f6lk\u0259l\u0259rd\u0259n biridir. Amma m\u00fcbariz\u0259nin daha effektiv olmas\u0131 v\u0259 bu b\u0259lan\u0131n d\u0259f edilm\u0259si \u00fc\u00e7\u00fcn sosial&hellip;<\/p>\n","protected":false},"author":2,"featured_media":144519,"comment_status":"closed","ping_status":"closed","sticky":false,"template":"","format":"standard","meta":{"om_disable_all_campaigns":false,"_monsterinsights_skip_tracking":false,"_monsterinsights_sitenote_active":false,"_monsterinsights_sitenote_note":"","_monsterinsights_sitenote_category":0},"categories":[1],"tags":[],"aioseo_notices":[],"gutentor_comment":0,"rttpg_featured_image_url":{"full":["https:\/\/arantv.az\/wp-content\/uploads\/2020\/03\/835853.jpg",960,640,false],"landscape":["https:\/\/arantv.az\/wp-content\/uploads\/2020\/03\/835853.jpg",960,640,false],"portraits":["https:\/\/arantv.az\/wp-content\/uploads\/2020\/03\/835853.jpg",960,640,false],"thumbnail":["https:\/\/arantv.az\/wp-content\/uploads\/2020\/03\/835853-150x150.jpg",150,150,true],"medium":["https:\/\/arantv.az\/wp-content\/uploads\/2020\/03\/835853-300x200.jpg",300,200,true],"large":["https:\/\/arantv.az\/wp-content\/uploads\/2020\/03\/835853.jpg",640,427,false],"1536x1536":["https:\/\/arantv.az\/wp-content\/uploads\/2020\/03\/835853.jpg",960,640,false],"2048x2048":["https:\/\/arantv.az\/wp-content\/uploads\/2020\/03\/835853.jpg",960,640,false],"post-thumbnail":["https:\/\/arantv.az\/wp-content\/uploads\/2020\/03\/835853-240x172.jpg",240,172,true],"advps-thumb-one":["https:\/\/arantv.az\/wp-content\/uploads\/2020\/03\/835853-960x620.jpg",960,620,true]},"rttpg_author":{"display_name":"V\u00fcsal Rafiqo\u011flu","author_link":"https:\/\/arantv.az\/?author=2"},"rttpg_comment":0,"rttpg_category":"<a href=\"https:\/\/arantv.az\/?cat=1\" rel=\"category\">C\u0259miyy\u0259t<\/a>","rttpg_excerpt":"YAP G\u0259nc\u0259 \u015f\u0259h\u0259r t\u0259\u015fkilat\u0131n\u0131n s\u0259dr v\u0259 m\u00fcavinl\u0259ri, \u0259m\u0259kda\u015flar\u0131 b\u0259\u015f\u0259riyy\u0259t \u00fc\u00e7\u00fcn b\u00f6y\u00fck t\u0259hl\u00fck\u0259 yaradan COV\u0130D-19 pandemiyas\u0131 il\u0259 m\u00fcbariz\u0259 \u00e7\u0259r\u00e7iv\u0259sind\u0259 Az\u0259rbaycan Respublikas\u0131n\u0131n Prezidenti c\u0259nab \u0130lham \u018fliyevin t\u0259\u015f\u0259bb\u00fcs\u00fcn\u0259 qo\u015fulublar. ARANTV.AZ\u00a0\u00a0Trend-\u0259 istinad\u0259n bildirir ki,\u00a0onlar Koronavirusla M\u00fcbariz\u0259y\u0259 D\u0259st\u0259k Fonduna bir ayl\u0131q \u0259m\u0259k haqlar\u0131n\u0131 k\u00f6\u00e7\u00fcr\u00fcbl\u0259r. Qeyd ed\u0259k ki, \u00dcmumd\u00fcnya S\u0259hiyy\u0259 T\u0259\u015fkilat\u0131 t\u0259r\u0259find\u0259n qlobal pandemiya elan edilmi\u015f koronavirus (COVID-19) infeksiyas\u0131n\u0131n \u0259hat\u0259 dair\u0259si&hellip;","_links":{"self":[{"href":"https:\/\/arantv.az\/index.php?rest_route=\/wp\/v2\/posts\/144518"}],"collection":[{"href":"https:\/\/arantv.az\/index.php?rest_route=\/wp\/v2\/posts"}],"about":[{"href":"https:\/\/arantv.az\/index.php?rest_route=\/wp\/v2\/types\/post"}],"author":[{"embeddable":true,"href":"https:\/\/arantv.az\/index.php?rest_route=\/wp\/v2\/users\/2"}],"replies":[{"embeddable":true,"href":"https:\/\/arantv.az\/index.php?rest_route=%2Fwp%2Fv2%2Fcomments&post=144518"}],"version-history":[{"count":0,"href":"https:\/\/arantv.az\/index.php?rest_route=\/wp\/v2\/posts\/144518\/revisions"}],"wp:featuredmedia":[{"embeddable":true,"href":"https:\/\/arantv.az\/index.php?rest_route=\/wp\/v2\/media\/144519"}],"wp:attachment":[{"href":"https:\/\/arantv.az\/index.php?rest_route=%2Fwp%2Fv2%2Fmedia&parent=144518"}],"wp:term":[{"taxonomy":"category","embeddable":true,"href":"https:\/\/arantv.az\/index.php?rest_route=%2Fwp%2Fv2%2Fcategories&post=144518"},{"taxonomy":"post_tag","embeddable":true,"href":"https:\/\/arantv.az\/index.php?rest_route=%2Fwp%2Fv2%2Ftags&post=144518"}],"curies":[{"name":"wp","href":"https:\/\/api.w.org\/{rel}","templated":true}]}}