{"id":144529,"date":"2020-03-24T08:12:47","date_gmt":"2020-03-24T05:12:47","guid":{"rendered":"http:\/\/arantv.az\/?p=144529"},"modified":"2020-03-24T08:12:47","modified_gmt":"2020-03-24T05:12:47","slug":"nazird%c9%99n-is%c9%99gotur%c9%99nl%c9%99r%c9%99-cagiris-ixtisarlara-q%c9%99ti-yol-verm%c9%99sinl%c9%99r","status":"publish","type":"post","link":"https:\/\/arantv.az\/?p=144529","title":{"rendered":"Nazird\u0259n i\u015f\u0259g\u00f6t\u00fcr\u0259nl\u0259r\u0259 \u00e7a\u011f\u0131r\u0131\u015f: \u0130xtisarlara q\u0259ti yol verm\u0259sinl\u0259r"},"content":{"rendered":"<p>\u0130\u015f yerl\u0259ri m\u0259s\u0259l\u0259si il\u0259 ba\u011fl\u0131, d\u00f6vl\u0259t strukturlar\u0131nda m\u00fcvafiq add\u0131mlar at\u0131l\u0131b. Burada i\u015f yerl\u0259ri maksimum qorunacaq, ixtisarlar olmayacaq. \u00d6z\u0259l sektor i\u015f\u00e7il\u0259ri il\u0259 \u0259laq\u0259dar is\u0259 d\u00f6vl\u0259t t\u0259r\u0259find\u0259n \u00e7oxsayl\u0131 d\u0259st\u0259k t\u0259dbirl\u0259ri haz\u0131rlan\u0131r.<\/p>\n<p><strong>ARANTV.AZ<\/strong>\u00a0<a href=\"http:\/\/az.trend.az\/\" target=\"_blank\" rel=\"noopener\">Trend<\/a>-\u0259 istinad\u0259n bildirir ki,\u00a0bu s\u00f6zl\u0259ri Az\u0259rbaycan Televiziyas\u0131n\u0131n (AzTV) &#8220;H\u0259d\u0259f&#8221; verili\u015find\u0259 \u018fm\u0259k v\u0259 \u018fhalinin Sosial M\u00fcdafi\u0259si naziri Sahil Babayev deyib.<\/p>\n<p>Nazir bildirib ki, b\u00fct\u00fcn i\u015f\u0259g\u00f6t\u00fcr\u0259nl\u0259r d\u00f6vl\u0259t d\u0259st\u0259yinin edil\u0259c\u0259yi haqq\u0131nda m\u0259lumatland\u0131r\u0131l\u0131b: &#8220;\u018fm\u0259k m\u00fcqavil\u0259l\u0259rinin bildiri\u015fi elektron sistemi vasit\u0259sil\u0259 qeydiyyatdan ke\u00e7mi\u015f 74 mind\u0259n art\u0131q i\u015f\u0259g\u00f6t\u00fcr\u0259nin, h\u0259r birin\u0259 m\u0259lumatlar g\u00f6nd\u0259rilib ki, i\u015f\u00e7il\u0259ri ixtisar etm\u0259k, onlar\u0131n \u0259m\u0259k h\u00fcquqlar\u0131na etinas\u0131z yana\u015fmaq, onlar\u0131 i\u015fd\u0259n azad etm\u0259k, Az\u0259rbaycan d\u00f6vl\u0259tinin apard\u0131\u011f\u0131 siyas\u0259t\u0259 ziddir. \u0130\u015f\u0259g\u00f6t\u00fcr\u0259nl\u0259r korporativ m\u0259suliyy\u0259t v\u0259 sosial h\u0259mr\u0259ylik prinsipin\u0259 sadiq olaraq, i\u015f\u00e7il\u0259ri i\u015fd\u0259n azad etm\u0259kd\u0259n \u00e7\u0259kinm\u0259lidirl\u0259r. Biz koronavirus pandemiyas\u0131ndan z\u0259r\u0259r \u00e7\u0259k\u0259n h\u0259ssas sektorlar\u0131 m\u00fc\u0259yy\u0259n etmi\u015fik. Onlara m\u00fcvafiq d\u00f6vl\u0259t d\u0259st\u0259yi proqramlar\u0131 haz\u0131rlan\u0131r. \u0130qtisadi m\u0259s\u0259l\u0259l\u0259r \u00fczr\u0259 \u0130\u015f\u00e7i Qrup t\u0259r\u0259find\u0259n sahibkarlara, i\u015f\u0259g\u00f6t\u00fcr\u0259nl\u0259r\u0259 veril\u0259c\u0259k d\u0259st\u0259yin mexanizmi haz\u0131rlan\u0131r, M\u0259\u015f\u011fulluq v\u0259 \u0259m\u0259k m\u00fcnasib\u0259tl\u0259ri \u00fczr\u0259 \u0130\u015f\u00e7i Qrupu t\u0259r\u0259find\u0259n is\u0259 i\u015f\u00e7il\u0259r\u0259 veril\u0259c\u0259k d\u0259st\u0259k t\u0259dbirl\u0259ri m\u00fc\u0259yy\u0259nl\u0259\u015fdirilir. Y\u0259ni, d\u00f6vl\u0259t \u00f6z d\u0259st\u0259yini b\u0259yan edib, c\u0259nab Prezident koronavirusun m\u0259nfi t\u0259sirl\u0259rinin aradan qald\u0131r\u0131lmas\u0131n\u0131 n\u0259z\u0259r\u0259 alaraq, b\u00fcdc\u0259d\u0259n bir milyard manat v\u0259sait ay\u0131r\u0131b. Bizim d\u0259 i\u015f\u0259g\u00f6t\u00fcr\u0259nl\u0259rin h\u0259r birind\u0259n g\u00f6zl\u0259ntimiz odur ki, onlar ixtisarlara q\u0259ti yol verm\u0259sinl\u0259r. Biz v\u0259t\u0259nda\u015flar\u0131m\u0131z\u0131n i\u015fsizliyinin artmas\u0131na imkan verm\u0259m\u0259liyik&#8221;.<\/p>\n","protected":false},"excerpt":{"rendered":"<p>\u0130\u015f yerl\u0259ri m\u0259s\u0259l\u0259si il\u0259 ba\u011fl\u0131, d\u00f6vl\u0259t strukturlar\u0131nda m\u00fcvafiq add\u0131mlar at\u0131l\u0131b. Burada i\u015f yerl\u0259ri maksimum qorunacaq, ixtisarlar olmayacaq. \u00d6z\u0259l sektor i\u015f\u00e7il\u0259ri il\u0259 \u0259laq\u0259dar is\u0259 d\u00f6vl\u0259t t\u0259r\u0259find\u0259n \u00e7oxsayl\u0131 d\u0259st\u0259k t\u0259dbirl\u0259ri haz\u0131rlan\u0131r. ARANTV.AZ\u00a0Trend-\u0259 istinad\u0259n bildirir ki,\u00a0bu s\u00f6zl\u0259ri Az\u0259rbaycan Televiziyas\u0131n\u0131n (AzTV) &#8220;H\u0259d\u0259f&#8221; verili\u015find\u0259 \u018fm\u0259k v\u0259 \u018fhalinin Sosial M\u00fcdafi\u0259si naziri Sahil Babayev deyib. Nazir bildirib ki, b\u00fct\u00fcn i\u015f\u0259g\u00f6t\u00fcr\u0259nl\u0259r d\u00f6vl\u0259t d\u0259st\u0259yinin edil\u0259c\u0259yi haqq\u0131nda m\u0259lumatland\u0131r\u0131l\u0131b: &#8220;\u018fm\u0259k m\u00fcqavil\u0259l\u0259rinin bildiri\u015fi elektron sistemi vasit\u0259sil\u0259 qeydiyyatdan ke\u00e7mi\u015f 74 mind\u0259n art\u0131q i\u015f\u0259g\u00f6t\u00fcr\u0259nin, h\u0259r birin\u0259 m\u0259lumatlar g\u00f6nd\u0259rilib ki, i\u015f\u00e7il\u0259ri ixtisar etm\u0259k, onlar\u0131n \u0259m\u0259k h\u00fcquqlar\u0131na etinas\u0131z yana\u015fmaq, onlar\u0131 i\u015fd\u0259n azad etm\u0259k, Az\u0259rbaycan d\u00f6vl\u0259tinin apard\u0131\u011f\u0131&hellip;<\/p>\n","protected":false},"author":2,"featured_media":144530,"comment_status":"closed","ping_status":"closed","sticky":false,"template":"","format":"standard","meta":{"om_disable_all_campaigns":false,"_monsterinsights_skip_tracking":false,"_monsterinsights_sitenote_active":false,"_monsterinsights_sitenote_note":"","_monsterinsights_sitenote_category":0},"categories":[1],"tags":[],"aioseo_notices":[],"gutentor_comment":0,"rttpg_featured_image_url":{"full":["https:\/\/arantv.az\/wp-content\/uploads\/2020\/03\/34784849056.jpg",800,600,false],"landscape":["https:\/\/arantv.az\/wp-content\/uploads\/2020\/03\/34784849056.jpg",800,600,false],"portraits":["https:\/\/arantv.az\/wp-content\/uploads\/2020\/03\/34784849056.jpg",800,600,false],"thumbnail":["https:\/\/arantv.az\/wp-content\/uploads\/2020\/03\/34784849056-150x150.jpg",150,150,true],"medium":["https:\/\/arantv.az\/wp-content\/uploads\/2020\/03\/34784849056-300x225.jpg",300,225,true],"large":["https:\/\/arantv.az\/wp-content\/uploads\/2020\/03\/34784849056.jpg",640,480,false],"1536x1536":["https:\/\/arantv.az\/wp-content\/uploads\/2020\/03\/34784849056.jpg",800,600,false],"2048x2048":["https:\/\/arantv.az\/wp-content\/uploads\/2020\/03\/34784849056.jpg",800,600,false],"post-thumbnail":["https:\/\/arantv.az\/wp-content\/uploads\/2020\/03\/34784849056-240x172.jpg",240,172,true],"advps-thumb-one":["https:\/\/arantv.az\/wp-content\/uploads\/2020\/03\/34784849056.jpg",800,600,false]},"rttpg_author":{"display_name":"V\u00fcsal Rafiqo\u011flu","author_link":"https:\/\/arantv.az\/?author=2"},"rttpg_comment":0,"rttpg_category":"<a href=\"https:\/\/arantv.az\/?cat=1\" rel=\"category\">C\u0259miyy\u0259t<\/a>","rttpg_excerpt":"\u0130\u015f yerl\u0259ri m\u0259s\u0259l\u0259si il\u0259 ba\u011fl\u0131, d\u00f6vl\u0259t strukturlar\u0131nda m\u00fcvafiq add\u0131mlar at\u0131l\u0131b. Burada i\u015f yerl\u0259ri maksimum qorunacaq, ixtisarlar olmayacaq. \u00d6z\u0259l sektor i\u015f\u00e7il\u0259ri il\u0259 \u0259laq\u0259dar is\u0259 d\u00f6vl\u0259t t\u0259r\u0259find\u0259n \u00e7oxsayl\u0131 d\u0259st\u0259k t\u0259dbirl\u0259ri haz\u0131rlan\u0131r. ARANTV.AZ\u00a0Trend-\u0259 istinad\u0259n bildirir ki,\u00a0bu s\u00f6zl\u0259ri Az\u0259rbaycan Televiziyas\u0131n\u0131n (AzTV) &#8220;H\u0259d\u0259f&#8221; verili\u015find\u0259 \u018fm\u0259k v\u0259 \u018fhalinin Sosial M\u00fcdafi\u0259si naziri Sahil Babayev deyib. Nazir bildirib ki, b\u00fct\u00fcn i\u015f\u0259g\u00f6t\u00fcr\u0259nl\u0259r d\u00f6vl\u0259t d\u0259st\u0259yinin&hellip;","_links":{"self":[{"href":"https:\/\/arantv.az\/index.php?rest_route=\/wp\/v2\/posts\/144529"}],"collection":[{"href":"https:\/\/arantv.az\/index.php?rest_route=\/wp\/v2\/posts"}],"about":[{"href":"https:\/\/arantv.az\/index.php?rest_route=\/wp\/v2\/types\/post"}],"author":[{"embeddable":true,"href":"https:\/\/arantv.az\/index.php?rest_route=\/wp\/v2\/users\/2"}],"replies":[{"embeddable":true,"href":"https:\/\/arantv.az\/index.php?rest_route=%2Fwp%2Fv2%2Fcomments&post=144529"}],"version-history":[{"count":0,"href":"https:\/\/arantv.az\/index.php?rest_route=\/wp\/v2\/posts\/144529\/revisions"}],"wp:featuredmedia":[{"embeddable":true,"href":"https:\/\/arantv.az\/index.php?rest_route=\/wp\/v2\/media\/144530"}],"wp:attachment":[{"href":"https:\/\/arantv.az\/index.php?rest_route=%2Fwp%2Fv2%2Fmedia&parent=144529"}],"wp:term":[{"taxonomy":"category","embeddable":true,"href":"https:\/\/arantv.az\/index.php?rest_route=%2Fwp%2Fv2%2Fcategories&post=144529"},{"taxonomy":"post_tag","embeddable":true,"href":"https:\/\/arantv.az\/index.php?rest_route=%2Fwp%2Fv2%2Ftags&post=144529"}],"curies":[{"name":"wp","href":"https:\/\/api.w.org\/{rel}","templated":true}]}}