{"id":144592,"date":"2020-03-24T08:54:41","date_gmt":"2020-03-24T05:54:41","guid":{"rendered":"http:\/\/arantv.az\/?p=144592"},"modified":"2020-03-24T08:54:41","modified_gmt":"2020-03-24T05:54:41","slug":"ekspress-x%c9%99tl%c9%99r-uzr%c9%99-avtobuslarin-dayanacaq-m%c9%99nt%c9%99q%c9%99l%c9%99ri-t%c9%99yin-olundu","status":"publish","type":"post","link":"https:\/\/arantv.az\/?p=144592","title":{"rendered":"Ekspress x\u0259tl\u0259r \u00fczr\u0259 avtobuslar\u0131n dayanacaq m\u0259nt\u0259q\u0259l\u0259ri t\u0259yin olundu"},"content":{"rendered":"<p>Bak\u0131 N\u0259qliyyat Agentliyinin m\u0259lumat\u0131na g\u00f6r\u0259, M1 v\u0259 M2 ekspress mar\u015frut avtobuslar\u0131 06:00-22:00 aras\u0131 f\u0259aliyy\u0259t g\u00f6st\u0259r\u0259c\u0259k. Ekspress x\u0259tl\u0259r \u00fczr\u0259 avtobuslar yaln\u0131z metrostansiyalar\u0131n \u00e7\u0131x\u0131\u015flar\u0131nda olan dayanacaq m\u0259nt\u0259q\u0259l\u0259rind\u0259 dayanacaq.<\/p>\n<p><b>ARANTV.AZ\u00a0<\/b> x\u0259b\u0259r verir ki, bu bar\u0259d\u0259 \u0130cbari Tibbi S\u0131\u011forta Agentliyi m\u0259lumat yay\u0131b.<\/p>\n<p>Bak\u0131da metro stansiyalar\u0131 aras\u0131nda ekspress avtobuslar\u0131n mar\u015furutlar\u0131\u00a0Nazirl\u0259r Kabineti yan\u0131nda operativ q\u0259rargah\u0131n \u00f6lk\u0259 \u0259razisind\u0259 x\u00fcsusi karantin rejimi t\u0259tbiq etm\u0259si il\u0259 \u0259laq\u0259dar metro stansiyalar\u0131 aras\u0131nda m\u00fc\u0259yy\u0259n edilmi\u015f mar\u015frut \u0259sas\u0131nda iki istiqam\u0259t \u00fczr\u0259 x\u00fcsusi ekspress avtobus x\u0259tl\u0259ri t\u0259\u015fkil edilir. M\u0259lumatda ekspress x\u0259tl\u0259r \u00fczr\u0259 avtobuslar\u0131n dayanacaq m\u0259nt\u0259q\u0259l\u0259ri qeyd olunub:<\/p>\n<p>M1 \u2013 x\u0259tti: H.Aslanov m\/st. \u2013 \u018fhm\u0259dli m\/st \u2013 Xalqlar Dostlu\u011fu m\/st. \u2013 Neft\u00e7il\u0259r m\/st. \u2013 Q.Qarayev m\/st. \u2013 Koro\u011flu m\/st. \u2013 N.N\u0259rimanov m\/st. \u2013 G\u0259nclik m\/st. \u2013 Azadl\u0131q pr. m\/st. \u2013 3-c\u00fc mkr. dair\u0259si (M.\u018fc\u0259mi m\/st.) \u2013 20 Yanvar m\/st. (\u00fcmumilikd\u0259 11 m\/st.)<\/p>\n<p>M2 \u2013 x\u0259tti: H.Aslanov m\/st. \u2013 \u018fhm\u0259dli m\/st \u2013 Xalqlar Dostlu\u011fu m\/st. \u2013 Neft\u00e7il\u0259r m\/st. \u2013 Q.Qarayev m\/st. \u2013 Koro\u011flu m\/st. \u2013 N.N\u0259rimanov m\/st. \u2013 G\u0259nclik m\/st. \u2013 28 May m\/st. \u2013 Sahil m\/st. \u2013 \u0130\u00e7\u0259ri\u015f\u0259h\u0259r m\/st. \u2013 Nizami m\/st. \u2013 Elml\u0259r Ak. m\/st. \u2013 \u0130n\u015faat\u00e7\u0131lar m\/st. &#8211; 20 Yanvar m\/st. (\u00fcmumilikd\u0259 15 m\/st.)<\/p>\n<p>Ekspress x\u0259tl\u0259r \u00fczr\u0259 avtobuslar 10 d\u0259qiq\u0259 h\u0259r\u0259k\u0259t interval\u0131 il\u0259 f\u0259aliyy\u0259t g\u00f6st\u0259r\u0259c\u0259k. Mar\u015frutlar \u00fczr\u0259 s\u0259rni\u015finda\u015f\u0131malar \u201cBakuBus\u201d MMC-nin istismar\u0131nda olan 30 \u0259d\u0259d (M1- 13 \u0259d\u0259d; M2 \u2013 17 \u0259d\u0259d) b\u00f6y\u00fcktutumlu (12 m) avtobuslarla h\u0259yata ke\u00e7iril\u0259c\u0259k.<\/p>\n<p>Z\u0259rur\u0259t yaranaca\u011f\u0131 halda b\u00f6y\u00fcktutumlu (18 m) avtobuslar\u0131n istismar\u0131 n\u0259z\u0259rd\u0259 tutulub. H\u0259r iki x\u0259tt \u00fczr\u0259 gedi\u015f haqq\u0131 0.30 q\u0259pik m\u00fc\u0259yy\u0259n edilib v\u0259 \u00f6d\u0259ni\u015f na\u011fds\u0131z formada \u201cBak\u0131Kart\u201dla olacaq.<\/p>\n<p>Eyni zamanda, bildiririk ki, m\u00fcnt\u0259z\u0259m mar\u015frut x\u0259tl\u0259ri \u00fczr\u0259 s\u0259rni\u015fin avtobuslar\u0131n\u0131n f\u0259aliyy\u0259ti d\u0259 adi rejimd\u0259 davam ed\u0259c\u0259k. G\u00fcnd\u0259lik x\u0259tt\u0259 \u00e7\u0131xan avtobuslar\u0131n say\u0131 s\u0259rni\u015fin ax\u0131n\u0131na uy\u011fun olaraq t\u0259nziml\u0259n\u0259c\u0259k.<\/p>\n<p>S\u0259rni\u015finl\u0259rd\u0259n metrodan istifad\u0259ni minimuma endirm\u0259yi, yer\u00fcst\u00fc n\u0259qliyyatdan istifad\u0259y\u0259 \u00fcst\u00fcnl\u00fck verm\u0259l\u0259rini xahi\u015f edirik. H\u0259m\u00e7inin z\u0259ruriyy\u0259t olmadan evd\u0259n \u00e7\u0131xmama\u011f\u0131 t\u00f6vsiy\u0259 edirik.Oxu.Az<\/p>\n","protected":false},"excerpt":{"rendered":"<p>Bak\u0131 N\u0259qliyyat Agentliyinin m\u0259lumat\u0131na g\u00f6r\u0259, M1 v\u0259 M2 ekspress mar\u015frut avtobuslar\u0131 06:00-22:00 aras\u0131 f\u0259aliyy\u0259t g\u00f6st\u0259r\u0259c\u0259k. Ekspress x\u0259tl\u0259r \u00fczr\u0259 avtobuslar yaln\u0131z metrostansiyalar\u0131n \u00e7\u0131x\u0131\u015flar\u0131nda olan dayanacaq m\u0259nt\u0259q\u0259l\u0259rind\u0259 dayanacaq. ARANTV.AZ\u00a0 x\u0259b\u0259r verir ki, bu bar\u0259d\u0259 \u0130cbari Tibbi S\u0131\u011forta Agentliyi m\u0259lumat yay\u0131b. Bak\u0131da metro stansiyalar\u0131 aras\u0131nda ekspress avtobuslar\u0131n mar\u015furutlar\u0131\u00a0Nazirl\u0259r Kabineti yan\u0131nda operativ q\u0259rargah\u0131n \u00f6lk\u0259 \u0259razisind\u0259 x\u00fcsusi karantin rejimi t\u0259tbiq etm\u0259si il\u0259 \u0259laq\u0259dar metro stansiyalar\u0131 aras\u0131nda m\u00fc\u0259yy\u0259n edilmi\u015f mar\u015frut \u0259sas\u0131nda iki istiqam\u0259t \u00fczr\u0259 x\u00fcsusi ekspress avtobus x\u0259tl\u0259ri t\u0259\u015fkil edilir. M\u0259lumatda ekspress x\u0259tl\u0259r \u00fczr\u0259 avtobuslar\u0131n dayanacaq m\u0259nt\u0259q\u0259l\u0259ri qeyd olunub: M1 \u2013 x\u0259tti: H.Aslanov m\/st. \u2013 \u018fhm\u0259dli&hellip;<\/p>\n","protected":false},"author":2,"featured_media":144593,"comment_status":"closed","ping_status":"closed","sticky":false,"template":"","format":"standard","meta":{"om_disable_all_campaigns":false,"_monsterinsights_skip_tracking":false,"_monsterinsights_sitenote_active":false,"_monsterinsights_sitenote_note":"","_monsterinsights_sitenote_category":0},"categories":[1],"tags":[],"aioseo_notices":[],"gutentor_comment":0,"rttpg_featured_image_url":{"full":["https:\/\/arantv.az\/wp-content\/uploads\/2020\/03\/yol-3.jpg",620,349,false],"landscape":["https:\/\/arantv.az\/wp-content\/uploads\/2020\/03\/yol-3.jpg",620,349,false],"portraits":["https:\/\/arantv.az\/wp-content\/uploads\/2020\/03\/yol-3.jpg",620,349,false],"thumbnail":["https:\/\/arantv.az\/wp-content\/uploads\/2020\/03\/yol-3-150x150.jpg",150,150,true],"medium":["https:\/\/arantv.az\/wp-content\/uploads\/2020\/03\/yol-3-300x169.jpg",300,169,true],"large":["https:\/\/arantv.az\/wp-content\/uploads\/2020\/03\/yol-3.jpg",620,349,false],"1536x1536":["https:\/\/arantv.az\/wp-content\/uploads\/2020\/03\/yol-3.jpg",620,349,false],"2048x2048":["https:\/\/arantv.az\/wp-content\/uploads\/2020\/03\/yol-3.jpg",620,349,false],"post-thumbnail":["https:\/\/arantv.az\/wp-content\/uploads\/2020\/03\/yol-3-240x172.jpg",240,172,true],"advps-thumb-one":["https:\/\/arantv.az\/wp-content\/uploads\/2020\/03\/yol-3.jpg",620,349,false]},"rttpg_author":{"display_name":"V\u00fcsal Rafiqo\u011flu","author_link":"https:\/\/arantv.az\/?author=2"},"rttpg_comment":0,"rttpg_category":"<a href=\"https:\/\/arantv.az\/?cat=1\" rel=\"category\">C\u0259miyy\u0259t<\/a>","rttpg_excerpt":"Bak\u0131 N\u0259qliyyat Agentliyinin m\u0259lumat\u0131na g\u00f6r\u0259, M1 v\u0259 M2 ekspress mar\u015frut avtobuslar\u0131 06:00-22:00 aras\u0131 f\u0259aliyy\u0259t g\u00f6st\u0259r\u0259c\u0259k. Ekspress x\u0259tl\u0259r \u00fczr\u0259 avtobuslar yaln\u0131z metrostansiyalar\u0131n \u00e7\u0131x\u0131\u015flar\u0131nda olan dayanacaq m\u0259nt\u0259q\u0259l\u0259rind\u0259 dayanacaq. ARANTV.AZ\u00a0 x\u0259b\u0259r verir ki, bu bar\u0259d\u0259 \u0130cbari Tibbi S\u0131\u011forta Agentliyi m\u0259lumat yay\u0131b. Bak\u0131da metro stansiyalar\u0131 aras\u0131nda ekspress avtobuslar\u0131n mar\u015furutlar\u0131\u00a0Nazirl\u0259r Kabineti yan\u0131nda operativ q\u0259rargah\u0131n \u00f6lk\u0259 \u0259razisind\u0259 x\u00fcsusi karantin rejimi t\u0259tbiq&hellip;","_links":{"self":[{"href":"https:\/\/arantv.az\/index.php?rest_route=\/wp\/v2\/posts\/144592"}],"collection":[{"href":"https:\/\/arantv.az\/index.php?rest_route=\/wp\/v2\/posts"}],"about":[{"href":"https:\/\/arantv.az\/index.php?rest_route=\/wp\/v2\/types\/post"}],"author":[{"embeddable":true,"href":"https:\/\/arantv.az\/index.php?rest_route=\/wp\/v2\/users\/2"}],"replies":[{"embeddable":true,"href":"https:\/\/arantv.az\/index.php?rest_route=%2Fwp%2Fv2%2Fcomments&post=144592"}],"version-history":[{"count":0,"href":"https:\/\/arantv.az\/index.php?rest_route=\/wp\/v2\/posts\/144592\/revisions"}],"wp:featuredmedia":[{"embeddable":true,"href":"https:\/\/arantv.az\/index.php?rest_route=\/wp\/v2\/media\/144593"}],"wp:attachment":[{"href":"https:\/\/arantv.az\/index.php?rest_route=%2Fwp%2Fv2%2Fmedia&parent=144592"}],"wp:term":[{"taxonomy":"category","embeddable":true,"href":"https:\/\/arantv.az\/index.php?rest_route=%2Fwp%2Fv2%2Fcategories&post=144592"},{"taxonomy":"post_tag","embeddable":true,"href":"https:\/\/arantv.az\/index.php?rest_route=%2Fwp%2Fv2%2Ftags&post=144592"}],"curies":[{"name":"wp","href":"https:\/\/api.w.org\/{rel}","templated":true}]}}