{"id":144705,"date":"2020-03-24T11:20:38","date_gmt":"2020-03-24T08:20:38","guid":{"rendered":"http:\/\/arantv.az\/?p=144705"},"modified":"2020-03-24T11:20:38","modified_gmt":"2020-03-24T08:20:38","slug":"ilham-m%c9%99mm%c9%99dov-koronavirusla-mubariz%c9%99d%c9%99-v%c9%99t%c9%99ndaslar-da-oz-m%c9%99suliyy%c9%99tini-yerin%c9%99-yetirm%c9%99lidirl%c9%99r-video","status":"publish","type":"post","link":"https:\/\/arantv.az\/?p=144705","title":{"rendered":"\u0130lham M\u0259mm\u0259dov: &#8220;Koronavirusla m\u00fcbariz\u0259d\u0259 v\u0259t\u0259nda\u015flar da \u00f6z m\u0259suliyy\u0259tini yerin\u0259 yetirm\u0259lidirl\u0259r&#8221; &#8211; V\u0130DEO"},"content":{"rendered":"<p><strong>Az\u0259rbaycanda koronavirus epidemiyas\u0131n\u0131n yay\u0131lmas\u0131n\u0131n qar\u015f\u0131s\u0131n\u0131n al\u0131nmas\u0131 istiqam\u0259tind\u0259 b\u00fct\u00fcn laz\u0131mi add\u0131mlar at\u0131l\u0131r.<\/strong><\/p>\n<p><strong>ARANTV.AZ<\/strong>\u00a0\u00a0<a href=\"http:\/\/az.trend.az\/\" target=\"_blank\" rel=\"noopener\">Trend<\/a>-\u0259 istinad\u0259n bildirir ki,\u00a0bunu Milli M\u0259clisin deputat\u0131 \u0130lham M\u0259mm\u0259dov &#8220;PREZ\u0130DENT. M\u00fcst\u0259qillik. T\u0259hl\u00fck\u0259sizlik. Rifah&#8221;\u00a0adl\u0131 video layih\u0259sin\u0259 m\u00fcsahib\u0259si zaman deyib.<\/p>\n<p>Deputat bildirib ki, \u00f6lk\u0259mizd\u0259 qabaqlay\u0131c\u0131, sanitar epidemioloji t\u0259dbirl\u0259rin vaxt\u0131nda h\u0259yata ke\u00e7irilm\u0259si bu prosesin qar\u015f\u0131s\u0131n\u0131 alacaq:<\/p>\n<p>&#8220;\u00d6lk\u0259 \u0259halisinin sa\u011flaml\u0131\u011f\u0131n\u0131n qorunmas\u0131 istiqam\u0259tind\u0259 ehtiyat t\u0259dbirl\u0259ri g\u00f6r\u00fcl\u00fcr. Bu virusla m\u00fcbariz\u0259 aparmaq \u00fc\u00e7\u00fcn bu g\u00fcn \u00f6lk\u0259nin anbarlar\u0131nda kifay\u0259t q\u0259d\u0259r d\u0259rman vasit\u0259l\u0259ri var&#8221;.<\/p>\n<p>\u0130.M\u0259mm\u0259dov vur\u011fulay\u0131b ki, d\u00f6vl\u0259t t\u0259r\u0259find\u0259n g\u00f6r\u00fcl\u0259n t\u0259dbirl\u0259rl\u0259 yana\u015f\u0131, insanlar\u0131n da bu qaydalara \u0259m\u0259l etm\u0259si vacib \u0259h\u0259miyy\u0259t k\u0259sb edir. O qeyd edib ki, v\u0259t\u0259nda\u015flar bu m\u0259s\u0259l\u0259d\u0259 h\u0259mr\u0259ylik n\u00fcmayi\u015f etdirm\u0259lidirl\u0259r:<\/p>\n<p>&#8220;Bu m\u00fcbariz\u0259d\u0259 v\u0259t\u0259nda\u015flar h\u0259mr\u0259ylik g\u00f6st\u0259r\u0259r\u0259k karantin rejimin\u0259, Nazirl\u0259r Kabineti yan\u0131nda Operativ Q\u0259rargah\u0131n t\u00f6vsiy\u0259l\u0259rin\u0259 \u0259m\u0259l ed\u0259rs\u0259, biz bu virusun t\u00f6r\u0259d\u0259 bil\u0259c\u0259yi f\u0259sadlar\u0131n qar\u015f\u0131s\u0131n\u0131 ala bil\u0259rik. \u0130nsanlar da burada \u00f6z \u00fcz\u0259rin\u0259 d\u00fc\u015f\u0259n m\u0259suliyy\u0259ti yerin\u0259 yetirm\u0259lidirl\u0259r&#8221;.<\/p>\n<p><iframe loading=\"lazy\" src=\"https:\/\/www.trend.az\/player.php?f=%20https:\/\/cdn.trend.az\/2020\/03\/22\/prezident_rifah_55_220320.mp4\" width=\"100%\" height=\"360\" frameborder=\"0\" allowfullscreen=\"allowfullscreen\" data-mce-fragment=\"1\"><\/iframe><\/p>\n<div class=\"article-footer\">\n<div class=\"tags-wrapper\"><\/div>\n<\/div>\n","protected":false},"excerpt":{"rendered":"<p>Az\u0259rbaycanda koronavirus epidemiyas\u0131n\u0131n yay\u0131lmas\u0131n\u0131n qar\u015f\u0131s\u0131n\u0131n al\u0131nmas\u0131 istiqam\u0259tind\u0259 b\u00fct\u00fcn laz\u0131mi add\u0131mlar at\u0131l\u0131r. ARANTV.AZ\u00a0\u00a0Trend-\u0259 istinad\u0259n bildirir ki,\u00a0bunu Milli M\u0259clisin deputat\u0131 \u0130lham M\u0259mm\u0259dov &#8220;PREZ\u0130DENT. M\u00fcst\u0259qillik. T\u0259hl\u00fck\u0259sizlik. Rifah&#8221;\u00a0adl\u0131 video layih\u0259sin\u0259 m\u00fcsahib\u0259si zaman deyib. Deputat bildirib ki, \u00f6lk\u0259mizd\u0259 qabaqlay\u0131c\u0131, sanitar epidemioloji t\u0259dbirl\u0259rin vaxt\u0131nda h\u0259yata ke\u00e7irilm\u0259si bu prosesin qar\u015f\u0131s\u0131n\u0131 alacaq: &#8220;\u00d6lk\u0259 \u0259halisinin sa\u011flaml\u0131\u011f\u0131n\u0131n qorunmas\u0131 istiqam\u0259tind\u0259 ehtiyat t\u0259dbirl\u0259ri g\u00f6r\u00fcl\u00fcr. Bu virusla m\u00fcbariz\u0259 aparmaq \u00fc\u00e7\u00fcn bu g\u00fcn \u00f6lk\u0259nin anbarlar\u0131nda kifay\u0259t q\u0259d\u0259r d\u0259rman vasit\u0259l\u0259ri var&#8221;. \u0130.M\u0259mm\u0259dov vur\u011fulay\u0131b ki, d\u00f6vl\u0259t t\u0259r\u0259find\u0259n g\u00f6r\u00fcl\u0259n t\u0259dbirl\u0259rl\u0259 yana\u015f\u0131, insanlar\u0131n da bu qaydalara \u0259m\u0259l etm\u0259si vacib \u0259h\u0259miyy\u0259t k\u0259sb edir. O qeyd edib ki, v\u0259t\u0259nda\u015flar bu&hellip;<\/p>\n","protected":false},"author":2,"featured_media":144706,"comment_status":"closed","ping_status":"closed","sticky":false,"template":"","format":"standard","meta":{"om_disable_all_campaigns":false,"_monsterinsights_skip_tracking":false,"_monsterinsights_sitenote_active":false,"_monsterinsights_sitenote_note":"","_monsterinsights_sitenote_category":0},"categories":[1],"tags":[],"aioseo_notices":[],"gutentor_comment":0,"rttpg_featured_image_url":{"full":["https:\/\/arantv.az\/wp-content\/uploads\/2020\/03\/836079.jpg",587,440,false],"landscape":["https:\/\/arantv.az\/wp-content\/uploads\/2020\/03\/836079.jpg",587,440,false],"portraits":["https:\/\/arantv.az\/wp-content\/uploads\/2020\/03\/836079.jpg",587,440,false],"thumbnail":["https:\/\/arantv.az\/wp-content\/uploads\/2020\/03\/836079-150x150.jpg",150,150,true],"medium":["https:\/\/arantv.az\/wp-content\/uploads\/2020\/03\/836079-300x225.jpg",300,225,true],"large":["https:\/\/arantv.az\/wp-content\/uploads\/2020\/03\/836079.jpg",587,440,false],"1536x1536":["https:\/\/arantv.az\/wp-content\/uploads\/2020\/03\/836079.jpg",587,440,false],"2048x2048":["https:\/\/arantv.az\/wp-content\/uploads\/2020\/03\/836079.jpg",587,440,false],"post-thumbnail":["https:\/\/arantv.az\/wp-content\/uploads\/2020\/03\/836079-240x172.jpg",240,172,true],"advps-thumb-one":["https:\/\/arantv.az\/wp-content\/uploads\/2020\/03\/836079.jpg",587,440,false]},"rttpg_author":{"display_name":"V\u00fcsal Rafiqo\u011flu","author_link":"https:\/\/arantv.az\/?author=2"},"rttpg_comment":0,"rttpg_category":"<a href=\"https:\/\/arantv.az\/?cat=1\" rel=\"category\">C\u0259miyy\u0259t<\/a>","rttpg_excerpt":"Az\u0259rbaycanda koronavirus epidemiyas\u0131n\u0131n yay\u0131lmas\u0131n\u0131n qar\u015f\u0131s\u0131n\u0131n al\u0131nmas\u0131 istiqam\u0259tind\u0259 b\u00fct\u00fcn laz\u0131mi add\u0131mlar at\u0131l\u0131r. ARANTV.AZ\u00a0\u00a0Trend-\u0259 istinad\u0259n bildirir ki,\u00a0bunu Milli M\u0259clisin deputat\u0131 \u0130lham M\u0259mm\u0259dov &#8220;PREZ\u0130DENT. M\u00fcst\u0259qillik. T\u0259hl\u00fck\u0259sizlik. Rifah&#8221;\u00a0adl\u0131 video layih\u0259sin\u0259 m\u00fcsahib\u0259si zaman deyib. Deputat bildirib ki, \u00f6lk\u0259mizd\u0259 qabaqlay\u0131c\u0131, sanitar epidemioloji t\u0259dbirl\u0259rin vaxt\u0131nda h\u0259yata ke\u00e7irilm\u0259si bu prosesin qar\u015f\u0131s\u0131n\u0131 alacaq: &#8220;\u00d6lk\u0259 \u0259halisinin sa\u011flaml\u0131\u011f\u0131n\u0131n qorunmas\u0131 istiqam\u0259tind\u0259 ehtiyat t\u0259dbirl\u0259ri g\u00f6r\u00fcl\u00fcr. Bu virusla m\u00fcbariz\u0259&hellip;","_links":{"self":[{"href":"https:\/\/arantv.az\/index.php?rest_route=\/wp\/v2\/posts\/144705"}],"collection":[{"href":"https:\/\/arantv.az\/index.php?rest_route=\/wp\/v2\/posts"}],"about":[{"href":"https:\/\/arantv.az\/index.php?rest_route=\/wp\/v2\/types\/post"}],"author":[{"embeddable":true,"href":"https:\/\/arantv.az\/index.php?rest_route=\/wp\/v2\/users\/2"}],"replies":[{"embeddable":true,"href":"https:\/\/arantv.az\/index.php?rest_route=%2Fwp%2Fv2%2Fcomments&post=144705"}],"version-history":[{"count":0,"href":"https:\/\/arantv.az\/index.php?rest_route=\/wp\/v2\/posts\/144705\/revisions"}],"wp:featuredmedia":[{"embeddable":true,"href":"https:\/\/arantv.az\/index.php?rest_route=\/wp\/v2\/media\/144706"}],"wp:attachment":[{"href":"https:\/\/arantv.az\/index.php?rest_route=%2Fwp%2Fv2%2Fmedia&parent=144705"}],"wp:term":[{"taxonomy":"category","embeddable":true,"href":"https:\/\/arantv.az\/index.php?rest_route=%2Fwp%2Fv2%2Fcategories&post=144705"},{"taxonomy":"post_tag","embeddable":true,"href":"https:\/\/arantv.az\/index.php?rest_route=%2Fwp%2Fv2%2Ftags&post=144705"}],"curies":[{"name":"wp","href":"https:\/\/api.w.org\/{rel}","templated":true}]}}