{"id":144738,"date":"2020-03-24T12:15:15","date_gmt":"2020-03-24T09:15:15","guid":{"rendered":"http:\/\/arantv.az\/?p=144738"},"modified":"2020-03-24T12:15:15","modified_gmt":"2020-03-24T09:15:15","slug":"nigar-arpadarai-yaslilarimizi-qoruyaq-cunki-onlarin-buna-ehtiyaci-var","status":"publish","type":"post","link":"https:\/\/arantv.az\/?p=144738","title":{"rendered":"Nigar Arpadarai: Ya\u015fl\u0131lar\u0131m\u0131z\u0131 qoruyaq, \u00e7\u00fcnki onlar\u0131n buna ehtiyac\u0131 var"},"content":{"rendered":"<p><strong>65 ya\u015fdan yuxar\u0131 insanlar\u0131n evd\u0259n \u00e7\u0131xmas\u0131 il\u0259 ba\u011fl\u0131 qada\u011fa t\u0259tbiq etm\u0259kl\u0259 d\u00f6vl\u0259timiz risk qrupuna daxil olan ya\u015fl\u0131 v\u0259t\u0259nda\u015flar\u0131m\u0131z\u0131 qoruma\u011fa \u00e7al\u0131\u015f\u0131r.<\/strong><\/p>\n<p><strong>ARANTV.AZ\u00a0<\/strong> bildirir ki, bunu\u00a0<a href=\"http:\/\/az.trend.az\/\" target=\"_blank\" rel=\"noopener\">Trend<\/a>-\u0259\u00a0Milli M\u0259clisin deputat\u0131 Nigar Arpadarai deyib.<\/p>\n<p>Deputat xat\u0131rlad\u0131b ki, \u00f6t\u0259n g\u00fcn Nazirl\u0259r Kabineti yan\u0131nda Operativ Q\u0259rargah t\u0259r\u0259find\u0259n koronavirus infeksiyas\u0131n\u0131n yay\u0131lmas\u0131n\u0131n qar\u015f\u0131s\u0131n\u0131n al\u0131nmas\u0131 m\u0259qs\u0259dil\u0259 x\u00fcsusi rejimin t\u0259tbiq edilm\u0259si haqda q\u0259rar q\u0259bul edilib:<\/p>\n<p>&#8220;Q\u0259bul olunmu\u015f q\u0259rarda g\u00f6st\u0259ril\u0259n ilk m\u00fcdd\u0259a 65 ya\u015fdan yuxar\u0131 insanlar\u0131n evd\u0259n \u00e7\u0131xmas\u0131 il\u0259 ba\u011fl\u0131 qada\u011fan\u0131n q\u00fcvv\u0259y\u0259 minm\u0259sidir. Bu q\u0259rar g\u00f6zl\u0259nil\u0259n idi, \u00e7\u00fcnki d\u00f6vl\u0259timiz ya\u015fl\u0131 v\u0259t\u0259nda\u015flar\u0131m\u0131z\u0131 qoruma\u011fa \u00e7al\u0131\u015f\u0131r. Eyni zamanda ba\u015fa d\u00fc\u015f\u00fcr\u0259m ki, bu m\u0259hdudiyy\u0259t a\u011fsaqqallar\u0131m\u0131z \u00fc\u00e7\u00fcn m\u0259n\u0259vi c\u0259h\u0259td\u0259n narahatl\u0131q yarada bil\u0259r. Bu \u00e7\u0259tin m\u0259qamda biz ya\u015fl\u0131lar\u0131m\u0131za d\u0259st\u0259k olmal\u0131y\u0131q. Az da olsa, bacard\u0131\u011f\u0131m\u0131z q\u0259d\u0259r onlar\u0131n g\u00fcnd\u0259lik qay\u011f\u0131lar\u0131n\u0131n h\u0259ll olunmas\u0131na \u00e7al\u0131\u015fmal\u0131y\u0131q.<\/p>\n<p>X\u00fcsusil\u0259, t\u0259nha ya\u015fayan ya\u015fl\u0131 qohum, qon\u015funuzu g\u00f6z \u00f6n\u00fcn\u0259 al\u0131n. Onlara h\u0259m m\u0259n\u0259vi, h\u0259m maddi d\u0259st\u0259k olmal\u0131y\u0131q. \u00d6n\u0259mlisi odur ki, ya\u015fl\u0131 qohum-qon\u015fumuzu yoluxdurmamaq \u00fc\u00e7\u00fcn onlarla \u00fcnsiyy\u0259t zaman\u0131 gigiyena qaydalar\u0131na riay\u0259t etm\u0259yi unutmayaq.<\/p>\n<div>\n<div id=\"AdviadNativeVideo0\" class=\"AdviadNativeVideo\"><\/div>\n<\/div>\n<p>M\u0259hz bel\u0259 m\u0259qamlarda biz birl\u0259\u015fib d\u00f6vl\u0259timiz\u0259 v\u0259 bir-birimiz\u0259 arxa ola bil\u0259rik! Ya\u015fl\u0131lar\u0131m\u0131z\u0131 qoruyaq, \u00e7\u00fcnki onlar\u0131n buna ehtiyac\u0131 var&#8221;.<\/p>\n","protected":false},"excerpt":{"rendered":"<p>65 ya\u015fdan yuxar\u0131 insanlar\u0131n evd\u0259n \u00e7\u0131xmas\u0131 il\u0259 ba\u011fl\u0131 qada\u011fa t\u0259tbiq etm\u0259kl\u0259 d\u00f6vl\u0259timiz risk qrupuna daxil olan ya\u015fl\u0131 v\u0259t\u0259nda\u015flar\u0131m\u0131z\u0131 qoruma\u011fa \u00e7al\u0131\u015f\u0131r. ARANTV.AZ\u00a0 bildirir ki, bunu\u00a0Trend-\u0259\u00a0Milli M\u0259clisin deputat\u0131 Nigar Arpadarai deyib. Deputat xat\u0131rlad\u0131b ki, \u00f6t\u0259n g\u00fcn Nazirl\u0259r Kabineti yan\u0131nda Operativ Q\u0259rargah t\u0259r\u0259find\u0259n koronavirus infeksiyas\u0131n\u0131n yay\u0131lmas\u0131n\u0131n qar\u015f\u0131s\u0131n\u0131n al\u0131nmas\u0131 m\u0259qs\u0259dil\u0259 x\u00fcsusi rejimin t\u0259tbiq edilm\u0259si haqda q\u0259rar q\u0259bul edilib: &#8220;Q\u0259bul olunmu\u015f q\u0259rarda g\u00f6st\u0259ril\u0259n ilk m\u00fcdd\u0259a 65 ya\u015fdan yuxar\u0131 insanlar\u0131n evd\u0259n \u00e7\u0131xmas\u0131 il\u0259 ba\u011fl\u0131 qada\u011fan\u0131n q\u00fcvv\u0259y\u0259 minm\u0259sidir. Bu q\u0259rar g\u00f6zl\u0259nil\u0259n idi, \u00e7\u00fcnki d\u00f6vl\u0259timiz ya\u015fl\u0131 v\u0259t\u0259nda\u015flar\u0131m\u0131z\u0131 qoruma\u011fa \u00e7al\u0131\u015f\u0131r. Eyni zamanda ba\u015fa d\u00fc\u015f\u00fcr\u0259m ki, bu m\u0259hdudiyy\u0259t a\u011fsaqqallar\u0131m\u0131z \u00fc\u00e7\u00fcn&hellip;<\/p>\n","protected":false},"author":2,"featured_media":144739,"comment_status":"closed","ping_status":"closed","sticky":false,"template":"","format":"standard","meta":{"om_disable_all_campaigns":false,"_monsterinsights_skip_tracking":false,"_monsterinsights_sitenote_active":false,"_monsterinsights_sitenote_note":"","_monsterinsights_sitenote_category":0},"categories":[1],"tags":[],"aioseo_notices":[],"gutentor_comment":0,"rttpg_featured_image_url":{"full":["https:\/\/arantv.az\/wp-content\/uploads\/2020\/03\/836108.jpg",587,440,false],"landscape":["https:\/\/arantv.az\/wp-content\/uploads\/2020\/03\/836108.jpg",587,440,false],"portraits":["https:\/\/arantv.az\/wp-content\/uploads\/2020\/03\/836108.jpg",587,440,false],"thumbnail":["https:\/\/arantv.az\/wp-content\/uploads\/2020\/03\/836108-150x150.jpg",150,150,true],"medium":["https:\/\/arantv.az\/wp-content\/uploads\/2020\/03\/836108-300x225.jpg",300,225,true],"large":["https:\/\/arantv.az\/wp-content\/uploads\/2020\/03\/836108.jpg",587,440,false],"1536x1536":["https:\/\/arantv.az\/wp-content\/uploads\/2020\/03\/836108.jpg",587,440,false],"2048x2048":["https:\/\/arantv.az\/wp-content\/uploads\/2020\/03\/836108.jpg",587,440,false],"post-thumbnail":["https:\/\/arantv.az\/wp-content\/uploads\/2020\/03\/836108-240x172.jpg",240,172,true],"advps-thumb-one":["https:\/\/arantv.az\/wp-content\/uploads\/2020\/03\/836108.jpg",587,440,false]},"rttpg_author":{"display_name":"V\u00fcsal Rafiqo\u011flu","author_link":"https:\/\/arantv.az\/?author=2"},"rttpg_comment":0,"rttpg_category":"<a href=\"https:\/\/arantv.az\/?cat=1\" rel=\"category\">C\u0259miyy\u0259t<\/a>","rttpg_excerpt":"65 ya\u015fdan yuxar\u0131 insanlar\u0131n evd\u0259n \u00e7\u0131xmas\u0131 il\u0259 ba\u011fl\u0131 qada\u011fa t\u0259tbiq etm\u0259kl\u0259 d\u00f6vl\u0259timiz risk qrupuna daxil olan ya\u015fl\u0131 v\u0259t\u0259nda\u015flar\u0131m\u0131z\u0131 qoruma\u011fa \u00e7al\u0131\u015f\u0131r. ARANTV.AZ\u00a0 bildirir ki, bunu\u00a0Trend-\u0259\u00a0Milli M\u0259clisin deputat\u0131 Nigar Arpadarai deyib. Deputat xat\u0131rlad\u0131b ki, \u00f6t\u0259n g\u00fcn Nazirl\u0259r Kabineti yan\u0131nda Operativ Q\u0259rargah t\u0259r\u0259find\u0259n koronavirus infeksiyas\u0131n\u0131n yay\u0131lmas\u0131n\u0131n qar\u015f\u0131s\u0131n\u0131n al\u0131nmas\u0131 m\u0259qs\u0259dil\u0259 x\u00fcsusi rejimin t\u0259tbiq edilm\u0259si haqda q\u0259rar q\u0259bul edilib: &#8220;Q\u0259bul&hellip;","_links":{"self":[{"href":"https:\/\/arantv.az\/index.php?rest_route=\/wp\/v2\/posts\/144738"}],"collection":[{"href":"https:\/\/arantv.az\/index.php?rest_route=\/wp\/v2\/posts"}],"about":[{"href":"https:\/\/arantv.az\/index.php?rest_route=\/wp\/v2\/types\/post"}],"author":[{"embeddable":true,"href":"https:\/\/arantv.az\/index.php?rest_route=\/wp\/v2\/users\/2"}],"replies":[{"embeddable":true,"href":"https:\/\/arantv.az\/index.php?rest_route=%2Fwp%2Fv2%2Fcomments&post=144738"}],"version-history":[{"count":0,"href":"https:\/\/arantv.az\/index.php?rest_route=\/wp\/v2\/posts\/144738\/revisions"}],"wp:featuredmedia":[{"embeddable":true,"href":"https:\/\/arantv.az\/index.php?rest_route=\/wp\/v2\/media\/144739"}],"wp:attachment":[{"href":"https:\/\/arantv.az\/index.php?rest_route=%2Fwp%2Fv2%2Fmedia&parent=144738"}],"wp:term":[{"taxonomy":"category","embeddable":true,"href":"https:\/\/arantv.az\/index.php?rest_route=%2Fwp%2Fv2%2Fcategories&post=144738"},{"taxonomy":"post_tag","embeddable":true,"href":"https:\/\/arantv.az\/index.php?rest_route=%2Fwp%2Fv2%2Ftags&post=144738"}],"curies":[{"name":"wp","href":"https:\/\/api.w.org\/{rel}","templated":true}]}}