{"id":144742,"date":"2020-03-24T12:16:05","date_gmt":"2020-03-24T09:16:05","guid":{"rendered":"http:\/\/arantv.az\/?p=144742"},"modified":"2020-03-24T12:16:05","modified_gmt":"2020-03-24T09:16:05","slug":"polsa-v%c9%99t%c9%99ndaslarinin-az%c9%99rbaycandan-yola-salinmasi-ucun-reys-t%c9%99skil-olunacaq","status":"publish","type":"post","link":"https:\/\/arantv.az\/?p=144742","title":{"rendered":"Pol\u015fa v\u0259t\u0259nda\u015flar\u0131n\u0131n Az\u0259rbaycandan yola sal\u0131nmas\u0131 \u00fc\u00e7\u00fcn reys t\u0259\u015fkil olunacaq"},"content":{"rendered":"<p><strong>Mart\u0131n 27-d\u0259 Pol\u015fa v\u0259t\u0259nda\u015flar\u0131n\u0131n Az\u0259rbaycandan yola sal\u0131nmas\u0131 \u00fc\u00e7\u00fcn Bak\u0131-Var\u015fava mar\u015frutu \u00fczr\u0259 reys t\u0259\u015fkil olunacaq.<\/strong><\/p>\n<p><strong>ARANTV.AZ<\/strong>\u00a0\u00a0<a href=\"http:\/\/az.trend.az\/\" target=\"_blank\" rel=\"noopener\">Trend<\/a>-\u0259 istinad\u0259n bildirir ki,\u00a0bu bar\u0259d\u0259 Pol\u015fan\u0131n Az\u0259rbaycandak\u0131 s\u0259firliyi bildirib.<\/p>\n<p>Qeyd olunur ki, reys Pol\u015fa h\u00f6kum\u0259tinin d\u0259st\u0259yi il\u0259 t\u0259\u015fkil olunur.<\/p>\n<p>Bu reys vasit\u0259sil\u0259 Pol\u015fa v\u0259t\u0259nda\u015flar\u0131, onlar\u0131n ail\u0259 \u00fczvl\u0259ri, Pol\u015fada ya\u015fay\u0131\u015f v\u0259 i\u015fl\u0259m\u0259k h\u00fcququ olan \u0259cn\u0259bil\u0259r, diplomatlar, el\u0259c\u0259 d\u0259 y\u00fck da\u015f\u0131malar\u0131 \u00fc\u00e7\u00fcn n\u0259qliyyat vasit\u0259l\u0259rini idar\u0259 ed\u0259n \u0259cn\u0259bil\u0259r Pol\u015faya yola sal\u0131nacaq.<\/p>\n","protected":false},"excerpt":{"rendered":"<p>Mart\u0131n 27-d\u0259 Pol\u015fa v\u0259t\u0259nda\u015flar\u0131n\u0131n Az\u0259rbaycandan yola sal\u0131nmas\u0131 \u00fc\u00e7\u00fcn Bak\u0131-Var\u015fava mar\u015frutu \u00fczr\u0259 reys t\u0259\u015fkil olunacaq. ARANTV.AZ\u00a0\u00a0Trend-\u0259 istinad\u0259n bildirir ki,\u00a0bu bar\u0259d\u0259 Pol\u015fan\u0131n Az\u0259rbaycandak\u0131 s\u0259firliyi bildirib. Qeyd olunur ki, reys Pol\u015fa h\u00f6kum\u0259tinin d\u0259st\u0259yi il\u0259 t\u0259\u015fkil olunur. Bu reys vasit\u0259sil\u0259 Pol\u015fa v\u0259t\u0259nda\u015flar\u0131, onlar\u0131n ail\u0259 \u00fczvl\u0259ri, Pol\u015fada ya\u015fay\u0131\u015f v\u0259 i\u015fl\u0259m\u0259k h\u00fcququ olan \u0259cn\u0259bil\u0259r, diplomatlar, el\u0259c\u0259 d\u0259 y\u00fck da\u015f\u0131malar\u0131 \u00fc\u00e7\u00fcn n\u0259qliyyat vasit\u0259l\u0259rini idar\u0259 ed\u0259n \u0259cn\u0259bil\u0259r Pol\u015faya yola sal\u0131nacaq.<\/p>\n","protected":false},"author":2,"featured_media":144743,"comment_status":"closed","ping_status":"closed","sticky":false,"template":"","format":"standard","meta":{"om_disable_all_campaigns":false,"_monsterinsights_skip_tracking":false,"_monsterinsights_sitenote_active":false,"_monsterinsights_sitenote_note":"","_monsterinsights_sitenote_category":0},"categories":[1],"tags":[],"aioseo_notices":[],"gutentor_comment":0,"rttpg_featured_image_url":{"full":["https:\/\/arantv.az\/wp-content\/uploads\/2020\/03\/836104.jpg",575,337,false],"landscape":["https:\/\/arantv.az\/wp-content\/uploads\/2020\/03\/836104.jpg",575,337,false],"portraits":["https:\/\/arantv.az\/wp-content\/uploads\/2020\/03\/836104.jpg",575,337,false],"thumbnail":["https:\/\/arantv.az\/wp-content\/uploads\/2020\/03\/836104-150x150.jpg",150,150,true],"medium":["https:\/\/arantv.az\/wp-content\/uploads\/2020\/03\/836104-300x176.jpg",300,176,true],"large":["https:\/\/arantv.az\/wp-content\/uploads\/2020\/03\/836104.jpg",575,337,false],"1536x1536":["https:\/\/arantv.az\/wp-content\/uploads\/2020\/03\/836104.jpg",575,337,false],"2048x2048":["https:\/\/arantv.az\/wp-content\/uploads\/2020\/03\/836104.jpg",575,337,false],"post-thumbnail":["https:\/\/arantv.az\/wp-content\/uploads\/2020\/03\/836104-240x172.jpg",240,172,true],"advps-thumb-one":["https:\/\/arantv.az\/wp-content\/uploads\/2020\/03\/836104.jpg",575,337,false]},"rttpg_author":{"display_name":"V\u00fcsal Rafiqo\u011flu","author_link":"https:\/\/arantv.az\/?author=2"},"rttpg_comment":0,"rttpg_category":"<a href=\"https:\/\/arantv.az\/?cat=1\" rel=\"category\">C\u0259miyy\u0259t<\/a>","rttpg_excerpt":"Mart\u0131n 27-d\u0259 Pol\u015fa v\u0259t\u0259nda\u015flar\u0131n\u0131n Az\u0259rbaycandan yola sal\u0131nmas\u0131 \u00fc\u00e7\u00fcn Bak\u0131-Var\u015fava mar\u015frutu \u00fczr\u0259 reys t\u0259\u015fkil olunacaq. ARANTV.AZ\u00a0\u00a0Trend-\u0259 istinad\u0259n bildirir ki,\u00a0bu bar\u0259d\u0259 Pol\u015fan\u0131n Az\u0259rbaycandak\u0131 s\u0259firliyi bildirib. Qeyd olunur ki, reys Pol\u015fa h\u00f6kum\u0259tinin d\u0259st\u0259yi il\u0259 t\u0259\u015fkil olunur. Bu reys vasit\u0259sil\u0259 Pol\u015fa v\u0259t\u0259nda\u015flar\u0131, onlar\u0131n ail\u0259 \u00fczvl\u0259ri, Pol\u015fada ya\u015fay\u0131\u015f v\u0259 i\u015fl\u0259m\u0259k h\u00fcququ olan \u0259cn\u0259bil\u0259r, diplomatlar, el\u0259c\u0259 d\u0259 y\u00fck da\u015f\u0131malar\u0131 \u00fc\u00e7\u00fcn n\u0259qliyyat&hellip;","_links":{"self":[{"href":"https:\/\/arantv.az\/index.php?rest_route=\/wp\/v2\/posts\/144742"}],"collection":[{"href":"https:\/\/arantv.az\/index.php?rest_route=\/wp\/v2\/posts"}],"about":[{"href":"https:\/\/arantv.az\/index.php?rest_route=\/wp\/v2\/types\/post"}],"author":[{"embeddable":true,"href":"https:\/\/arantv.az\/index.php?rest_route=\/wp\/v2\/users\/2"}],"replies":[{"embeddable":true,"href":"https:\/\/arantv.az\/index.php?rest_route=%2Fwp%2Fv2%2Fcomments&post=144742"}],"version-history":[{"count":0,"href":"https:\/\/arantv.az\/index.php?rest_route=\/wp\/v2\/posts\/144742\/revisions"}],"wp:featuredmedia":[{"embeddable":true,"href":"https:\/\/arantv.az\/index.php?rest_route=\/wp\/v2\/media\/144743"}],"wp:attachment":[{"href":"https:\/\/arantv.az\/index.php?rest_route=%2Fwp%2Fv2%2Fmedia&parent=144742"}],"wp:term":[{"taxonomy":"category","embeddable":true,"href":"https:\/\/arantv.az\/index.php?rest_route=%2Fwp%2Fv2%2Fcategories&post=144742"},{"taxonomy":"post_tag","embeddable":true,"href":"https:\/\/arantv.az\/index.php?rest_route=%2Fwp%2Fv2%2Ftags&post=144742"}],"curies":[{"name":"wp","href":"https:\/\/api.w.org\/{rel}","templated":true}]}}