{"id":144754,"date":"2020-03-24T12:18:17","date_gmt":"2020-03-24T09:18:17","guid":{"rendered":"http:\/\/arantv.az\/?p=144754"},"modified":"2020-03-24T12:18:17","modified_gmt":"2020-03-24T09:18:17","slug":"marketl%c9%99rd%c9%99-alicilara-qablasdirilmamis-m%c9%99hsullari-goturm%c9%99k-qadagan-edildi","status":"publish","type":"post","link":"https:\/\/arantv.az\/?p=144754","title":{"rendered":"Marketl\u0259rd\u0259 al\u0131c\u0131lara qabla\u015fd\u0131r\u0131lmam\u0131\u015f m\u0259hsullar\u0131 g\u00f6t\u00fcrm\u0259k qada\u011fan edildi"},"content":{"rendered":"<p><strong>\u018frzaq marketl\u0259rind\u0259 qabla\u015fd\u0131r\u0131lmam\u0131\u015f m\u0259hsullar\u0131n al\u0131c\u0131lar\u0131n \u00f6zl\u0259ri t\u0259r\u0259find\u0259n g\u00f6t\u00fcr\u00fclm\u0259si qada\u011fan edilib.<\/strong><\/p>\n<p><strong>ARANTV.AZ\u00a0<\/strong><a href=\"http:\/\/az.trend.az\/\" target=\"_blank\" rel=\"noopener\">Trend<\/a>-\u0259 istinad\u0259n bildirir ki,\u00a0bu, Az\u0259rbaycan Qida T\u0259hl\u00fck\u0259sizliyi Agentliyinin \u0259rzaq m\u0259hsullar\u0131n\u0131n ticar\u0259ti il\u0259 m\u0259\u015f\u011ful olan m\u00fc\u0259ssis\u0259l\u0259rd\u0259 (topdan v\u0259 p\u0259rak\u0259nd\u0259 sat\u0131\u015f obyektl\u0259ri, bazar, yarmarka v\u0259 s.) koronavirusun (COVID-19) profilaktikas\u0131na dair metodiki g\u00f6st\u0259ri\u015find\u0259 \u0259ks olunub.<\/p>\n<p>Bel\u0259 ki, m\u00fc\u0259ssis\u0259l\u0259r\u0259 a\u00e7\u0131q \u015f\u0259kild\u0259 sat\u0131lan \u00e7\u00f6r\u0259k-bulka, unlu-q\u0259nnad\u0131 m\u0259mulatlar\u0131, quru meyv\u0259l\u0259r v\u0259 istehlakdan \u00f6nc\u0259 he\u00e7 bir termiki emal v\u0259 yaxud t\u0259mizl\u0259m\u0259 prosesin\u0259 m\u0259ruz qalmayan dig\u0259r qabla\u015fd\u0131r\u0131lmam\u0131\u015f qida m\u0259hsullar\u0131n\u0131n x\u00fcsusi vitrin arxas\u0131nda saxlanaraq istehlak\u00e7\u0131lardan t\u0259crid edilm\u0259sini v\u0259 bu m\u0259hsullar\u0131n yaln\u0131z x\u00fcsusi gigiyenik vasit\u0259l\u0259rl\u0259 (\u0259lc\u0259k, maska, ba\u015fl\u0131q v\u0259 s.) t\u0259min edilmi\u015f i\u015f\u00e7i hey\u0259t \u00fczvl\u0259ri t\u0259r\u0259find\u0259n istehlak\u00e7\u0131lara t\u0259qdim edilm\u0259si tap\u015f\u0131r\u0131l\u0131b.<\/p>\n","protected":false},"excerpt":{"rendered":"<p>\u018frzaq marketl\u0259rind\u0259 qabla\u015fd\u0131r\u0131lmam\u0131\u015f m\u0259hsullar\u0131n al\u0131c\u0131lar\u0131n \u00f6zl\u0259ri t\u0259r\u0259find\u0259n g\u00f6t\u00fcr\u00fclm\u0259si qada\u011fan edilib. ARANTV.AZ\u00a0Trend-\u0259 istinad\u0259n bildirir ki,\u00a0bu, Az\u0259rbaycan Qida T\u0259hl\u00fck\u0259sizliyi Agentliyinin \u0259rzaq m\u0259hsullar\u0131n\u0131n ticar\u0259ti il\u0259 m\u0259\u015f\u011ful olan m\u00fc\u0259ssis\u0259l\u0259rd\u0259 (topdan v\u0259 p\u0259rak\u0259nd\u0259 sat\u0131\u015f obyektl\u0259ri, bazar, yarmarka v\u0259 s.) koronavirusun (COVID-19) profilaktikas\u0131na dair metodiki g\u00f6st\u0259ri\u015find\u0259 \u0259ks olunub. Bel\u0259 ki, m\u00fc\u0259ssis\u0259l\u0259r\u0259 a\u00e7\u0131q \u015f\u0259kild\u0259 sat\u0131lan \u00e7\u00f6r\u0259k-bulka, unlu-q\u0259nnad\u0131 m\u0259mulatlar\u0131, quru meyv\u0259l\u0259r v\u0259 istehlakdan \u00f6nc\u0259 he\u00e7 bir termiki emal v\u0259 yaxud t\u0259mizl\u0259m\u0259 prosesin\u0259 m\u0259ruz qalmayan dig\u0259r qabla\u015fd\u0131r\u0131lmam\u0131\u015f qida m\u0259hsullar\u0131n\u0131n x\u00fcsusi vitrin arxas\u0131nda saxlanaraq istehlak\u00e7\u0131lardan t\u0259crid edilm\u0259sini v\u0259 bu m\u0259hsullar\u0131n yaln\u0131z x\u00fcsusi gigiyenik vasit\u0259l\u0259rl\u0259 (\u0259lc\u0259k, maska, ba\u015fl\u0131q v\u0259 s.) t\u0259min&hellip;<\/p>\n","protected":false},"author":2,"featured_media":144755,"comment_status":"closed","ping_status":"closed","sticky":false,"template":"","format":"standard","meta":{"om_disable_all_campaigns":false,"_monsterinsights_skip_tracking":false,"_monsterinsights_sitenote_active":false,"_monsterinsights_sitenote_note":"","_monsterinsights_sitenote_category":0},"categories":[1],"tags":[],"aioseo_notices":[],"gutentor_comment":0,"rttpg_featured_image_url":{"full":["https:\/\/arantv.az\/wp-content\/uploads\/2020\/03\/836098.jpg",1023,681,false],"landscape":["https:\/\/arantv.az\/wp-content\/uploads\/2020\/03\/836098.jpg",1023,681,false],"portraits":["https:\/\/arantv.az\/wp-content\/uploads\/2020\/03\/836098.jpg",1023,681,false],"thumbnail":["https:\/\/arantv.az\/wp-content\/uploads\/2020\/03\/836098-150x150.jpg",150,150,true],"medium":["https:\/\/arantv.az\/wp-content\/uploads\/2020\/03\/836098-300x200.jpg",300,200,true],"large":["https:\/\/arantv.az\/wp-content\/uploads\/2020\/03\/836098.jpg",640,426,false],"1536x1536":["https:\/\/arantv.az\/wp-content\/uploads\/2020\/03\/836098.jpg",1023,681,false],"2048x2048":["https:\/\/arantv.az\/wp-content\/uploads\/2020\/03\/836098.jpg",1023,681,false],"post-thumbnail":["https:\/\/arantv.az\/wp-content\/uploads\/2020\/03\/836098-240x172.jpg",240,172,true],"advps-thumb-one":["https:\/\/arantv.az\/wp-content\/uploads\/2020\/03\/836098-1023x620.jpg",1023,620,true]},"rttpg_author":{"display_name":"V\u00fcsal Rafiqo\u011flu","author_link":"https:\/\/arantv.az\/?author=2"},"rttpg_comment":0,"rttpg_category":"<a href=\"https:\/\/arantv.az\/?cat=1\" rel=\"category\">C\u0259miyy\u0259t<\/a>","rttpg_excerpt":"\u018frzaq marketl\u0259rind\u0259 qabla\u015fd\u0131r\u0131lmam\u0131\u015f m\u0259hsullar\u0131n al\u0131c\u0131lar\u0131n \u00f6zl\u0259ri t\u0259r\u0259find\u0259n g\u00f6t\u00fcr\u00fclm\u0259si qada\u011fan edilib. ARANTV.AZ\u00a0Trend-\u0259 istinad\u0259n bildirir ki,\u00a0bu, Az\u0259rbaycan Qida T\u0259hl\u00fck\u0259sizliyi Agentliyinin \u0259rzaq m\u0259hsullar\u0131n\u0131n ticar\u0259ti il\u0259 m\u0259\u015f\u011ful olan m\u00fc\u0259ssis\u0259l\u0259rd\u0259 (topdan v\u0259 p\u0259rak\u0259nd\u0259 sat\u0131\u015f obyektl\u0259ri, bazar, yarmarka v\u0259 s.) koronavirusun (COVID-19) profilaktikas\u0131na dair metodiki g\u00f6st\u0259ri\u015find\u0259 \u0259ks olunub. Bel\u0259 ki, m\u00fc\u0259ssis\u0259l\u0259r\u0259 a\u00e7\u0131q \u015f\u0259kild\u0259 sat\u0131lan \u00e7\u00f6r\u0259k-bulka, unlu-q\u0259nnad\u0131 m\u0259mulatlar\u0131, quru meyv\u0259l\u0259r v\u0259 istehlakdan&hellip;","_links":{"self":[{"href":"https:\/\/arantv.az\/index.php?rest_route=\/wp\/v2\/posts\/144754"}],"collection":[{"href":"https:\/\/arantv.az\/index.php?rest_route=\/wp\/v2\/posts"}],"about":[{"href":"https:\/\/arantv.az\/index.php?rest_route=\/wp\/v2\/types\/post"}],"author":[{"embeddable":true,"href":"https:\/\/arantv.az\/index.php?rest_route=\/wp\/v2\/users\/2"}],"replies":[{"embeddable":true,"href":"https:\/\/arantv.az\/index.php?rest_route=%2Fwp%2Fv2%2Fcomments&post=144754"}],"version-history":[{"count":0,"href":"https:\/\/arantv.az\/index.php?rest_route=\/wp\/v2\/posts\/144754\/revisions"}],"wp:featuredmedia":[{"embeddable":true,"href":"https:\/\/arantv.az\/index.php?rest_route=\/wp\/v2\/media\/144755"}],"wp:attachment":[{"href":"https:\/\/arantv.az\/index.php?rest_route=%2Fwp%2Fv2%2Fmedia&parent=144754"}],"wp:term":[{"taxonomy":"category","embeddable":true,"href":"https:\/\/arantv.az\/index.php?rest_route=%2Fwp%2Fv2%2Fcategories&post=144754"},{"taxonomy":"post_tag","embeddable":true,"href":"https:\/\/arantv.az\/index.php?rest_route=%2Fwp%2Fv2%2Ftags&post=144754"}],"curies":[{"name":"wp","href":"https:\/\/api.w.org\/{rel}","templated":true}]}}