{"id":144766,"date":"2020-03-24T12:24:53","date_gmt":"2020-03-24T09:24:53","guid":{"rendered":"http:\/\/arantv.az\/?p=144766"},"modified":"2020-03-24T12:24:53","modified_gmt":"2020-03-24T09:24:53","slug":"az%c9%99rbaycanda-s%c9%99h%c9%99r-v%c9%99-rayondaxili-marsrutlarin-f%c9%99aliyy%c9%99tl%c9%99ri-nec%c9%99-davam-ed%c9%99c%c9%99k-aciqlama","status":"publish","type":"post","link":"https:\/\/arantv.az\/?p=144766","title":{"rendered":"Az\u0259rbaycanda \u015f\u0259h\u0259r v\u0259 rayondaxili mar\u015frutlar\u0131n f\u0259aliyy\u0259tl\u0259ri nec\u0259 davam ed\u0259c\u0259k? &#8211; A\u00c7IQLAMA"},"content":{"rendered":"<p>Bak\u0131, Sumqay\u0131t \u015f\u0259h\u0259rl\u0259ri v\u0259 Ab\u015feron rayonu \u0259razil\u0259rind\u0259 s\u0259rni\u015finda\u015f\u0131maya m\u0259hdudiyy\u0259t olmad\u0131\u011f\u0131ndan onlar\u0131 \u0259laq\u0259l\u0259ndir\u0259n mar\u015frut x\u0259tl\u0259ri \u00fczr\u0259 s\u0259rni\u015fin avtobuslar\u0131n\u0131n f\u0259aliyy\u0259ti adi rejimd\u0259 davam ed\u0259c\u0259k v\u0259 s\u0259rni\u015fin ax\u0131n\u0131na uy\u011fun avtobuslar\u0131n say\u0131 t\u0259nziml\u0259n\u0259c\u0259k.<\/p>\n<p><strong>ARANTV.AZ<\/strong>\u00a0<a href=\"http:\/\/az.trend.az\/\" target=\"_blank\" rel=\"noopener\">Trend<\/a>-\u0259 istinad\u0259n bildirir ki,\u00a0bu bar\u0259d\u0259 D\u00f6vl\u0259t Avtomobil N\u0259qliyyat\u0131 Xidm\u0259tinin (DANX) m\u0259tbuat katibi Nurid\u0259 Allahyarova bildirib.<\/p>\n<p>Onun s\u00f6zl\u0259rin\u0259 g\u00f6r\u0259, v\u0259t\u0259nda\u015flar z\u0259rur\u0259t yoxdursa, n\u0259qliyyat vasit\u0259l\u0259rind\u0259n maksimum az istifad\u0259 etm\u0259lidir:<\/p>\n<p>&#8220;\u00d6lk\u0259 \u0259razisind\u0259 617 mar\u015frut \u00fczr\u0259 \u015f\u0259h\u0259rdaxili v\u0259 rayondaxili da\u015f\u0131malarda f\u0259aliyy\u0259t g\u00f6st\u0259r\u0259n avtobuslar v\u0259 taksil\u0259r, s\u00f6z\u00fcged\u0259n mar\u015frut x\u0259tl\u0259rini \u0259laq\u0259l\u0259ndir\u0259n avtova\u011fzal v\u0259 v\u0259 avtostansiya kompleksl\u0259ri adi i\u015f rejimind\u0259 \u00e7al\u0131\u015facaq. Bel\u0259 ki, h\u0259r hans\u0131 \u015f\u0259h\u0259r v\u0259 ya rayon \u0259razisind\u0259 f\u0259aliyy\u0259t g\u00f6st\u0259r\u0259n daxili mar\u015frutlar adi qaydada f\u0259aliyy\u0259tl\u0259rini davam etdir\u0259c\u0259k. S\u0259rni\u015finl\u0259rin \u015f\u0259h\u0259r v\u0259 ya rayon m\u0259rk\u0259zind\u0259n h\u0259min \u015f\u0259h\u0259rin k\u0259nd v\u0259 q\u0259s\u0259b\u0259l\u0259rin\u0259 gedi\u015f-g\u0259li\u015fi t\u0259min edil\u0259c\u0259k. N\u0259qliyyat, Rabit\u0259 v\u0259 Y\u00fcks\u0259k Texnologiyalar Nazirliyi yan\u0131nda D\u00f6vl\u0259t Avtomobil N\u0259qliyyat\u0131 Xidm\u0259ti olaraq s\u0259rni\u015finl\u0259rd\u0259n xahi\u015f edirik ki, z\u0259ruri s\u0259b\u0259bl\u0259ri yoxdursa n\u0259qliyyat vasit\u0259l\u0259rind\u0259n maksimum az istifad\u0259 etsinl\u0259r&#8221;.<\/p>\n<p>Xat\u0131rladaq ki, mart\u0131n 23-d\u0259 Nazirl\u0259r Kabinetind\u0259 Ba\u015f Nazir \u018fli \u018fs\u0259dovun s\u0259drliyi il\u0259 iclasda \u00f6lk\u0259d\u0259 koronavirus infeksiyas\u0131 il\u0259 ba\u011fl\u0131 v\u0259ziyy\u0259t m\u00fczakir\u0259 edilib v\u0259 infeksiyan\u0131n yay\u0131lmas\u0131n\u0131n qar\u015f\u0131s\u0131n\u0131n al\u0131nmas\u0131 m\u0259qs\u0259dil\u0259 x\u00fcsusi rejim t\u0259tbiq edilm\u0259si haqda q\u0259rar q\u0259bul edilib.<\/p>\n<div><\/div>\n<p>D\u00fcnyada yay\u0131lm\u0131\u015f koronavirus (COV\u0130D-19) pandemiyas\u0131 il\u0259 m\u00fcbariz\u0259d\u0259 m\u00fcxt\u0259lif \u00f6lk\u0259l\u0259rin t\u0259cr\u00fcb\u0259sini n\u0259z\u0259r\u0259 alaraq, \u0259halinin sa\u011flaml\u0131\u011f\u0131n\u0131n qorunmas\u0131n\u0131 ali m\u0259qs\u0259d kimi q\u0259bul ed\u0259r\u0259k, koronavirus infeksiyas\u0131n\u0131n \u00f6lk\u0259d\u0259 yay\u0131lmas\u0131n\u0131n, onun t\u00f6r\u0259d\u0259 bil\u0259c\u0259yi f\u0259sadlar\u0131n qar\u015f\u0131s\u0131n\u0131n al\u0131nmas\u0131 m\u0259qs\u0259dil\u0259 Az\u0259rbaycan Respublikas\u0131n\u0131n Sanitariya-epidemioloji salamatl\u0131q haqq\u0131nda Qanununun 25-ci madd\u0259sin\u0259 \u0259sas\u0259n Az\u0259rbaycan Respublikas\u0131nda 24 mart 2020-ci il saat 00:00-dan etibar\u0259n 20 aprel saat 00:00-d\u0259k x\u00fcsusi karantin rejimi elan edilib.<\/p>\n<p>Qaydaya uy\u011fun olaraq, Az\u0259rbaycanda x\u00fcsusi t\u0259yinatl\u0131, o c\u00fcml\u0259d\u0259n t\u0259cili tibbi yard\u0131m, q\u0259za-b\u0259rpa, xilasedici, habel\u0259 y\u00fck da\u015f\u0131yan avtomobill\u0259rin h\u0259r\u0259k\u0259ti istisna olmaqla, Bak\u0131 \u015f\u0259h\u0259ri, Sumqay\u0131t \u015f\u0259h\u0259ri v\u0259 Ab\u015feron rayonuna giri\u015f v\u0259 \u00e7\u0131x\u0131\u015f m\u0259hdudla\u015fd\u0131r\u0131l\u0131b. M\u00fclkiyy\u0259t n\u00f6v\u00fcnd\u0259n as\u0131l\u0131 olmayaraq, \u00f6lk\u0259 \u00fczr\u0259 rayon v\u0259 \u015f\u0259h\u0259raras\u0131 s\u0259rni\u015finda\u015f\u0131nma f\u0259aliyy\u0259ti dayand\u0131r\u0131l\u0131b.<\/p>\n","protected":false},"excerpt":{"rendered":"<p>Bak\u0131, Sumqay\u0131t \u015f\u0259h\u0259rl\u0259ri v\u0259 Ab\u015feron rayonu \u0259razil\u0259rind\u0259 s\u0259rni\u015finda\u015f\u0131maya m\u0259hdudiyy\u0259t olmad\u0131\u011f\u0131ndan onlar\u0131 \u0259laq\u0259l\u0259ndir\u0259n mar\u015frut x\u0259tl\u0259ri \u00fczr\u0259 s\u0259rni\u015fin avtobuslar\u0131n\u0131n f\u0259aliyy\u0259ti adi rejimd\u0259 davam ed\u0259c\u0259k v\u0259 s\u0259rni\u015fin ax\u0131n\u0131na uy\u011fun avtobuslar\u0131n say\u0131 t\u0259nziml\u0259n\u0259c\u0259k. ARANTV.AZ\u00a0Trend-\u0259 istinad\u0259n bildirir ki,\u00a0bu bar\u0259d\u0259 D\u00f6vl\u0259t Avtomobil N\u0259qliyyat\u0131 Xidm\u0259tinin (DANX) m\u0259tbuat katibi Nurid\u0259 Allahyarova bildirib. Onun s\u00f6zl\u0259rin\u0259 g\u00f6r\u0259, v\u0259t\u0259nda\u015flar z\u0259rur\u0259t yoxdursa, n\u0259qliyyat vasit\u0259l\u0259rind\u0259n maksimum az istifad\u0259 etm\u0259lidir: &#8220;\u00d6lk\u0259 \u0259razisind\u0259 617 mar\u015frut \u00fczr\u0259 \u015f\u0259h\u0259rdaxili v\u0259 rayondaxili da\u015f\u0131malarda f\u0259aliyy\u0259t g\u00f6st\u0259r\u0259n avtobuslar v\u0259 taksil\u0259r, s\u00f6z\u00fcged\u0259n mar\u015frut x\u0259tl\u0259rini \u0259laq\u0259l\u0259ndir\u0259n avtova\u011fzal v\u0259 v\u0259 avtostansiya kompleksl\u0259ri adi i\u015f rejimind\u0259 \u00e7al\u0131\u015facaq. Bel\u0259 ki, h\u0259r hans\u0131 \u015f\u0259h\u0259r v\u0259 ya&hellip;<\/p>\n","protected":false},"author":2,"featured_media":144767,"comment_status":"closed","ping_status":"closed","sticky":false,"template":"","format":"standard","meta":{"om_disable_all_campaigns":false,"_monsterinsights_skip_tracking":false,"_monsterinsights_sitenote_active":false,"_monsterinsights_sitenote_note":"","_monsterinsights_sitenote_category":0},"categories":[1],"tags":[],"aioseo_notices":[],"gutentor_comment":0,"rttpg_featured_image_url":{"full":["https:\/\/arantv.az\/wp-content\/uploads\/2020\/03\/836111.jpg",637,401,false],"landscape":["https:\/\/arantv.az\/wp-content\/uploads\/2020\/03\/836111.jpg",637,401,false],"portraits":["https:\/\/arantv.az\/wp-content\/uploads\/2020\/03\/836111.jpg",637,401,false],"thumbnail":["https:\/\/arantv.az\/wp-content\/uploads\/2020\/03\/836111-150x150.jpg",150,150,true],"medium":["https:\/\/arantv.az\/wp-content\/uploads\/2020\/03\/836111-300x189.jpg",300,189,true],"large":["https:\/\/arantv.az\/wp-content\/uploads\/2020\/03\/836111.jpg",637,401,false],"1536x1536":["https:\/\/arantv.az\/wp-content\/uploads\/2020\/03\/836111.jpg",637,401,false],"2048x2048":["https:\/\/arantv.az\/wp-content\/uploads\/2020\/03\/836111.jpg",637,401,false],"post-thumbnail":["https:\/\/arantv.az\/wp-content\/uploads\/2020\/03\/836111-240x172.jpg",240,172,true],"advps-thumb-one":["https:\/\/arantv.az\/wp-content\/uploads\/2020\/03\/836111.jpg",637,401,false]},"rttpg_author":{"display_name":"V\u00fcsal Rafiqo\u011flu","author_link":"https:\/\/arantv.az\/?author=2"},"rttpg_comment":0,"rttpg_category":"<a href=\"https:\/\/arantv.az\/?cat=1\" rel=\"category\">C\u0259miyy\u0259t<\/a>","rttpg_excerpt":"Bak\u0131, Sumqay\u0131t \u015f\u0259h\u0259rl\u0259ri v\u0259 Ab\u015feron rayonu \u0259razil\u0259rind\u0259 s\u0259rni\u015finda\u015f\u0131maya m\u0259hdudiyy\u0259t olmad\u0131\u011f\u0131ndan onlar\u0131 \u0259laq\u0259l\u0259ndir\u0259n mar\u015frut x\u0259tl\u0259ri \u00fczr\u0259 s\u0259rni\u015fin avtobuslar\u0131n\u0131n f\u0259aliyy\u0259ti adi rejimd\u0259 davam ed\u0259c\u0259k v\u0259 s\u0259rni\u015fin ax\u0131n\u0131na uy\u011fun avtobuslar\u0131n say\u0131 t\u0259nziml\u0259n\u0259c\u0259k. ARANTV.AZ\u00a0Trend-\u0259 istinad\u0259n bildirir ki,\u00a0bu bar\u0259d\u0259 D\u00f6vl\u0259t Avtomobil N\u0259qliyyat\u0131 Xidm\u0259tinin (DANX) m\u0259tbuat katibi Nurid\u0259 Allahyarova bildirib. Onun s\u00f6zl\u0259rin\u0259 g\u00f6r\u0259, v\u0259t\u0259nda\u015flar z\u0259rur\u0259t yoxdursa, n\u0259qliyyat vasit\u0259l\u0259rind\u0259n maksimum az istifad\u0259&hellip;","_links":{"self":[{"href":"https:\/\/arantv.az\/index.php?rest_route=\/wp\/v2\/posts\/144766"}],"collection":[{"href":"https:\/\/arantv.az\/index.php?rest_route=\/wp\/v2\/posts"}],"about":[{"href":"https:\/\/arantv.az\/index.php?rest_route=\/wp\/v2\/types\/post"}],"author":[{"embeddable":true,"href":"https:\/\/arantv.az\/index.php?rest_route=\/wp\/v2\/users\/2"}],"replies":[{"embeddable":true,"href":"https:\/\/arantv.az\/index.php?rest_route=%2Fwp%2Fv2%2Fcomments&post=144766"}],"version-history":[{"count":0,"href":"https:\/\/arantv.az\/index.php?rest_route=\/wp\/v2\/posts\/144766\/revisions"}],"wp:featuredmedia":[{"embeddable":true,"href":"https:\/\/arantv.az\/index.php?rest_route=\/wp\/v2\/media\/144767"}],"wp:attachment":[{"href":"https:\/\/arantv.az\/index.php?rest_route=%2Fwp%2Fv2%2Fmedia&parent=144766"}],"wp:term":[{"taxonomy":"category","embeddable":true,"href":"https:\/\/arantv.az\/index.php?rest_route=%2Fwp%2Fv2%2Fcategories&post=144766"},{"taxonomy":"post_tag","embeddable":true,"href":"https:\/\/arantv.az\/index.php?rest_route=%2Fwp%2Fv2%2Ftags&post=144766"}],"curies":[{"name":"wp","href":"https:\/\/api.w.org\/{rel}","templated":true}]}}