{"id":144786,"date":"2020-03-24T13:14:46","date_gmt":"2020-03-24T10:14:46","guid":{"rendered":"http:\/\/arantv.az\/?p=144786"},"modified":"2020-03-24T13:14:46","modified_gmt":"2020-03-24T10:14:46","slug":"az%c9%99rsu-%c9%99m%c9%99kdaslari-v%c9%99t%c9%99ndaslari-narahat-etm%c9%99y%c9%99c%c9%99k-borcun-od%c9%99nilm%c9%99sind%c9%99-d%c9%99yisiklik","status":"publish","type":"post","link":"https:\/\/arantv.az\/?p=144786","title":{"rendered":"\u201cAz\u0259rsu\u201d \u0259m\u0259kda\u015flar\u0131 v\u0259t\u0259nda\u015flar\u0131 narahat etm\u0259y\u0259c\u0259k &#8211; Borcun \u00f6d\u0259nilm\u0259sind\u0259 d\u0259yi\u015fiklik"},"content":{"rendered":"<p><strong>M\u0259nzill\u0259rin daxilind\u0259 olan say\u011faclar\u0131n oxunmas\u0131 m\u00fcv\u0259qq\u0259ti dayand\u0131r\u0131l\u0131r.<\/strong><\/p>\n<p>Nazirl\u0259r Kabineti yan\u0131nda Operativ Q\u0259rargah\u0131n tap\u015f\u0131r\u0131qlar\u0131na uy\u011fun olaraq koronavirus infeksiyas\u0131n\u0131n yarada bil\u0259c\u0259yi t\u0259hl\u00fck\u0259l\u0259rin qar\u015f\u0131s\u0131n\u0131n al\u0131nmas\u0131 m\u0259qs\u0259dil\u0259 &#8220;Az\u0259rsu&#8221; A\u00e7\u0131q S\u0259hmdar C\u0259miyy\u0259ti t\u0259r\u0259find\u0259n z\u0259ruri t\u0259dbirl\u0259r g\u00f6r\u00fcl\u00fcr.<\/p>\n<p><strong>ARANTV.AZ<\/strong>\u00a0\u00a0<a href=\"http:\/\/az.trend.az\/\" target=\"_blank\" rel=\"noopener\">Trend<\/a>-\u0259 istinad\u0259n bildirir ki,\u00a0t\u0259dbirl\u0259rin t\u0259rkib hiss\u0259si olaraq &#8220;Az\u0259rsu&#8221; ASC-nin \u0259m\u0259kda\u015flar\u0131 il\u0259 v\u0259t\u0259nda\u015flar\u0131n t\u0259mas\u0131n\u0131 minimuma endirm\u0259k \u00fc\u00e7\u00fcn 24.03.2020-ci il tarixind\u0259n \u0259hali qrupuna aid m\u0259nzill\u0259rin v\u0259 h\u0259y\u0259t evl\u0259rinin daxilind\u0259 yerl\u0259\u015f\u0259n mexaniki say\u011faclar\u0131n g\u00f6st\u0259ricil\u0259rinin say\u011faca bax\u0131\u015f ke\u00e7irm\u0259kl\u0259 oxunmas\u0131 m\u00fcv\u0259qq\u0259ti dayand\u0131r\u0131l\u0131r.<\/p>\n<p>Bununla \u0259laq\u0259dar cari ayda s\u0259rf edilmi\u015f suyun h\u0259cmi \u0259vv\u0259lki 12 ayl\u0131q d\u00f6vrd\u0259 istifad\u0259 edilmi\u015f orta ayl\u0131q h\u0259cm\u0259 \u0259sas\u0259n informasiya sistemi t\u0259r\u0259find\u0259n avtomatik olaraq m\u00fc\u0259yy\u0259n edil\u0259c\u0259kdir. Sonradan say\u011faca bax\u0131\u015f ke\u00e7iril\u0259rk\u0259n faktiki g\u00f6st\u0259riciy\u0259 uy\u011fun olaraq orta s\u0259rfiyyat \u00fczr\u0259 apar\u0131lm\u0131\u015f hesabatlara d\u00fcz\u0259li\u015fl\u0259r edil\u0259c\u0259k.<\/p>\n<p>Eyni zamanda abonentl\u0259r t\u0259qdim etdiyimiz &#8220;\u018fhali qrupu \u00fczr\u0259 istehlak\u00e7\u0131lar\u0131n say\u011fac g\u00f6st\u0259ricil\u0259rini t\u0259qdim etm\u0259si v\u0259 hesab fakturalar\u0131n formala\u015fd\u0131r\u0131lmas\u0131&#8221; elektron xidm\u0259tind\u0259n (<a href=\"https:\/\/www.e-gov.az\/az\/login\/index\/?return=\/az\/services\/read\/3741\/0\" target=\"_blank\" rel=\"noopener\">https:\/\/www.e-gov.az\/az\/login\/index\/?return=\/az\/services\/read\/3741\/0<\/a>) istifad\u0259 etm\u0259kl\u0259 say\u011fac\u0131n faktiki g\u00f6st\u0259ricisin\u0259 \u0259sas\u0259n formala\u015fm\u0131\u015f eleltron bildiri\u015f-faktura \u0259ld\u0259 ed\u0259 bil\u0259rl\u0259r.<\/p>\n<div>\n<div id=\"AdviadNativeVideo0\" class=\"AdviadNativeVideo\"><\/div>\n<\/div>\n<p>Pill\u0259k\u0259n q\u0259f\u0259s\u0259l\u0259rind\u0259, m\u0259nzill\u0259rin v\u0259 h\u0259y\u0259t evl\u0259rinin xaricind\u0259 qura\u015f\u0131d\u0131rlm\u0131\u015f say\u011faclar\u0131n oxunmas\u0131 is\u0259 \u0259vv\u0259lki qaydada davam etdiril\u0259r\u0259k bildiri\u015f-fakturalar\u0131n abonentl\u0259rl\u0259 t\u0259mas qurmadan \u00fcnvanlar\u0131n giri\u015fin\u0259 yerl\u0259\u015fdirilm\u0259si t\u0259min olunacaq.<\/p>\n<p>Yaranacaq suallarla ba\u011fl\u0131 v\u0259t\u0259nda\u015flar 955 sayl\u0131 Z\u0259ng M\u0259rk\u0259zin\u0259 m\u00fcraci\u0259t ed\u0259 bil\u0259rl\u0259r.<\/p>\n","protected":false},"excerpt":{"rendered":"<p>M\u0259nzill\u0259rin daxilind\u0259 olan say\u011faclar\u0131n oxunmas\u0131 m\u00fcv\u0259qq\u0259ti dayand\u0131r\u0131l\u0131r. Nazirl\u0259r Kabineti yan\u0131nda Operativ Q\u0259rargah\u0131n tap\u015f\u0131r\u0131qlar\u0131na uy\u011fun olaraq koronavirus infeksiyas\u0131n\u0131n yarada bil\u0259c\u0259yi t\u0259hl\u00fck\u0259l\u0259rin qar\u015f\u0131s\u0131n\u0131n al\u0131nmas\u0131 m\u0259qs\u0259dil\u0259 &#8220;Az\u0259rsu&#8221; A\u00e7\u0131q S\u0259hmdar C\u0259miyy\u0259ti t\u0259r\u0259find\u0259n z\u0259ruri t\u0259dbirl\u0259r g\u00f6r\u00fcl\u00fcr. ARANTV.AZ\u00a0\u00a0Trend-\u0259 istinad\u0259n bildirir ki,\u00a0t\u0259dbirl\u0259rin t\u0259rkib hiss\u0259si olaraq &#8220;Az\u0259rsu&#8221; ASC-nin \u0259m\u0259kda\u015flar\u0131 il\u0259 v\u0259t\u0259nda\u015flar\u0131n t\u0259mas\u0131n\u0131 minimuma endirm\u0259k \u00fc\u00e7\u00fcn 24.03.2020-ci il tarixind\u0259n \u0259hali qrupuna aid m\u0259nzill\u0259rin v\u0259 h\u0259y\u0259t evl\u0259rinin daxilind\u0259 yerl\u0259\u015f\u0259n mexaniki say\u011faclar\u0131n g\u00f6st\u0259ricil\u0259rinin say\u011faca bax\u0131\u015f ke\u00e7irm\u0259kl\u0259 oxunmas\u0131 m\u00fcv\u0259qq\u0259ti dayand\u0131r\u0131l\u0131r. Bununla \u0259laq\u0259dar cari ayda s\u0259rf edilmi\u015f suyun h\u0259cmi \u0259vv\u0259lki 12 ayl\u0131q d\u00f6vrd\u0259 istifad\u0259 edilmi\u015f orta ayl\u0131q h\u0259cm\u0259 \u0259sas\u0259n informasiya sistemi t\u0259r\u0259find\u0259n avtomatik&hellip;<\/p>\n","protected":false},"author":2,"featured_media":144787,"comment_status":"closed","ping_status":"closed","sticky":false,"template":"","format":"standard","meta":{"om_disable_all_campaigns":false,"_monsterinsights_skip_tracking":false,"_monsterinsights_sitenote_active":false,"_monsterinsights_sitenote_note":"","_monsterinsights_sitenote_category":0},"categories":[1],"tags":[],"aioseo_notices":[],"gutentor_comment":0,"rttpg_featured_image_url":{"full":["https:\/\/arantv.az\/wp-content\/uploads\/2020\/03\/836119.jpg",500,375,false],"landscape":["https:\/\/arantv.az\/wp-content\/uploads\/2020\/03\/836119.jpg",500,375,false],"portraits":["https:\/\/arantv.az\/wp-content\/uploads\/2020\/03\/836119.jpg",500,375,false],"thumbnail":["https:\/\/arantv.az\/wp-content\/uploads\/2020\/03\/836119-150x150.jpg",150,150,true],"medium":["https:\/\/arantv.az\/wp-content\/uploads\/2020\/03\/836119-300x225.jpg",300,225,true],"large":["https:\/\/arantv.az\/wp-content\/uploads\/2020\/03\/836119.jpg",500,375,false],"1536x1536":["https:\/\/arantv.az\/wp-content\/uploads\/2020\/03\/836119.jpg",500,375,false],"2048x2048":["https:\/\/arantv.az\/wp-content\/uploads\/2020\/03\/836119.jpg",500,375,false],"post-thumbnail":["https:\/\/arantv.az\/wp-content\/uploads\/2020\/03\/836119-240x172.jpg",240,172,true],"advps-thumb-one":["https:\/\/arantv.az\/wp-content\/uploads\/2020\/03\/836119.jpg",500,375,false]},"rttpg_author":{"display_name":"V\u00fcsal Rafiqo\u011flu","author_link":"https:\/\/arantv.az\/?author=2"},"rttpg_comment":0,"rttpg_category":"<a href=\"https:\/\/arantv.az\/?cat=1\" rel=\"category\">C\u0259miyy\u0259t<\/a>","rttpg_excerpt":"M\u0259nzill\u0259rin daxilind\u0259 olan say\u011faclar\u0131n oxunmas\u0131 m\u00fcv\u0259qq\u0259ti dayand\u0131r\u0131l\u0131r. Nazirl\u0259r Kabineti yan\u0131nda Operativ Q\u0259rargah\u0131n tap\u015f\u0131r\u0131qlar\u0131na uy\u011fun olaraq koronavirus infeksiyas\u0131n\u0131n yarada bil\u0259c\u0259yi t\u0259hl\u00fck\u0259l\u0259rin qar\u015f\u0131s\u0131n\u0131n al\u0131nmas\u0131 m\u0259qs\u0259dil\u0259 &#8220;Az\u0259rsu&#8221; A\u00e7\u0131q S\u0259hmdar C\u0259miyy\u0259ti t\u0259r\u0259find\u0259n z\u0259ruri t\u0259dbirl\u0259r g\u00f6r\u00fcl\u00fcr. ARANTV.AZ\u00a0\u00a0Trend-\u0259 istinad\u0259n bildirir ki,\u00a0t\u0259dbirl\u0259rin t\u0259rkib hiss\u0259si olaraq &#8220;Az\u0259rsu&#8221; ASC-nin \u0259m\u0259kda\u015flar\u0131 il\u0259 v\u0259t\u0259nda\u015flar\u0131n t\u0259mas\u0131n\u0131 minimuma endirm\u0259k \u00fc\u00e7\u00fcn 24.03.2020-ci il tarixind\u0259n \u0259hali qrupuna aid m\u0259nzill\u0259rin v\u0259&hellip;","_links":{"self":[{"href":"https:\/\/arantv.az\/index.php?rest_route=\/wp\/v2\/posts\/144786"}],"collection":[{"href":"https:\/\/arantv.az\/index.php?rest_route=\/wp\/v2\/posts"}],"about":[{"href":"https:\/\/arantv.az\/index.php?rest_route=\/wp\/v2\/types\/post"}],"author":[{"embeddable":true,"href":"https:\/\/arantv.az\/index.php?rest_route=\/wp\/v2\/users\/2"}],"replies":[{"embeddable":true,"href":"https:\/\/arantv.az\/index.php?rest_route=%2Fwp%2Fv2%2Fcomments&post=144786"}],"version-history":[{"count":0,"href":"https:\/\/arantv.az\/index.php?rest_route=\/wp\/v2\/posts\/144786\/revisions"}],"wp:featuredmedia":[{"embeddable":true,"href":"https:\/\/arantv.az\/index.php?rest_route=\/wp\/v2\/media\/144787"}],"wp:attachment":[{"href":"https:\/\/arantv.az\/index.php?rest_route=%2Fwp%2Fv2%2Fmedia&parent=144786"}],"wp:term":[{"taxonomy":"category","embeddable":true,"href":"https:\/\/arantv.az\/index.php?rest_route=%2Fwp%2Fv2%2Fcategories&post=144786"},{"taxonomy":"post_tag","embeddable":true,"href":"https:\/\/arantv.az\/index.php?rest_route=%2Fwp%2Fv2%2Ftags&post=144786"}],"curies":[{"name":"wp","href":"https:\/\/api.w.org\/{rel}","templated":true}]}}