{"id":144790,"date":"2020-03-24T13:23:53","date_gmt":"2020-03-24T10:23:53","guid":{"rendered":"http:\/\/arantv.az\/?p=144790"},"modified":"2020-03-24T13:23:53","modified_gmt":"2020-03-24T10:23:53","slug":"leyla-abdullayeva-az%c9%99rbaycan-dovl%c9%99ti-v%c9%99t%c9%99ndaslarinin-t%c9%99hluk%c9%99sizliyinin-t%c9%99min-olunmasi-ucun-butun-imkanlarini-s%c9%99f%c9%99rb%c9%99r-edib","status":"publish","type":"post","link":"https:\/\/arantv.az\/?p=144790","title":{"rendered":"Leyla Abdullayeva: &#8220;Az\u0259rbaycan d\u00f6vl\u0259ti v\u0259t\u0259nda\u015flar\u0131n\u0131n t\u0259hl\u00fck\u0259sizliyinin t\u0259min olunmas\u0131 \u00fc\u00e7\u00fcn b\u00fct\u00fcn imkanlar\u0131n\u0131 s\u0259f\u0259rb\u0259r edib&#8221;"},"content":{"rendered":"<p>Bu g\u00fcn d\u00fcnyam\u0131z yeni n\u00f6v koronavirus t\u0259hl\u00fck\u0259sinin yay\u0131lmas\u0131 il\u0259 \u00fcz-\u00fcz\u0259dir. B\u00fct\u00fcn d\u00fcnya d\u00f6vl\u0259tl\u0259ri, o c\u00fcml\u0259d\u0259n Az\u0259rbaycan h\u00f6kum\u0259ti t\u0259r\u0259find\u0259n \u0259n t\u0259sirli ciddi v\u0259 t\u0259xir\u0259sal\u0131nmaz t\u0259dbirl\u0259r h\u0259yata ke\u00e7irilir v\u0259 bu proses bir ba\u015fa Az\u0259rbaycan Prezidenti \u0130lham \u018fliyevin n\u0259zar\u0259ti alt\u0131ndad\u0131r.<\/p>\n<p><strong>ARANTV.AZ\u00a0<\/strong><a href=\"http:\/\/az.trend.az\/\" target=\"_blank\" rel=\"noopener\">Trend<\/a>-\u0259 istinad\u0259n bildirir ki,\u00a0bu fikirl\u0259ri jurnalistl\u0259r\u0259 a\u00e7\u0131qlamas\u0131nda Xarici \u0130\u015fl\u0259r Nazirliyinin m\u0259tbuat xidm\u0259ti idar\u0259sinin r\u0259isi Leyla Abdullayeva bildirib.<\/p>\n<p>O qeyd edib ki, pandemiyan\u0131n geni\u015f yay\u0131ld\u0131\u011f\u0131, Az\u0259rbaycan\u0131n qon\u015fu \u00f6lk\u0259l\u0259rl\u0259 s\u0259rh\u0259dl\u0259rinin ba\u011fland\u0131\u011f\u0131 v\u0259 hava reysl\u0259rinin dayand\u0131r\u0131ld\u0131\u011f\u0131 bir vaxtda d\u00f6vl\u0259timiz xaricd\u0259 olan v\u0259t\u0259nda\u015flar\u0131m\u0131zn t\u0259xliy\u0259sini h\u0259yata ke\u00e7irib, on min\u0259d\u0259k v\u0259t\u0259nda\u015f\u0131m\u0131z \u00f6lk\u0259y\u0259 geri qaytar\u0131l\u0131b.<\/p>\n<p>X\u0130N r\u0259smisi \u0259lav\u0259 edib ki, Az\u0259rbaycana geri d\u00f6n\u0259n v\u0259t\u0259nda\u015flar\u0131m\u0131z d\u00f6vl\u0259t hesab\u0131na 15-20 g\u00fcn karantin m\u00fcdd\u0259ti ke\u00e7irl\u0259r. Onun s\u00f6zl\u0259rin\u0259 g\u00f6r\u0259, bu g\u00fcn Az\u0259rbaycan d\u00f6vl\u0259ti v\u0259t\u0259nda\u015flar\u0131n\u0131n t\u0259hl\u00fck\u0259sizliyinin t\u0259min olunmas\u0131 \u00fc\u00e7\u00fcn b\u00fct\u00fcn imkanlar\u0131n\u0131 s\u0259f\u0259rb\u0259r edib:<\/p>\n<p>&#8220;Biz v\u0259t\u0259nda\u015f olaraq \u00fcz\u0259rimiz\u0259 d\u00fc\u015f\u0259n m\u0259suliyy\u0259ti d\u0259rk etm\u0259liyik, d\u00f6vl\u0259timizi d\u0259st\u0259kl\u0259m\u0259liyik. V\u0259t\u0259nda\u015flar\u0131m\u0131za m\u00fcraci\u0259t ed\u0259r\u0259k bildiririk ki, h\u0259mv\u0259t\u0259nl\u0259rimiz olduqlar\u0131 \u00f6lk\u0259nin karantin qaydalar\u0131na \u0259m\u0259l etsinl\u0259r. M\u00fcmk\u00fcn q\u0259d\u0259r xarici v\u0259 geri d\u00f6n\u00fc\u015f s\u0259f\u0259rl\u0259rini m\u0259hdudla\u015fd\u0131rs\u0131nlar. Bu, h\u0259min v\u0259t\u0259nda\u015flar\u0131n v\u0259 c\u0259miyy\u0259timizin t\u0259hl\u00fck\u0259sizliyinin qorunmas\u0131na xidm\u0259t ed\u0259c\u0259k&#8221;, &#8211; dey\u0259 L.Abdullayeva vur\u011fulay\u0131b.<\/p>\n<p>O bildirib ki, X\u0130N-nin v\u0259 xarici \u00f6lk\u0259l\u0259rd\u0259ki diplomatik n\u00fcmay\u0259nd\u0259likl\u0259rimizin &#8220;qaynar x\u0259tt&#8221;l\u0259ri 24 saat f\u0259aliyy\u0259t g\u00f6st\u0259rir. V\u0259t\u0259nda\u015flar\u0131m\u0131z ist\u0259nil\u0259n &#8220;qaynar x\u0259tt&#8221; vasit\u0259si il\u0259 \u0259laq\u0259 saxlaya bil\u0259rl\u0259r.<\/p>\n<p>Qeyd ed\u0259k ki, X\u0130N-in 596 94 49 n\u00f6mr\u0259li &#8220;qaynar x\u0259tt&#8221;i 24 saat f\u0259aliyy\u0259t g\u00f6st\u0259rir. Saat 09:00-dan saat 21:00-d\u0259k Xarici \u0130\u015fl\u0259r Nazirliyinin struktur b\u00f6lm\u0259l\u0259rinin \u0259m\u0259kda\u015flar\u0131 bu q\u0259rargahda n\u00f6vb\u0259li \u015f\u0259kild\u0259 g\u0259l\u0259n z\u0259ngl\u0259ri cavabland\u0131r\u0131rlar. Saat 21:00-dan s\u0259h\u0259r saat 09:00-d\u0259k is\u0259 bu x\u0259tl\u0259r mobil n\u00f6mr\u0259l\u0259r\u0259 ke\u00e7irilir. \u018fm\u0259kda\u015flar evd\u0259n suallar\u0131 cavabland\u0131r\u0131rlar. Eyni zamanda, paralel olaraq Xarici \u0130\u015fl\u0259r Nazirliyinin elektron po\u00e7t \u00fcnvan\u0131 da f\u0259aliyy\u0259t g\u00f6st\u0259rir (workinggroup@mfa.gov.az).<\/p>\n","protected":false},"excerpt":{"rendered":"<p>Bu g\u00fcn d\u00fcnyam\u0131z yeni n\u00f6v koronavirus t\u0259hl\u00fck\u0259sinin yay\u0131lmas\u0131 il\u0259 \u00fcz-\u00fcz\u0259dir. B\u00fct\u00fcn d\u00fcnya d\u00f6vl\u0259tl\u0259ri, o c\u00fcml\u0259d\u0259n Az\u0259rbaycan h\u00f6kum\u0259ti t\u0259r\u0259find\u0259n \u0259n t\u0259sirli ciddi v\u0259 t\u0259xir\u0259sal\u0131nmaz t\u0259dbirl\u0259r h\u0259yata ke\u00e7irilir v\u0259 bu proses bir ba\u015fa Az\u0259rbaycan Prezidenti \u0130lham \u018fliyevin n\u0259zar\u0259ti alt\u0131ndad\u0131r. ARANTV.AZ\u00a0Trend-\u0259 istinad\u0259n bildirir ki,\u00a0bu fikirl\u0259ri jurnalistl\u0259r\u0259 a\u00e7\u0131qlamas\u0131nda Xarici \u0130\u015fl\u0259r Nazirliyinin m\u0259tbuat xidm\u0259ti idar\u0259sinin r\u0259isi Leyla Abdullayeva bildirib. O qeyd edib ki, pandemiyan\u0131n geni\u015f yay\u0131ld\u0131\u011f\u0131, Az\u0259rbaycan\u0131n qon\u015fu \u00f6lk\u0259l\u0259rl\u0259 s\u0259rh\u0259dl\u0259rinin ba\u011fland\u0131\u011f\u0131 v\u0259 hava reysl\u0259rinin dayand\u0131r\u0131ld\u0131\u011f\u0131 bir vaxtda d\u00f6vl\u0259timiz xaricd\u0259 olan v\u0259t\u0259nda\u015flar\u0131m\u0131zn t\u0259xliy\u0259sini h\u0259yata ke\u00e7irib, on min\u0259d\u0259k v\u0259t\u0259nda\u015f\u0131m\u0131z \u00f6lk\u0259y\u0259 geri qaytar\u0131l\u0131b. X\u0130N r\u0259smisi \u0259lav\u0259 edib ki,&hellip;<\/p>\n","protected":false},"author":2,"featured_media":144791,"comment_status":"closed","ping_status":"closed","sticky":false,"template":"","format":"standard","meta":{"om_disable_all_campaigns":false,"_monsterinsights_skip_tracking":false,"_monsterinsights_sitenote_active":false,"_monsterinsights_sitenote_note":"","_monsterinsights_sitenote_category":0},"categories":[4],"tags":[],"aioseo_notices":[],"gutentor_comment":0,"rttpg_featured_image_url":{"full":["https:\/\/arantv.az\/wp-content\/uploads\/2020\/03\/836125.jpg",891,668,false],"landscape":["https:\/\/arantv.az\/wp-content\/uploads\/2020\/03\/836125.jpg",891,668,false],"portraits":["https:\/\/arantv.az\/wp-content\/uploads\/2020\/03\/836125.jpg",891,668,false],"thumbnail":["https:\/\/arantv.az\/wp-content\/uploads\/2020\/03\/836125-150x150.jpg",150,150,true],"medium":["https:\/\/arantv.az\/wp-content\/uploads\/2020\/03\/836125-300x225.jpg",300,225,true],"large":["https:\/\/arantv.az\/wp-content\/uploads\/2020\/03\/836125.jpg",640,480,false],"1536x1536":["https:\/\/arantv.az\/wp-content\/uploads\/2020\/03\/836125.jpg",891,668,false],"2048x2048":["https:\/\/arantv.az\/wp-content\/uploads\/2020\/03\/836125.jpg",891,668,false],"post-thumbnail":["https:\/\/arantv.az\/wp-content\/uploads\/2020\/03\/836125-240x172.jpg",240,172,true],"advps-thumb-one":["https:\/\/arantv.az\/wp-content\/uploads\/2020\/03\/836125-891x620.jpg",891,620,true]},"rttpg_author":{"display_name":"V\u00fcsal Rafiqo\u011flu","author_link":"https:\/\/arantv.az\/?author=2"},"rttpg_comment":0,"rttpg_category":"<a href=\"https:\/\/arantv.az\/?cat=4\" rel=\"category\">Siyas\u0259t<\/a>","rttpg_excerpt":"Bu g\u00fcn d\u00fcnyam\u0131z yeni n\u00f6v koronavirus t\u0259hl\u00fck\u0259sinin yay\u0131lmas\u0131 il\u0259 \u00fcz-\u00fcz\u0259dir. B\u00fct\u00fcn d\u00fcnya d\u00f6vl\u0259tl\u0259ri, o c\u00fcml\u0259d\u0259n Az\u0259rbaycan h\u00f6kum\u0259ti t\u0259r\u0259find\u0259n \u0259n t\u0259sirli ciddi v\u0259 t\u0259xir\u0259sal\u0131nmaz t\u0259dbirl\u0259r h\u0259yata ke\u00e7irilir v\u0259 bu proses bir ba\u015fa Az\u0259rbaycan Prezidenti \u0130lham \u018fliyevin n\u0259zar\u0259ti alt\u0131ndad\u0131r. ARANTV.AZ\u00a0Trend-\u0259 istinad\u0259n bildirir ki,\u00a0bu fikirl\u0259ri jurnalistl\u0259r\u0259 a\u00e7\u0131qlamas\u0131nda Xarici \u0130\u015fl\u0259r Nazirliyinin m\u0259tbuat xidm\u0259ti idar\u0259sinin r\u0259isi Leyla Abdullayeva bildirib. O&hellip;","_links":{"self":[{"href":"https:\/\/arantv.az\/index.php?rest_route=\/wp\/v2\/posts\/144790"}],"collection":[{"href":"https:\/\/arantv.az\/index.php?rest_route=\/wp\/v2\/posts"}],"about":[{"href":"https:\/\/arantv.az\/index.php?rest_route=\/wp\/v2\/types\/post"}],"author":[{"embeddable":true,"href":"https:\/\/arantv.az\/index.php?rest_route=\/wp\/v2\/users\/2"}],"replies":[{"embeddable":true,"href":"https:\/\/arantv.az\/index.php?rest_route=%2Fwp%2Fv2%2Fcomments&post=144790"}],"version-history":[{"count":0,"href":"https:\/\/arantv.az\/index.php?rest_route=\/wp\/v2\/posts\/144790\/revisions"}],"wp:featuredmedia":[{"embeddable":true,"href":"https:\/\/arantv.az\/index.php?rest_route=\/wp\/v2\/media\/144791"}],"wp:attachment":[{"href":"https:\/\/arantv.az\/index.php?rest_route=%2Fwp%2Fv2%2Fmedia&parent=144790"}],"wp:term":[{"taxonomy":"category","embeddable":true,"href":"https:\/\/arantv.az\/index.php?rest_route=%2Fwp%2Fv2%2Fcategories&post=144790"},{"taxonomy":"post_tag","embeddable":true,"href":"https:\/\/arantv.az\/index.php?rest_route=%2Fwp%2Fv2%2Ftags&post=144790"}],"curies":[{"name":"wp","href":"https:\/\/api.w.org\/{rel}","templated":true}]}}