{"id":144794,"date":"2020-03-24T13:26:52","date_gmt":"2020-03-24T10:26:52","guid":{"rendered":"http:\/\/arantv.az\/?p=144794"},"modified":"2020-03-24T13:26:52","modified_gmt":"2020-03-24T10:26:52","slug":"az%c9%99rbaycanin-kuveytd%c9%99ki-s%c9%99firi-bir-ayliq-%c9%99m%c9%99khaqqi-m%c9%99bl%c9%99gini-koronavirusla-mubariz%c9%99y%c9%99-d%c9%99st%c9%99k-fonduna-kocurub","status":"publish","type":"post","link":"https:\/\/arantv.az\/?p=144794","title":{"rendered":"Az\u0259rbaycan\u0131n K\u00fcveytd\u0259ki s\u0259firi bir ayl\u0131q \u0259m\u0259khaqq\u0131 m\u0259bl\u0259\u011fini Koronavirusla M\u00fcbariz\u0259y\u0259 D\u0259st\u0259k Fonduna k\u00f6\u00e7\u00fcr\u00fcb"},"content":{"rendered":"<p>Az\u0259rbaycan\u0131n K\u00fcveytd\u0259ki s\u0259firi Elxan Q\u0259hr\u0259man bir ayl\u0131q \u0259m\u0259khaqq\u0131 m\u0259bl\u0259\u011fini Az\u0259rbaycanda koronavirus infeksiyas\u0131na qar\u015f\u0131 preventiv add\u0131mlar at\u0131lmas\u0131 v\u0259 m\u00fcbariz\u0259 t\u0259dbirl\u0259rinin g\u00fccl\u0259ndirilm\u0259si m\u0259qs\u0259dil\u0259 Az\u0259rbaycan Respublikas\u0131n\u0131n Prezidenti \u0130lham \u018fliyevin F\u0259rman\u0131 il\u0259 yarad\u0131lm\u0131\u015f Koronavirusla M\u00fcbariz\u0259y\u0259 D\u0259st\u0259k Fonduna k\u00f6\u00e7\u00fcr\u00fcb.<\/p>\n<p>Bu bar\u0259d\u0259 AZ\u018fRTAC-a Az\u0259rbaycan\u0131n K\u00fcveytd\u0259ki s\u0259firliyind\u0259n m\u0259lumat verilib.<\/p>\n","protected":false},"excerpt":{"rendered":"<p>Az\u0259rbaycan\u0131n K\u00fcveytd\u0259ki s\u0259firi Elxan Q\u0259hr\u0259man bir ayl\u0131q \u0259m\u0259khaqq\u0131 m\u0259bl\u0259\u011fini Az\u0259rbaycanda koronavirus infeksiyas\u0131na qar\u015f\u0131 preventiv add\u0131mlar at\u0131lmas\u0131 v\u0259 m\u00fcbariz\u0259 t\u0259dbirl\u0259rinin g\u00fccl\u0259ndirilm\u0259si m\u0259qs\u0259dil\u0259 Az\u0259rbaycan Respublikas\u0131n\u0131n Prezidenti \u0130lham \u018fliyevin F\u0259rman\u0131 il\u0259 yarad\u0131lm\u0131\u015f Koronavirusla M\u00fcbariz\u0259y\u0259 D\u0259st\u0259k Fonduna k\u00f6\u00e7\u00fcr\u00fcb. Bu bar\u0259d\u0259 AZ\u018fRTAC-a Az\u0259rbaycan\u0131n K\u00fcveytd\u0259ki s\u0259firliyind\u0259n m\u0259lumat verilib.<\/p>\n","protected":false},"author":2,"featured_media":144795,"comment_status":"closed","ping_status":"closed","sticky":false,"template":"","format":"standard","meta":{"om_disable_all_campaigns":false,"_monsterinsights_skip_tracking":false,"_monsterinsights_sitenote_active":false,"_monsterinsights_sitenote_note":"","_monsterinsights_sitenote_category":0},"categories":[1],"tags":[],"aioseo_notices":[],"gutentor_comment":0,"rttpg_featured_image_url":{"full":["https:\/\/arantv.az\/wp-content\/uploads\/2020\/03\/maNAT.jpg",620,335,false],"landscape":["https:\/\/arantv.az\/wp-content\/uploads\/2020\/03\/maNAT.jpg",620,335,false],"portraits":["https:\/\/arantv.az\/wp-content\/uploads\/2020\/03\/maNAT.jpg",620,335,false],"thumbnail":["https:\/\/arantv.az\/wp-content\/uploads\/2020\/03\/maNAT-150x150.jpg",150,150,true],"medium":["https:\/\/arantv.az\/wp-content\/uploads\/2020\/03\/maNAT-300x162.jpg",300,162,true],"large":["https:\/\/arantv.az\/wp-content\/uploads\/2020\/03\/maNAT.jpg",620,335,false],"1536x1536":["https:\/\/arantv.az\/wp-content\/uploads\/2020\/03\/maNAT.jpg",620,335,false],"2048x2048":["https:\/\/arantv.az\/wp-content\/uploads\/2020\/03\/maNAT.jpg",620,335,false],"post-thumbnail":["https:\/\/arantv.az\/wp-content\/uploads\/2020\/03\/maNAT-240x172.jpg",240,172,true],"advps-thumb-one":["https:\/\/arantv.az\/wp-content\/uploads\/2020\/03\/maNAT.jpg",620,335,false]},"rttpg_author":{"display_name":"V\u00fcsal Rafiqo\u011flu","author_link":"https:\/\/arantv.az\/?author=2"},"rttpg_comment":0,"rttpg_category":"<a href=\"https:\/\/arantv.az\/?cat=1\" rel=\"category\">C\u0259miyy\u0259t<\/a>","rttpg_excerpt":"Az\u0259rbaycan\u0131n K\u00fcveytd\u0259ki s\u0259firi Elxan Q\u0259hr\u0259man bir ayl\u0131q \u0259m\u0259khaqq\u0131 m\u0259bl\u0259\u011fini Az\u0259rbaycanda koronavirus infeksiyas\u0131na qar\u015f\u0131 preventiv add\u0131mlar at\u0131lmas\u0131 v\u0259 m\u00fcbariz\u0259 t\u0259dbirl\u0259rinin g\u00fccl\u0259ndirilm\u0259si m\u0259qs\u0259dil\u0259 Az\u0259rbaycan Respublikas\u0131n\u0131n Prezidenti \u0130lham \u018fliyevin F\u0259rman\u0131 il\u0259 yarad\u0131lm\u0131\u015f Koronavirusla M\u00fcbariz\u0259y\u0259 D\u0259st\u0259k Fonduna k\u00f6\u00e7\u00fcr\u00fcb. Bu bar\u0259d\u0259 AZ\u018fRTAC-a Az\u0259rbaycan\u0131n K\u00fcveytd\u0259ki s\u0259firliyind\u0259n m\u0259lumat verilib.","_links":{"self":[{"href":"https:\/\/arantv.az\/index.php?rest_route=\/wp\/v2\/posts\/144794"}],"collection":[{"href":"https:\/\/arantv.az\/index.php?rest_route=\/wp\/v2\/posts"}],"about":[{"href":"https:\/\/arantv.az\/index.php?rest_route=\/wp\/v2\/types\/post"}],"author":[{"embeddable":true,"href":"https:\/\/arantv.az\/index.php?rest_route=\/wp\/v2\/users\/2"}],"replies":[{"embeddable":true,"href":"https:\/\/arantv.az\/index.php?rest_route=%2Fwp%2Fv2%2Fcomments&post=144794"}],"version-history":[{"count":0,"href":"https:\/\/arantv.az\/index.php?rest_route=\/wp\/v2\/posts\/144794\/revisions"}],"wp:featuredmedia":[{"embeddable":true,"href":"https:\/\/arantv.az\/index.php?rest_route=\/wp\/v2\/media\/144795"}],"wp:attachment":[{"href":"https:\/\/arantv.az\/index.php?rest_route=%2Fwp%2Fv2%2Fmedia&parent=144794"}],"wp:term":[{"taxonomy":"category","embeddable":true,"href":"https:\/\/arantv.az\/index.php?rest_route=%2Fwp%2Fv2%2Fcategories&post=144794"},{"taxonomy":"post_tag","embeddable":true,"href":"https:\/\/arantv.az\/index.php?rest_route=%2Fwp%2Fv2%2Ftags&post=144794"}],"curies":[{"name":"wp","href":"https:\/\/api.w.org\/{rel}","templated":true}]}}