{"id":144835,"date":"2020-03-24T14:06:30","date_gmt":"2020-03-24T11:06:30","guid":{"rendered":"http:\/\/arantv.az\/?p=144835"},"modified":"2020-03-24T14:06:30","modified_gmt":"2020-03-24T11:06:30","slug":"iranda-helikopter-q%c9%99zaya-ugrayib","status":"publish","type":"post","link":"https:\/\/arantv.az\/?p=144835","title":{"rendered":"\u0130randa helikopter q\u0259zaya u\u011fray\u0131b"},"content":{"rendered":"<p><strong>Bu g\u00fcn s\u0259h\u0259r \u0130ran\u0131n \u015fimal-q\u0259rbind\u0259 \u0130ran\u0131n \u0130slam \u0130nqilab\u0131 Ke\u015fik\u00e7il\u0259r Korpusunun (SEPAH) quru qo\u015funlar\u0131na m\u0259xsus h\u0259rbi helikopter q\u0259zaya u\u011fray\u0131b.<\/strong><\/p>\n<p>Bu \u0130ran\u0131n \u0130slam \u0130nqilab\u0131 Ke\u015fik\u00e7il\u0259r Korpusunun ictimai \u0259laq\u0259l\u0259r \u015f\u00f6b\u0259sinin m\u0259lumat\u0131nda \u00f6z \u0259ksini tap\u0131b. Bu bar\u0259d\u0259\u00a0<a href=\"http:\/\/trend.az\/\" target=\"_blank\" rel=\"noopener\">Trend<\/a>\u00a0Mehr informasiya agentliyin\u0259 istinad\u0259n m\u0259lumat verib.<\/p>\n<p>M\u0259lumata g\u00f6r\u0259, q\u0259za n\u0259tic\u0259sind\u0259 helikopterin s\u0259rni\u015finl\u0259rin\u0259 he\u00e7 bir x\u0259sar\u0259t d\u0259ym\u0259yib v\u0259 ham\u0131s\u0131 sa\u011fd\u0131r.<\/p>\n<p>Hadis\u0259 haqda \u0259lav\u0259 m\u0259lumat verilm\u0259yib.<\/p>\n","protected":false},"excerpt":{"rendered":"<p>Bu g\u00fcn s\u0259h\u0259r \u0130ran\u0131n \u015fimal-q\u0259rbind\u0259 \u0130ran\u0131n \u0130slam \u0130nqilab\u0131 Ke\u015fik\u00e7il\u0259r Korpusunun (SEPAH) quru qo\u015funlar\u0131na m\u0259xsus h\u0259rbi helikopter q\u0259zaya u\u011fray\u0131b. Bu \u0130ran\u0131n \u0130slam \u0130nqilab\u0131 Ke\u015fik\u00e7il\u0259r Korpusunun ictimai \u0259laq\u0259l\u0259r \u015f\u00f6b\u0259sinin m\u0259lumat\u0131nda \u00f6z \u0259ksini tap\u0131b. Bu bar\u0259d\u0259\u00a0Trend\u00a0Mehr informasiya agentliyin\u0259 istinad\u0259n m\u0259lumat verib. M\u0259lumata g\u00f6r\u0259, q\u0259za n\u0259tic\u0259sind\u0259 helikopterin s\u0259rni\u015finl\u0259rin\u0259 he\u00e7 bir x\u0259sar\u0259t d\u0259ym\u0259yib v\u0259 ham\u0131s\u0131 sa\u011fd\u0131r. Hadis\u0259 haqda \u0259lav\u0259 m\u0259lumat verilm\u0259yib.<\/p>\n","protected":false},"author":2,"featured_media":144836,"comment_status":"closed","ping_status":"closed","sticky":false,"template":"","format":"standard","meta":{"om_disable_all_campaigns":false,"_monsterinsights_skip_tracking":false,"_monsterinsights_sitenote_active":false,"_monsterinsights_sitenote_note":"","_monsterinsights_sitenote_category":0},"categories":[7],"tags":[],"aioseo_notices":[],"gutentor_comment":0,"rttpg_featured_image_url":{"full":["https:\/\/arantv.az\/wp-content\/uploads\/2020\/03\/836106.jpg",482,361,false],"landscape":["https:\/\/arantv.az\/wp-content\/uploads\/2020\/03\/836106.jpg",482,361,false],"portraits":["https:\/\/arantv.az\/wp-content\/uploads\/2020\/03\/836106.jpg",482,361,false],"thumbnail":["https:\/\/arantv.az\/wp-content\/uploads\/2020\/03\/836106-150x150.jpg",150,150,true],"medium":["https:\/\/arantv.az\/wp-content\/uploads\/2020\/03\/836106-300x225.jpg",300,225,true],"large":["https:\/\/arantv.az\/wp-content\/uploads\/2020\/03\/836106.jpg",482,361,false],"1536x1536":["https:\/\/arantv.az\/wp-content\/uploads\/2020\/03\/836106.jpg",482,361,false],"2048x2048":["https:\/\/arantv.az\/wp-content\/uploads\/2020\/03\/836106.jpg",482,361,false],"post-thumbnail":["https:\/\/arantv.az\/wp-content\/uploads\/2020\/03\/836106-240x172.jpg",240,172,true],"advps-thumb-one":["https:\/\/arantv.az\/wp-content\/uploads\/2020\/03\/836106.jpg",482,361,false]},"rttpg_author":{"display_name":"V\u00fcsal Rafiqo\u011flu","author_link":"https:\/\/arantv.az\/?author=2"},"rttpg_comment":0,"rttpg_category":"<a href=\"https:\/\/arantv.az\/?cat=7\" rel=\"category\">D\u00fcnya<\/a>","rttpg_excerpt":"Bu g\u00fcn s\u0259h\u0259r \u0130ran\u0131n \u015fimal-q\u0259rbind\u0259 \u0130ran\u0131n \u0130slam \u0130nqilab\u0131 Ke\u015fik\u00e7il\u0259r Korpusunun (SEPAH) quru qo\u015funlar\u0131na m\u0259xsus h\u0259rbi helikopter q\u0259zaya u\u011fray\u0131b. Bu \u0130ran\u0131n \u0130slam \u0130nqilab\u0131 Ke\u015fik\u00e7il\u0259r Korpusunun ictimai \u0259laq\u0259l\u0259r \u015f\u00f6b\u0259sinin m\u0259lumat\u0131nda \u00f6z \u0259ksini tap\u0131b. Bu bar\u0259d\u0259\u00a0Trend\u00a0Mehr informasiya agentliyin\u0259 istinad\u0259n m\u0259lumat verib. M\u0259lumata g\u00f6r\u0259, q\u0259za n\u0259tic\u0259sind\u0259 helikopterin s\u0259rni\u015finl\u0259rin\u0259 he\u00e7 bir x\u0259sar\u0259t d\u0259ym\u0259yib v\u0259 ham\u0131s\u0131 sa\u011fd\u0131r. Hadis\u0259 haqda \u0259lav\u0259 m\u0259lumat&hellip;","_links":{"self":[{"href":"https:\/\/arantv.az\/index.php?rest_route=\/wp\/v2\/posts\/144835"}],"collection":[{"href":"https:\/\/arantv.az\/index.php?rest_route=\/wp\/v2\/posts"}],"about":[{"href":"https:\/\/arantv.az\/index.php?rest_route=\/wp\/v2\/types\/post"}],"author":[{"embeddable":true,"href":"https:\/\/arantv.az\/index.php?rest_route=\/wp\/v2\/users\/2"}],"replies":[{"embeddable":true,"href":"https:\/\/arantv.az\/index.php?rest_route=%2Fwp%2Fv2%2Fcomments&post=144835"}],"version-history":[{"count":0,"href":"https:\/\/arantv.az\/index.php?rest_route=\/wp\/v2\/posts\/144835\/revisions"}],"wp:featuredmedia":[{"embeddable":true,"href":"https:\/\/arantv.az\/index.php?rest_route=\/wp\/v2\/media\/144836"}],"wp:attachment":[{"href":"https:\/\/arantv.az\/index.php?rest_route=%2Fwp%2Fv2%2Fmedia&parent=144835"}],"wp:term":[{"taxonomy":"category","embeddable":true,"href":"https:\/\/arantv.az\/index.php?rest_route=%2Fwp%2Fv2%2Fcategories&post=144835"},{"taxonomy":"post_tag","embeddable":true,"href":"https:\/\/arantv.az\/index.php?rest_route=%2Fwp%2Fv2%2Ftags&post=144835"}],"curies":[{"name":"wp","href":"https:\/\/api.w.org\/{rel}","templated":true}]}}