{"id":144871,"date":"2020-03-24T14:46:45","date_gmt":"2020-03-24T11:46:45","guid":{"rendered":"http:\/\/arantv.az\/?p=144871"},"modified":"2020-03-24T14:46:45","modified_gmt":"2020-03-24T11:46:45","slug":"az%c9%99risiq-asc-nin-kollektivind%c9%99n-koronavirusla-mubariz%c9%99y%c9%99-d%c9%99st%c9%99k","status":"publish","type":"post","link":"https:\/\/arantv.az\/?p=144871","title":{"rendered":"\u201cAz\u0259ri\u015f\u0131q\u201d ASC-nin kollektivind\u0259n koronavirusla m\u00fcbariz\u0259y\u0259 d\u0259st\u0259k"},"content":{"rendered":"<p>\u201cAz\u0259ri\u015f\u0131q\u201d ASC COVID-19 infeksiyas\u0131n\u0131n \u00f6lk\u0259 \u0259razisind\u0259 yay\u0131lmas\u0131n\u0131n qar\u015f\u0131s\u0131n\u0131n al\u0131nmas\u0131, virusla ba\u011fl\u0131 yaranm\u0131\u015f situasiyan\u0131n Az\u0259rbaycan iqtisadiyyat\u0131na vurdu\u011fu m\u0259nfi t\u0259siri azaltmaq m\u0259qs\u0259dil\u0259 \u00f6lk\u0259mizd\u0259 apar\u0131lan geni\u015fmiqyasl\u0131 v\u0259 \u00e7ox\u015fax\u0259li t\u0259dbirl\u0259r\u0259 tam d\u0259st\u0259yini ifad\u0259 edir.<\/p>\n<p>\u201cAz\u0259ri\u015f\u0131q\u201d ASC-d\u0259n AZ\u018fRTAC-a bildiribl\u0259r ki, ASC-nin r\u0259hb\u0259rliyi bir ayl\u0131q \u0259m\u0259k haqq\u0131n\u0131 tam, dig\u0259r \u0259m\u0259kda\u015flar\u0131 is\u0259 \u00f6z ayl\u0131q \u0259m\u0259k haqlar\u0131n\u0131n bir qismini Az\u0259rbaycan Prezidentinin F\u0259rman\u0131 il\u0259 yarad\u0131lm\u0131\u015f Koronavirusla M\u00fcbariz\u0259y\u0259 D\u0259st\u0259k Fonduna k\u00f6\u00e7\u00fcr\u00fcbl\u0259r.<\/p>\n<p>Bundan ba\u015fqa, \u00f6lk\u0259 \u00fczr\u0259 g\u00f6r\u00fcl\u0259n profilaktik t\u0259dbirl\u0259r \u00e7\u0259r\u00e7iv\u0259sind\u0259 koronavirus infeksiyas\u0131n\u0131n yarada bil\u0259c\u0259yi t\u0259hl\u00fck\u0259nin qar\u015f\u0131s\u0131n\u0131 almaq m\u0259qs\u0259dil\u0259 \u201cAz\u0259ri\u015f\u0131q\u201d ASC t\u0259r\u0259find\u0259n qabaqlay\u0131c\u0131 add\u0131mlar\u0131n at\u0131lmas\u0131 da davam etdirilir. \u018fm\u0259kda\u015flar\u0131n sa\u011flaml\u0131\u011f\u0131n\u0131 t\u0259min etm\u0259k m\u0259qs\u0259dil\u0259 s\u0259hmdar c\u0259miyy\u0259tin b\u00fct\u00fcn inzibati binalar\u0131n\u0131n giri\u015f-\u00e7\u0131x\u0131\u015f hiss\u0259l\u0259rind\u0259 m\u00fctl\u0259q \u015f\u0259kild\u0259 istifad\u0259 \u00fc\u00e7\u00fcn dezinfeksiyaedici m\u0259hlullar qoyulub, tibbi maskalar paylan\u0131b. \u018fm\u0259kda\u015flar\u0131n t\u0259masda oldu\u011fu b\u00fct\u00fcn s\u0259thl\u0259r m\u00fct\u0259madi \u015f\u0259kild\u0259 dezinfeksiya edilir.<\/p>\n","protected":false},"excerpt":{"rendered":"<p>\u201cAz\u0259ri\u015f\u0131q\u201d ASC COVID-19 infeksiyas\u0131n\u0131n \u00f6lk\u0259 \u0259razisind\u0259 yay\u0131lmas\u0131n\u0131n qar\u015f\u0131s\u0131n\u0131n al\u0131nmas\u0131, virusla ba\u011fl\u0131 yaranm\u0131\u015f situasiyan\u0131n Az\u0259rbaycan iqtisadiyyat\u0131na vurdu\u011fu m\u0259nfi t\u0259siri azaltmaq m\u0259qs\u0259dil\u0259 \u00f6lk\u0259mizd\u0259 apar\u0131lan geni\u015fmiqyasl\u0131 v\u0259 \u00e7ox\u015fax\u0259li t\u0259dbirl\u0259r\u0259 tam d\u0259st\u0259yini ifad\u0259 edir. \u201cAz\u0259ri\u015f\u0131q\u201d ASC-d\u0259n AZ\u018fRTAC-a bildiribl\u0259r ki, ASC-nin r\u0259hb\u0259rliyi bir ayl\u0131q \u0259m\u0259k haqq\u0131n\u0131 tam, dig\u0259r \u0259m\u0259kda\u015flar\u0131 is\u0259 \u00f6z ayl\u0131q \u0259m\u0259k haqlar\u0131n\u0131n bir qismini Az\u0259rbaycan Prezidentinin F\u0259rman\u0131 il\u0259 yarad\u0131lm\u0131\u015f Koronavirusla M\u00fcbariz\u0259y\u0259 D\u0259st\u0259k Fonduna k\u00f6\u00e7\u00fcr\u00fcbl\u0259r. Bundan ba\u015fqa, \u00f6lk\u0259 \u00fczr\u0259 g\u00f6r\u00fcl\u0259n profilaktik t\u0259dbirl\u0259r \u00e7\u0259r\u00e7iv\u0259sind\u0259 koronavirus infeksiyas\u0131n\u0131n yarada bil\u0259c\u0259yi t\u0259hl\u00fck\u0259nin qar\u015f\u0131s\u0131n\u0131 almaq m\u0259qs\u0259dil\u0259 \u201cAz\u0259ri\u015f\u0131q\u201d ASC t\u0259r\u0259find\u0259n qabaqlay\u0131c\u0131 add\u0131mlar\u0131n at\u0131lmas\u0131 da davam etdirilir. \u018fm\u0259kda\u015flar\u0131n sa\u011flaml\u0131\u011f\u0131n\u0131 t\u0259min etm\u0259k&hellip;<\/p>\n","protected":false},"author":2,"featured_media":142959,"comment_status":"closed","ping_status":"closed","sticky":false,"template":"","format":"standard","meta":{"om_disable_all_campaigns":false,"_monsterinsights_skip_tracking":false,"_monsterinsights_sitenote_active":false,"_monsterinsights_sitenote_note":"","_monsterinsights_sitenote_category":0},"categories":[1],"tags":[],"aioseo_notices":[],"gutentor_comment":0,"rttpg_featured_image_url":{"full":["https:\/\/arantv.az\/wp-content\/uploads\/2020\/03\/ROM_3786-1.jpg",620,413,false],"landscape":["https:\/\/arantv.az\/wp-content\/uploads\/2020\/03\/ROM_3786-1.jpg",620,413,false],"portraits":["https:\/\/arantv.az\/wp-content\/uploads\/2020\/03\/ROM_3786-1.jpg",620,413,false],"thumbnail":["https:\/\/arantv.az\/wp-content\/uploads\/2020\/03\/ROM_3786-1-150x150.jpg",150,150,true],"medium":["https:\/\/arantv.az\/wp-content\/uploads\/2020\/03\/ROM_3786-1-300x200.jpg",300,200,true],"large":["https:\/\/arantv.az\/wp-content\/uploads\/2020\/03\/ROM_3786-1.jpg",620,413,false],"1536x1536":["https:\/\/arantv.az\/wp-content\/uploads\/2020\/03\/ROM_3786-1.jpg",620,413,false],"2048x2048":["https:\/\/arantv.az\/wp-content\/uploads\/2020\/03\/ROM_3786-1.jpg",620,413,false],"post-thumbnail":["https:\/\/arantv.az\/wp-content\/uploads\/2020\/03\/ROM_3786-1-240x172.jpg",240,172,true],"advps-thumb-one":["https:\/\/arantv.az\/wp-content\/uploads\/2020\/03\/ROM_3786-1.jpg",620,413,false]},"rttpg_author":{"display_name":"V\u00fcsal Rafiqo\u011flu","author_link":"https:\/\/arantv.az\/?author=2"},"rttpg_comment":0,"rttpg_category":"<a href=\"https:\/\/arantv.az\/?cat=1\" rel=\"category\">C\u0259miyy\u0259t<\/a>","rttpg_excerpt":"\u201cAz\u0259ri\u015f\u0131q\u201d ASC COVID-19 infeksiyas\u0131n\u0131n \u00f6lk\u0259 \u0259razisind\u0259 yay\u0131lmas\u0131n\u0131n qar\u015f\u0131s\u0131n\u0131n al\u0131nmas\u0131, virusla ba\u011fl\u0131 yaranm\u0131\u015f situasiyan\u0131n Az\u0259rbaycan iqtisadiyyat\u0131na vurdu\u011fu m\u0259nfi t\u0259siri azaltmaq m\u0259qs\u0259dil\u0259 \u00f6lk\u0259mizd\u0259 apar\u0131lan geni\u015fmiqyasl\u0131 v\u0259 \u00e7ox\u015fax\u0259li t\u0259dbirl\u0259r\u0259 tam d\u0259st\u0259yini ifad\u0259 edir. \u201cAz\u0259ri\u015f\u0131q\u201d ASC-d\u0259n AZ\u018fRTAC-a bildiribl\u0259r ki, ASC-nin r\u0259hb\u0259rliyi bir ayl\u0131q \u0259m\u0259k haqq\u0131n\u0131 tam, dig\u0259r \u0259m\u0259kda\u015flar\u0131 is\u0259 \u00f6z ayl\u0131q \u0259m\u0259k haqlar\u0131n\u0131n bir qismini Az\u0259rbaycan Prezidentinin F\u0259rman\u0131 il\u0259&hellip;","_links":{"self":[{"href":"https:\/\/arantv.az\/index.php?rest_route=\/wp\/v2\/posts\/144871"}],"collection":[{"href":"https:\/\/arantv.az\/index.php?rest_route=\/wp\/v2\/posts"}],"about":[{"href":"https:\/\/arantv.az\/index.php?rest_route=\/wp\/v2\/types\/post"}],"author":[{"embeddable":true,"href":"https:\/\/arantv.az\/index.php?rest_route=\/wp\/v2\/users\/2"}],"replies":[{"embeddable":true,"href":"https:\/\/arantv.az\/index.php?rest_route=%2Fwp%2Fv2%2Fcomments&post=144871"}],"version-history":[{"count":0,"href":"https:\/\/arantv.az\/index.php?rest_route=\/wp\/v2\/posts\/144871\/revisions"}],"wp:featuredmedia":[{"embeddable":true,"href":"https:\/\/arantv.az\/index.php?rest_route=\/wp\/v2\/media\/142959"}],"wp:attachment":[{"href":"https:\/\/arantv.az\/index.php?rest_route=%2Fwp%2Fv2%2Fmedia&parent=144871"}],"wp:term":[{"taxonomy":"category","embeddable":true,"href":"https:\/\/arantv.az\/index.php?rest_route=%2Fwp%2Fv2%2Fcategories&post=144871"},{"taxonomy":"post_tag","embeddable":true,"href":"https:\/\/arantv.az\/index.php?rest_route=%2Fwp%2Fv2%2Ftags&post=144871"}],"curies":[{"name":"wp","href":"https:\/\/api.w.org\/{rel}","templated":true}]}}