{"id":144874,"date":"2020-03-24T14:47:24","date_gmt":"2020-03-24T11:47:24","guid":{"rendered":"http:\/\/arantv.az\/?p=144874"},"modified":"2020-03-24T14:47:24","modified_gmt":"2020-03-24T11:47:24","slug":"yasi-65-i-otmus-t%c9%99nha-yasayanlara-evl%c9%99rind%c9%99-hansi-istiqam%c9%99tl%c9%99rd%c9%99-xidm%c9%99tl%c9%99r-gost%c9%99ril%c9%99c%c9%99k","status":"publish","type":"post","link":"https:\/\/arantv.az\/?p=144874","title":{"rendered":"Ya\u015f\u0131 65-i \u00f6tm\u00fc\u015f t\u0259nha ya\u015fayanlara evl\u0259rind\u0259 hans\u0131 istiqam\u0259tl\u0259rd\u0259 xidm\u0259tl\u0259r g\u00f6st\u0259ril\u0259c\u0259k?"},"content":{"rendered":"<p>\u00d6lk\u0259d\u0259 elan olunan x\u00fcsusi karantin rejimi koronavirus (COVID-19) infeksiyas\u0131na yoluxma riski \u00e7ox olan ya\u015f\u0131 65-i \u00f6tm\u00fc\u015f v\u0259t\u0259nda\u015flar\u0131n evd\u0259n bay\u0131ra \u00e7\u0131xmalar\u0131n\u0131n qada\u011fan olunmas\u0131n\u0131 n\u0259z\u0259rd\u0259 tutur. H\u0259min v\u0259t\u0259nda\u015flar\u0131n x\u00fcsusi karantin rejimi d\u00f6vr\u00fcnd\u0259 (24 mart 2020-ci il saat 00:00-dan etibar\u0259n 20 aprel saat 00:00-d\u0259k) evd\u0259 qalmalar\u0131 onlar\u0131n bu pandemiyadan qorunmas\u0131 \u00fc\u00e7\u00fcn vacibdir. Evd\u0259 olduqlar\u0131 karantin d\u00f6vr\u00fcnd\u0259 onlara \u018fm\u0259k v\u0259 \u018fhalinin Sosial M\u00fcdafi\u0259si Nazirliyinin sosial xidm\u0259t sistemind\u0259 \u00e7al\u0131\u015fan sosial xidm\u0259t\u00e7il\u0259r t\u0259r\u0259find\u0259n evl\u0259rind\u0259 d\u0259st\u0259k v\u0259 xidm\u0259tl\u0259r g\u00f6st\u0259ril\u0259c\u0259k.<\/p>\n<p>Bu bar\u0259d\u0259 AZ\u018fRTAC-a nazirliyin m\u0259tbuat xidm\u0259tind\u0259n m\u0259lumat verilib.<\/p>\n<p>Sosial xidm\u0259t\u00e7il\u0259r haz\u0131rda ah\u0131l (ya\u015f\u0131 70-i \u00f6tm\u00fc\u015f) \u015f\u0259xsl\u0259ri bu xidm\u0259tl\u0259rl\u0259 t\u0259min edirl\u0259r, x\u00fcsusi karantin rejimi d\u00f6vr\u00fcnd\u0259 65-70 ya\u015fl\u0131 t\u0259nha v\u0259t\u0259nda\u015flar\u0131n da evd\u0259n bay\u0131ra \u00e7\u0131xmadan onlar\u0131n bu xidm\u0259tl\u0259rind\u0259n yararlanmalar\u0131na \u015f\u0259rait yarad\u0131l\u0131r.<\/p>\n<p>Bel\u0259 ki, ya\u015f\u0131 65-i \u00f6tm\u00fc\u015f t\u0259nha ya\u015fayan v\u0259t\u0259nda\u015flar da ev t\u0259s\u0259rr\u00fcfat\u0131 il\u0259 ba\u011fl\u0131 i\u015fl\u0259rd\u0259, \u0259sas t\u0259l\u0259bat mallar\u0131n\u0131n, d\u0259rman vasit\u0259l\u0259rinin al\u0131nmas\u0131nda, kommunal \u00f6d\u0259ni\u015fl\u0259rin edilm\u0259sind\u0259 v\u0259 s. \u00fc\u00e7\u00fcn sosial xidm\u0259t\u00e7i personal\u0131n\u0131n xidm\u0259tl\u0259rind\u0259n faydalana bil\u0259c\u0259kl\u0259r.<\/p>\n<p>Sosial xidm\u0259tl\u0259rd\u0259n istifad\u0259 etm\u0259k \u00fc\u00e7\u00fcn bu kateqoriyadan olan \u015f\u0259xsl\u0259r \u018fm\u0259k v\u0259 \u018fhalinin Sosial M\u00fcdafi\u0259si Nazirliyinin 142 &#8211; \u00c7a\u011fr\u0131 M\u0259rk\u0259zin\u0259 z\u0259ng vuraraq qeydiyyata al\u0131nmal\u0131d\u0131rlar. Bununla yana\u015f\u0131, 65-70 ya\u015fl\u0131 t\u0259nha \u015f\u0259xsl\u0259rin m\u00fc\u0259yy\u0259n edilm\u0259si \u00fc\u00e7\u00fcn \u00f6zl\u0259rinin m\u00fcraci\u0259tl\u0259rind\u0259n ba\u015fqa yerli icra qurumlar\u0131ndan siyah\u0131lar al\u0131nacaq.<\/p>\n<p>Sosial xidm\u0259t\u00e7il\u0259r laz\u0131mi qoruyucu vasit\u0259l\u0259rl\u0259 t\u0259min olunacaqlar. Onlar t\u0259r\u0259find\u0259n bu xidm\u0259tl\u0259r ya\u015fl\u0131 \u015f\u0259xsl\u0259rl\u0259 t\u0259mas olmadan, m\u00fc\u0259yy\u0259n m\u0259saf\u0259 saxlan\u0131lmaqla h\u0259yata ke\u00e7iril\u0259c\u0259k.<\/p>\n","protected":false},"excerpt":{"rendered":"<p>\u00d6lk\u0259d\u0259 elan olunan x\u00fcsusi karantin rejimi koronavirus (COVID-19) infeksiyas\u0131na yoluxma riski \u00e7ox olan ya\u015f\u0131 65-i \u00f6tm\u00fc\u015f v\u0259t\u0259nda\u015flar\u0131n evd\u0259n bay\u0131ra \u00e7\u0131xmalar\u0131n\u0131n qada\u011fan olunmas\u0131n\u0131 n\u0259z\u0259rd\u0259 tutur. H\u0259min v\u0259t\u0259nda\u015flar\u0131n x\u00fcsusi karantin rejimi d\u00f6vr\u00fcnd\u0259 (24 mart 2020-ci il saat 00:00-dan etibar\u0259n 20 aprel saat 00:00-d\u0259k) evd\u0259 qalmalar\u0131 onlar\u0131n bu pandemiyadan qorunmas\u0131 \u00fc\u00e7\u00fcn vacibdir. Evd\u0259 olduqlar\u0131 karantin d\u00f6vr\u00fcnd\u0259 onlara \u018fm\u0259k v\u0259 \u018fhalinin Sosial M\u00fcdafi\u0259si Nazirliyinin sosial xidm\u0259t sistemind\u0259 \u00e7al\u0131\u015fan sosial xidm\u0259t\u00e7il\u0259r t\u0259r\u0259find\u0259n evl\u0259rind\u0259 d\u0259st\u0259k v\u0259 xidm\u0259tl\u0259r g\u00f6st\u0259ril\u0259c\u0259k. Bu bar\u0259d\u0259 AZ\u018fRTAC-a nazirliyin m\u0259tbuat xidm\u0259tind\u0259n m\u0259lumat verilib. Sosial xidm\u0259t\u00e7il\u0259r haz\u0131rda ah\u0131l (ya\u015f\u0131 70-i \u00f6tm\u00fc\u015f) \u015f\u0259xsl\u0259ri bu xidm\u0259tl\u0259rl\u0259&hellip;<\/p>\n","protected":false},"author":2,"featured_media":144875,"comment_status":"closed","ping_status":"closed","sticky":false,"template":"","format":"standard","meta":{"om_disable_all_campaigns":false,"_monsterinsights_skip_tracking":false,"_monsterinsights_sitenote_active":false,"_monsterinsights_sitenote_note":"","_monsterinsights_sitenote_category":0},"categories":[1],"tags":[],"aioseo_notices":[],"gutentor_comment":0,"rttpg_featured_image_url":{"full":["https:\/\/arantv.az\/wp-content\/uploads\/2020\/03\/15850497772260359720_1000x669.jpg",1000,666,false],"landscape":["https:\/\/arantv.az\/wp-content\/uploads\/2020\/03\/15850497772260359720_1000x669.jpg",1000,666,false],"portraits":["https:\/\/arantv.az\/wp-content\/uploads\/2020\/03\/15850497772260359720_1000x669.jpg",1000,666,false],"thumbnail":["https:\/\/arantv.az\/wp-content\/uploads\/2020\/03\/15850497772260359720_1000x669-150x150.jpg",150,150,true],"medium":["https:\/\/arantv.az\/wp-content\/uploads\/2020\/03\/15850497772260359720_1000x669-300x200.jpg",300,200,true],"large":["https:\/\/arantv.az\/wp-content\/uploads\/2020\/03\/15850497772260359720_1000x669.jpg",640,426,false],"1536x1536":["https:\/\/arantv.az\/wp-content\/uploads\/2020\/03\/15850497772260359720_1000x669.jpg",1000,666,false],"2048x2048":["https:\/\/arantv.az\/wp-content\/uploads\/2020\/03\/15850497772260359720_1000x669.jpg",1000,666,false],"post-thumbnail":["https:\/\/arantv.az\/wp-content\/uploads\/2020\/03\/15850497772260359720_1000x669-240x172.jpg",240,172,true],"advps-thumb-one":["https:\/\/arantv.az\/wp-content\/uploads\/2020\/03\/15850497772260359720_1000x669-1000x620.jpg",1000,620,true]},"rttpg_author":{"display_name":"V\u00fcsal Rafiqo\u011flu","author_link":"https:\/\/arantv.az\/?author=2"},"rttpg_comment":0,"rttpg_category":"<a href=\"https:\/\/arantv.az\/?cat=1\" rel=\"category\">C\u0259miyy\u0259t<\/a>","rttpg_excerpt":"\u00d6lk\u0259d\u0259 elan olunan x\u00fcsusi karantin rejimi koronavirus (COVID-19) infeksiyas\u0131na yoluxma riski \u00e7ox olan ya\u015f\u0131 65-i \u00f6tm\u00fc\u015f v\u0259t\u0259nda\u015flar\u0131n evd\u0259n bay\u0131ra \u00e7\u0131xmalar\u0131n\u0131n qada\u011fan olunmas\u0131n\u0131 n\u0259z\u0259rd\u0259 tutur. H\u0259min v\u0259t\u0259nda\u015flar\u0131n x\u00fcsusi karantin rejimi d\u00f6vr\u00fcnd\u0259 (24 mart 2020-ci il saat 00:00-dan etibar\u0259n 20 aprel saat 00:00-d\u0259k) evd\u0259 qalmalar\u0131 onlar\u0131n bu pandemiyadan qorunmas\u0131 \u00fc\u00e7\u00fcn vacibdir. Evd\u0259 olduqlar\u0131 karantin d\u00f6vr\u00fcnd\u0259 onlara \u018fm\u0259k&hellip;","_links":{"self":[{"href":"https:\/\/arantv.az\/index.php?rest_route=\/wp\/v2\/posts\/144874"}],"collection":[{"href":"https:\/\/arantv.az\/index.php?rest_route=\/wp\/v2\/posts"}],"about":[{"href":"https:\/\/arantv.az\/index.php?rest_route=\/wp\/v2\/types\/post"}],"author":[{"embeddable":true,"href":"https:\/\/arantv.az\/index.php?rest_route=\/wp\/v2\/users\/2"}],"replies":[{"embeddable":true,"href":"https:\/\/arantv.az\/index.php?rest_route=%2Fwp%2Fv2%2Fcomments&post=144874"}],"version-history":[{"count":0,"href":"https:\/\/arantv.az\/index.php?rest_route=\/wp\/v2\/posts\/144874\/revisions"}],"wp:featuredmedia":[{"embeddable":true,"href":"https:\/\/arantv.az\/index.php?rest_route=\/wp\/v2\/media\/144875"}],"wp:attachment":[{"href":"https:\/\/arantv.az\/index.php?rest_route=%2Fwp%2Fv2%2Fmedia&parent=144874"}],"wp:term":[{"taxonomy":"category","embeddable":true,"href":"https:\/\/arantv.az\/index.php?rest_route=%2Fwp%2Fv2%2Fcategories&post=144874"},{"taxonomy":"post_tag","embeddable":true,"href":"https:\/\/arantv.az\/index.php?rest_route=%2Fwp%2Fv2%2Ftags&post=144874"}],"curies":[{"name":"wp","href":"https:\/\/api.w.org\/{rel}","templated":true}]}}