{"id":144878,"date":"2020-03-24T14:50:57","date_gmt":"2020-03-24T11:50:57","guid":{"rendered":"http:\/\/arantv.az\/?p=144878"},"modified":"2020-03-24T14:50:57","modified_gmt":"2020-03-24T11:50:57","slug":"olk%c9%99mizd%c9%99-aparilan-siyas%c9%99t-h%c9%99r-bir-az%c9%99rbaycan-v%c9%99t%c9%99ndasinin-firavan-h%c9%99yatinin-t%c9%99min-olunmasina-yon%c9%99lib","status":"publish","type":"post","link":"https:\/\/arantv.az\/?p=144878","title":{"rendered":"\u00d6lk\u0259mizd\u0259 apar\u0131lan siyas\u0259t h\u0259r bir Az\u0259rbaycan v\u0259t\u0259nda\u015f\u0131n\u0131n firavan h\u0259yat\u0131n\u0131n t\u0259min olunmas\u0131na y\u00f6n\u0259lib"},"content":{"rendered":"<p>Az\u0259rbaycan d\u00fcnyada sosialy\u00f6n\u00fcml\u00fc siyas\u0259t h\u0259yata ke\u00e7ir\u0259n \u00f6lk\u0259l\u0259rd\u0259n biri kimi tan\u0131n\u0131r. T\u0259bii ki, \u00f6lk\u0259mizin u\u011furlu inki\u015faf g\u00f6st\u0259ricil\u0259rind\u0259n \u0259n \u0259h\u0259miyy\u0259tlisi \u0259halinin sosial rifah hal\u0131n\u0131n y\u00fcks\u0259ldilm\u0259si istiqam\u0259tind\u0259 sistemli v\u0259 ard\u0131c\u0131l sur\u0259td\u0259 h\u0259yata ke\u00e7iril\u0259n t\u0259dbirl\u0259rdir. Az\u0259rbaycan h\u00f6kum\u0259ti \u0259halinin sosial probleml\u0259rini daim diqq\u0259t m\u0259rk\u0259zind\u0259 saxlay\u0131r.<\/p>\n<p>D\u00f6vl\u0259tin v\u0259t\u0259nda\u015flar\u0131n\u0131n h\u0259yati \u0259h\u0259miyy\u0259tli t\u0259l\u0259batlar\u0131n\u0131n \u00f6d\u0259nilm\u0259sin\u0259 g\u00f6st\u0259rdiyi qay\u011f\u0131 is\u0259 \u00f6z\u00fcn\u00fc bilavasit\u0259 sosial t\u0259minat sistemind\u0259 b\u00fcruz\u0259 verir. Ba\u015fqa s\u00f6zl\u0259, Az\u0259rbaycanda u\u011furla ger\u00e7\u0259kl\u0259\u015fdiril\u0259n sosial t\u0259minat t\u0259dbirl\u0259ri insanlar\u0131n ya\u015fay\u0131\u015f\u0131n\u0131n yax\u015f\u0131la\u015fd\u0131r\u0131lmas\u0131na xidm\u0259t edir. Bu da t\u0259sad\u00fcfi deyil ki, sosialy\u00f6n\u00fcml\u00fcl\u00fck Az\u0259rbaycan\u0131n milli iqtisadi inki\u015faf modelini s\u0259ciyy\u0259l\u0259ndir\u0259n ba\u015fl\u0131ca x\u00fcsusiyy\u0259tl\u0259rd\u0259n say\u0131l\u0131r.<\/p>\n<p>Bu s\u00f6zl\u0259ri AZ\u018fRTAC-a a\u00e7\u0131qlamas\u0131nda Milli M\u0259clisin deputat\u0131 Ceyhun M\u0259mm\u0259dov s\u00f6yl\u0259yib.<\/p>\n<p>Deputat\u0131n s\u00f6zl\u0259rin\u0259 g\u00f6r\u0259, \u00f6lk\u0259mizin iqtisadi imkanlar\u0131 artd\u0131qca sosial m\u00fcdafi\u0259y\u0259 ehtiyac\u0131 olan insanlara daha \u00e7ox diqq\u0259t g\u00f6st\u0259rilir. Prezident \u0130lham \u018fliyev h\u0259r bir az\u0259rbaycanl\u0131n\u0131n normal ya\u015fay\u0131\u015f\u0131 \u00fc\u00e7\u00fcn sosial xidm\u0259tl\u0259rin s\u0259viyy\u0259sinin y\u00fcks\u0259ldilm\u0259sini, z\u0259ruri infrastruktur layih\u0259l\u0259rinin realla\u015fd\u0131r\u0131lmas\u0131n\u0131 d\u00f6vl\u0259tin ba\u015fl\u0131ca v\u0259zif\u0259si say\u0131r. D\u00f6vl\u0259timizin ba\u015f\u00e7\u0131s\u0131n\u0131n apard\u0131\u011f\u0131 siyas\u0259t h\u0259r bir Az\u0259rbaycan v\u0259t\u0259nda\u015f\u0131n\u0131n firavan h\u0259yat\u0131n\u0131n t\u0259min olunmas\u0131na y\u00f6n\u0259lib.<\/p>\n<p>Son ill\u0259r sosial sah\u0259d\u0259 m\u00fch\u00fcm i\u015fl\u0259rin g\u00f6r\u00fcld\u00fcy\u00fcn\u00fc v\u0259 ilin \u0259vv\u0259lind\u0259n \u00fc\u00e7 b\u00f6y\u00fck x\u0259st\u0259xana binas\u0131n\u0131n istifad\u0259y\u0259 verildiyini diqq\u0259t\u0259 \u00e7atd\u0131ran Ceyhun M\u0259mm\u0259dov deyib: \u201cBir \u00e7ox yeni t\u0259hsil v\u0259 s\u0259hiyy\u0259 m\u00fc\u0259ssis\u0259l\u0259ri in\u015fa olunub, t\u0259mir v\u0259 b\u0259rpa i\u015fl\u0259ri h\u0259yata ke\u00e7iril\u0131b. D\u00f6vl\u0259timizin apard\u0131\u011f\u0131 siyas\u0259t v\u0259 g\u00fccl\u00fc iqtisadiyyat\u0131m\u0131z onu dem\u0259y\u0259 \u0259sas verir ki, d\u00fcnya bazarlar\u0131nda neftin qiym\u0259tinin k\u0259skin a\u015fa\u011f\u0131 d\u00fc\u015fm\u0259sin\u0259 baxmayaraq, Az\u0259rbaycanda b\u00fct\u00fcn sosial \u00f6hd\u0259likl\u0259rin t\u0259min olunmas\u0131 v\u0259 sosial infrastruktur layih\u0259l\u0259rin tam icras\u0131 \u00fc\u00e7\u00fcn m\u00f6hk\u0259m baza vard\u0131r. Bunu d\u00f6vl\u0259timizin ba\u015f\u00e7\u0131s\u0131 d\u0259f\u0259l\u0259rl\u0259 \u00f6z \u00e7\u0131x\u0131\u015flar\u0131nda qeyd edib v\u0259 bildirib ki, narahat\u00e7\u0131l\u0131\u011fa he\u00e7 bir \u0259sas yoxdur\u201d.<\/p>\n<p>2020-ci ild\u0259 sosial sah\u0259d\u0259 m\u00fch\u00fcm layih\u0259l\u0259rin h\u0259yata ke\u00e7iril\u0259c\u0259yini diqq\u0259t\u0259 \u00e7atd\u0131ran deputat qeyd edib ki, Az\u0259rbaycan Prezidenti h\u0259ssas t\u0259b\u0259q\u0259d\u0259n olan v\u0259t\u0259nda\u015flara diqq\u0259t v\u0259 qay\u011f\u0131s\u0131n\u0131 \u0259sirg\u0259mir. M\u0259cburi k\u00f6\u00e7k\u00fcnl\u0259rin ya\u015fay\u0131\u015f \u015f\u0259raitinin yax\u015f\u0131la\u015fd\u0131r\u0131lmas\u0131 \u00fc\u00e7\u00fcn bir ne\u00e7\u0259 q\u0259s\u0259b\u0259 sal\u0131n\u0131b v\u0259 bu i\u015f bu il d\u0259 davam etdiril\u0259c\u0259k. 2020-ci ild\u0259 mcburi k\u00f6\u00e7k\u00fcnl\u0259r \u00fc\u00e7\u00fcn daha 7 min m\u0259nzil tikilib istifad\u0259y\u0259 veril\u0259c\u0259k.<\/p>\n<p>\u00d6lk\u0259mizd\u0259 u\u011furla ke\u00e7iril\u0259n parlament se\u00e7kil\u0259rind\u0259n d\u0259 dan\u0131\u015fan deputat bildirib ki, Milli M\u0259clis\u0259 se\u00e7kil\u0259r \u00f6lk\u0259mizd\u0259 apar\u0131lan siyas\u0259tin xalq t\u0259r\u0259find\u0259n y\u00fcks\u0259k qiym\u0259tl\u0259ndirildiyini bir daha g\u00f6st\u0259rdi. \u0130lin \u0259vv\u0259lind\u0259n \u00f6lk\u0259mizd\u0259 prosesl\u0259r m\u00fcsb\u0259t istiqam\u0259td\u0259 gedir, Az\u0259rbaycanda sabitlik, t\u0259hl\u00fck\u0259sizlik t\u0259min edilir. Se\u00e7kil\u0259rd\u0259 f\u0259all\u0131\u011f\u0131n y\u00fcks\u0259k olmas\u0131, \u015f\u0259ffafl\u0131\u011f\u0131n t\u0259min edilm\u0259si \u00f6lk\u0259mizin demokratik inki\u015faf yolu il\u0259 ir\u0259lil\u0259diyini dem\u0259y\u0259 \u0259sas verir. \u201cParlament se\u00e7kil\u0259rind\u0259 xalq\u0131n irad\u0259si \u00f6z \u0259ksini tapd\u0131 v\u0259 Az\u0259rbaycan c\u0259miyy\u0259ti bu se\u00e7kil\u0259rin n\u0259tic\u0259l\u0259rind\u0259n m\u0259mnun qald\u0131. Se\u00e7kil\u0259rd\u0259 1300-d\u0259n \u00e7ox namiz\u0259din i\u015ftirak\u0131 onun azad v\u0259 demokratik m\u00fchitd\u0259 ke\u00e7diyini g\u00f6st\u0259rir. Se\u00e7kil\u0259rd\u0259n sonra parlamentin t\u0259rkibi yenid\u0259n formala\u015fd\u0131 v\u0259 ilk d\u0259f\u0259 olaraq Milli M\u0259clisin r\u0259hb\u0259rliyind\u0259 m\u00fcxalif\u0259t n\u00fcmay\u0259nd\u0259l\u0259ri d\u0259 yer ald\u0131lar. Bu, Az\u0259rbaycanda demokratikl\u0259\u015fm\u0259 sah\u0259sind\u0259 at\u0131lan n\u00f6vb\u0259ti u\u011furlu add\u0131md\u0131r. Parlament se\u00e7kil\u0259rind\u0259 m\u00fcxalif\u0259t partiyalar\u0131n\u0131n s\u0259rb\u0259st i\u015ftirak\u0131 bu fikri bir daha t\u0259sdiq edir\u201d, \u2013 dey\u0259 C.M\u0259mm\u0259dov vur\u011fulay\u0131b.<\/p>\n<p>Deputat d\u00fcnyam\u0131z\u0131 t\u0259\u015fvi\u015f\u0259 salan koronavirus (COV\u0130D-19) t\u0259hl\u00fck\u0259sind\u0259n d\u0259 dan\u0131\u015f\u0131b. Bildirib ki, x\u0259st\u0259lik d\u00f6vr\u00fcnd\u0259 Az\u0259rbaycan d\u00f6vl\u0259tinin atd\u0131\u011f\u0131 add\u0131mlar v\u0259 h\u0259yata ke\u00e7irdiyi t\u0259dbirl\u0259r xalq\u0131m\u0131z\u0131n sa\u011flaml\u0131\u011f\u0131n\u0131n, t\u0259hl\u00fck\u0259sizliyinin v\u0259 rifah\u0131n\u0131n h\u0259r \u015feyd\u0259n \u00fcst\u00fcn oldu\u011funu bir daha g\u00f6st\u0259rdi. O, Az\u0259rbaycan Prezidentinin h\u0259r zaman oldu\u011fu kimi, bu \u00e7\u0259tin m\u0259qamda da xalq\u0131m\u0131z\u0131n yan\u0131nda oldu\u011funu diqq\u0259t\u0259 \u00e7atd\u0131r\u0131b.<\/p>\n<p>Prezidentin n\u00fcmun\u0259vi add\u0131m ataraq bir illik \u0259m\u0259khaqq\u0131 m\u0259bl\u0259\u011fini Koronavirusla M\u00fcbariz\u0259y\u0259 D\u0259st\u0259k Fonduna ian\u0259 etdiyini vur\u011fulayan deputat d\u00f6vl\u0259tin ba\u015f\u00e7\u0131s\u0131n\u0131n b\u00fct\u00fcn taley\u00fckl\u00fc m\u0259s\u0259l\u0259l\u0259r\u0259 oldu\u011fu kimi, bu m\u0259s\u0259l\u0259y\u0259 d\u0259 h\u0259ssasl\u0131qla yana\u015fd\u0131\u011f\u0131n\u0131, virusla m\u00fcbariz\u0259d\u0259 b\u00fct\u00fcn m\u0259s\u0259l\u0259l\u0259ri diqq\u0259td\u0259 saxlad\u0131\u011f\u0131n\u0131 g\u00f6st\u0259rdiyi bir daha qeyd edib.<\/p>\n<p>Virusun \u00f6lk\u0259mizd\u0259 yay\u0131lmas\u0131n\u0131n qar\u015f\u0131s\u0131n\u0131n al\u0131nmas\u0131 m\u0259qs\u0259dil\u0259 at\u0131lan add\u0131mlar\u0131n davam etdirildiyini vur\u011fulayan deputat deyib ki, Prezident \u0130lham \u018fliyevin r\u0259hb\u0259rliyi il\u0259 Az\u0259rbaycan\u0131n iqtisadiyyat\u0131na, makroiqtisadi sabitliy\u0259, \u00f6lk\u0259d\u0259 m\u0259\u015f\u011fulluq m\u0259s\u0259l\u0259l\u0259rin\u0259 v\u0259 sahibkarl\u0131q subyektl\u0259rin\u0259 m\u0259nfi t\u0259sirinin azald\u0131lmas\u0131 il\u0259 ba\u011fl\u0131 bir s\u0131ra t\u0259dbirl\u0259r h\u0259yata ke\u00e7irilir. Deputat \u0259minlikl\u0259 bildirib ki, Az\u0259rbaycan\u0131n bu b\u0259ladan daha az z\u0259r\u0259rl\u0259 \u00e7\u0131xa bilm\u0259si \u00fc\u00e7\u00fcn d\u00f6vl\u0259timiz b\u00fct\u00fcn imkanlardan istifad\u0259 ed\u0259c\u0259k.<\/p>\n<p>\u201c\u0130nan\u0131r\u0131q ki, d\u00f6vl\u0259timizin yard\u0131m\u0131 v\u0259 d\u0259st\u0259yi il\u0259 xalq\u0131m\u0131z bu s\u0131naqdan da \u00fcz\u00fca\u011f \u00e7\u0131xacaq. H\u0259r birimiz soyuqqanl\u0131 olmal\u0131, hadis\u0259l\u0259r\u0259 t\u0259mkinl\u0259 yana\u015fmal\u0131, \u0259sass\u0131z m\u0259lumatlar yaymamal\u0131, ictimai m\u0259nafeyi \u015f\u0259xsi m\u0259nafed\u0259n \u00fcst\u00fcn tutmal\u0131y\u0131q\u201d, \u2013 dey\u0259 Ceyhun M\u0259mm\u0259dov bildirib.<\/p>\n","protected":false},"excerpt":{"rendered":"<p>Az\u0259rbaycan d\u00fcnyada sosialy\u00f6n\u00fcml\u00fc siyas\u0259t h\u0259yata ke\u00e7ir\u0259n \u00f6lk\u0259l\u0259rd\u0259n biri kimi tan\u0131n\u0131r. T\u0259bii ki, \u00f6lk\u0259mizin u\u011furlu inki\u015faf g\u00f6st\u0259ricil\u0259rind\u0259n \u0259n \u0259h\u0259miyy\u0259tlisi \u0259halinin sosial rifah hal\u0131n\u0131n y\u00fcks\u0259ldilm\u0259si istiqam\u0259tind\u0259 sistemli v\u0259 ard\u0131c\u0131l sur\u0259td\u0259 h\u0259yata ke\u00e7iril\u0259n t\u0259dbirl\u0259rdir. Az\u0259rbaycan h\u00f6kum\u0259ti \u0259halinin sosial probleml\u0259rini daim diqq\u0259t m\u0259rk\u0259zind\u0259 saxlay\u0131r. D\u00f6vl\u0259tin v\u0259t\u0259nda\u015flar\u0131n\u0131n h\u0259yati \u0259h\u0259miyy\u0259tli t\u0259l\u0259batlar\u0131n\u0131n \u00f6d\u0259nilm\u0259sin\u0259 g\u00f6st\u0259rdiyi qay\u011f\u0131 is\u0259 \u00f6z\u00fcn\u00fc bilavasit\u0259 sosial t\u0259minat sistemind\u0259 b\u00fcruz\u0259 verir. Ba\u015fqa s\u00f6zl\u0259, Az\u0259rbaycanda u\u011furla ger\u00e7\u0259kl\u0259\u015fdiril\u0259n sosial t\u0259minat t\u0259dbirl\u0259ri insanlar\u0131n ya\u015fay\u0131\u015f\u0131n\u0131n yax\u015f\u0131la\u015fd\u0131r\u0131lmas\u0131na xidm\u0259t edir. Bu da t\u0259sad\u00fcfi deyil ki, sosialy\u00f6n\u00fcml\u00fcl\u00fck Az\u0259rbaycan\u0131n milli iqtisadi inki\u015faf modelini s\u0259ciyy\u0259l\u0259ndir\u0259n ba\u015fl\u0131ca x\u00fcsusiyy\u0259tl\u0259rd\u0259n say\u0131l\u0131r. Bu s\u00f6zl\u0259ri AZ\u018fRTAC-a a\u00e7\u0131qlamas\u0131nda Milli M\u0259clisin&hellip;<\/p>\n","protected":false},"author":2,"featured_media":144879,"comment_status":"closed","ping_status":"closed","sticky":false,"template":"","format":"standard","meta":{"om_disable_all_campaigns":false,"_monsterinsights_skip_tracking":false,"_monsterinsights_sitenote_active":false,"_monsterinsights_sitenote_note":"","_monsterinsights_sitenote_category":0},"categories":[4],"tags":[],"aioseo_notices":[],"gutentor_comment":0,"rttpg_featured_image_url":{"full":["https:\/\/arantv.az\/wp-content\/uploads\/2020\/03\/158504960835241310_1000x669.jpg",892,669,false],"landscape":["https:\/\/arantv.az\/wp-content\/uploads\/2020\/03\/158504960835241310_1000x669.jpg",892,669,false],"portraits":["https:\/\/arantv.az\/wp-content\/uploads\/2020\/03\/158504960835241310_1000x669.jpg",892,669,false],"thumbnail":["https:\/\/arantv.az\/wp-content\/uploads\/2020\/03\/158504960835241310_1000x669-150x150.jpg",150,150,true],"medium":["https:\/\/arantv.az\/wp-content\/uploads\/2020\/03\/158504960835241310_1000x669-300x225.jpg",300,225,true],"large":["https:\/\/arantv.az\/wp-content\/uploads\/2020\/03\/158504960835241310_1000x669.jpg",640,480,false],"1536x1536":["https:\/\/arantv.az\/wp-content\/uploads\/2020\/03\/158504960835241310_1000x669.jpg",892,669,false],"2048x2048":["https:\/\/arantv.az\/wp-content\/uploads\/2020\/03\/158504960835241310_1000x669.jpg",892,669,false],"post-thumbnail":["https:\/\/arantv.az\/wp-content\/uploads\/2020\/03\/158504960835241310_1000x669-240x172.jpg",240,172,true],"advps-thumb-one":["https:\/\/arantv.az\/wp-content\/uploads\/2020\/03\/158504960835241310_1000x669-892x620.jpg",892,620,true]},"rttpg_author":{"display_name":"V\u00fcsal Rafiqo\u011flu","author_link":"https:\/\/arantv.az\/?author=2"},"rttpg_comment":0,"rttpg_category":"<a href=\"https:\/\/arantv.az\/?cat=4\" rel=\"category\">Siyas\u0259t<\/a>","rttpg_excerpt":"Az\u0259rbaycan d\u00fcnyada sosialy\u00f6n\u00fcml\u00fc siyas\u0259t h\u0259yata ke\u00e7ir\u0259n \u00f6lk\u0259l\u0259rd\u0259n biri kimi tan\u0131n\u0131r. T\u0259bii ki, \u00f6lk\u0259mizin u\u011furlu inki\u015faf g\u00f6st\u0259ricil\u0259rind\u0259n \u0259n \u0259h\u0259miyy\u0259tlisi \u0259halinin sosial rifah hal\u0131n\u0131n y\u00fcks\u0259ldilm\u0259si istiqam\u0259tind\u0259 sistemli v\u0259 ard\u0131c\u0131l sur\u0259td\u0259 h\u0259yata ke\u00e7iril\u0259n t\u0259dbirl\u0259rdir. Az\u0259rbaycan h\u00f6kum\u0259ti \u0259halinin sosial probleml\u0259rini daim diqq\u0259t m\u0259rk\u0259zind\u0259 saxlay\u0131r. D\u00f6vl\u0259tin v\u0259t\u0259nda\u015flar\u0131n\u0131n h\u0259yati \u0259h\u0259miyy\u0259tli t\u0259l\u0259batlar\u0131n\u0131n \u00f6d\u0259nilm\u0259sin\u0259 g\u00f6st\u0259rdiyi qay\u011f\u0131 is\u0259 \u00f6z\u00fcn\u00fc bilavasit\u0259 sosial t\u0259minat sistemind\u0259 b\u00fcruz\u0259&hellip;","_links":{"self":[{"href":"https:\/\/arantv.az\/index.php?rest_route=\/wp\/v2\/posts\/144878"}],"collection":[{"href":"https:\/\/arantv.az\/index.php?rest_route=\/wp\/v2\/posts"}],"about":[{"href":"https:\/\/arantv.az\/index.php?rest_route=\/wp\/v2\/types\/post"}],"author":[{"embeddable":true,"href":"https:\/\/arantv.az\/index.php?rest_route=\/wp\/v2\/users\/2"}],"replies":[{"embeddable":true,"href":"https:\/\/arantv.az\/index.php?rest_route=%2Fwp%2Fv2%2Fcomments&post=144878"}],"version-history":[{"count":0,"href":"https:\/\/arantv.az\/index.php?rest_route=\/wp\/v2\/posts\/144878\/revisions"}],"wp:featuredmedia":[{"embeddable":true,"href":"https:\/\/arantv.az\/index.php?rest_route=\/wp\/v2\/media\/144879"}],"wp:attachment":[{"href":"https:\/\/arantv.az\/index.php?rest_route=%2Fwp%2Fv2%2Fmedia&parent=144878"}],"wp:term":[{"taxonomy":"category","embeddable":true,"href":"https:\/\/arantv.az\/index.php?rest_route=%2Fwp%2Fv2%2Fcategories&post=144878"},{"taxonomy":"post_tag","embeddable":true,"href":"https:\/\/arantv.az\/index.php?rest_route=%2Fwp%2Fv2%2Ftags&post=144878"}],"curies":[{"name":"wp","href":"https:\/\/api.w.org\/{rel}","templated":true}]}}