{"id":144960,"date":"2020-03-24T16:41:16","date_gmt":"2020-03-24T13:41:16","guid":{"rendered":"http:\/\/arantv.az\/?p=144960"},"modified":"2020-03-24T16:41:16","modified_gmt":"2020-03-24T13:41:16","slug":"az%c9%99rbaycan-prezidenti-koronavirusla-mubariz%c9%99y%c9%99-d%c9%99st%c9%99k-fonduna-ian%c9%99-vermis-butun-insanlara-butun-sirk%c9%99tl%c9%99r%c9%99-d%c9%99rin-minn%c9%99tdarligimi-bildirir","status":"publish","type":"post","link":"https:\/\/arantv.az\/?p=144960","title":{"rendered":"Az\u0259rbaycan Prezidenti: &#8220;Koronavirusla M\u00fcbariz\u0259y\u0259 D\u0259st\u0259k Fonduna ian\u0259 vermi\u015f b\u00fct\u00fcn insanlara, b\u00fct\u00fcn \u015firk\u0259tl\u0259r\u0259 d\u0259rin minn\u0259tdarl\u0131\u011f\u0131m\u0131 bildirir\u0259m&#8221;"},"content":{"rendered":"<p><strong>Koronavirusla M\u00fcbariz\u0259y\u0259 D\u0259st\u0259k Fonduna ian\u0259 vermi\u015f b\u00fct\u00fcn insanlara, b\u00fct\u00fcn \u015firk\u0259tl\u0259r\u0259 d\u0259rin minn\u0259tdarl\u0131\u011f\u0131m\u0131 bildirir\u0259m.<\/strong><\/p>\n<p><strong>ARANTV.AZ<\/strong>\u00a0<a href=\"http:\/\/azertag.az\/\" target=\"_blank\" rel=\"noopener\">AZ\u018fRTAC<\/a>-a istinad\u0259n bildirir ki,\u00a0bunu Az\u0259rbaycan Prezidenti \u0130lham \u018fliyev mart\u0131n 24-d\u0259 M\u0259nzil \u0130n\u015faat\u0131 D\u00f6vl\u0259t Agentliyinin ikinci layih\u0259si olan H\u00f6vsan ya\u015fay\u0131\u015f kompleksi il\u0259 tan\u0131\u015fl\u0131qdan sonra Az\u0259rbaycan Televiziyas\u0131na m\u00fcsahib\u0259sind\u0259 deyib.<\/p>\n<p>D\u00f6vl\u0259t ba\u015f\u00e7\u0131s\u0131 bildirib:<\/p>\n<p>&#8220;M\u0259n\u0259 bu g\u00fcn s\u0259h\u0259r veril\u0259n m\u0259lumata g\u00f6r\u0259, b\u0259zi ba\u015fqa \u00f6lk\u0259l\u0259rd\u0259 d\u0259 Koronavirusla M\u00fcbariz\u0259y\u0259 D\u0259st\u0259k Fonduna ox\u015far fondlar yarad\u0131l\u0131r. Biz buna ancaq sevin\u0259 bil\u0259rik. \u00c7\u00fcnki bu, birinci d\u0259f\u0259 deyil ki, Az\u0259rbaycan t\u0259r\u0259find\u0259n ir\u0259li s\u00fcr\u00fclm\u00fc\u015f t\u0259\u015f\u0259bb\u00fcsl\u0259r sonra ba\u015fqa \u00f6lk\u0259l\u0259r t\u0259r\u0259find\u0259n d\u0259 \u0259sas g\u00f6t\u00fcr\u00fcl\u0259r\u0259k eyni add\u0131mlar\u0131n at\u0131lmas\u0131na g\u0259tirib \u00e7\u0131xar\u0131r.<\/p>\n<p>Fondun yarad\u0131lmas\u0131n\u0131n \u0259sas m\u0259qs\u0259di milli h\u0259mr\u0259yliyi daha da g\u00fccl\u0259ndirm\u0259kdir. Sirr deyil ki, bu g\u00fcn Az\u0259rbaycan d\u00f6vl\u0259ti g\u00fccl\u00fc d\u00f6vl\u0259tdir v\u0259 bizim kifay\u0259t q\u0259d\u0259r b\u00f6y\u00fck maliyy\u0259 imkanlar\u0131m\u0131z var. Bax, bu g\u00f6z\u0259l \u015f\u0259h\u0259rsalma layih\u0259si bunun \u0259yani t\u0259zah\u00fcr\u00fcd\u00fcr. B\u00f6y\u00fck v\u0259sait t\u0259l\u0259b ed\u0259n bir \u00e7ox i\u015fl\u0259r g\u00f6r\u00fcl\u00fcr. Fondun yarad\u0131lmas\u0131n\u0131n \u0259sas m\u0259qs\u0259di ondan ibar\u0259tdir ki, h\u0259r bir v\u0259t\u0259nda\u015f imkan daxilind\u0259 \u00f6z v\u0259t\u0259nda\u015f m\u00f6vqeyini g\u00f6st\u0259rsin, h\u0259mr\u0259ylik g\u00f6st\u0259rsin, c\u0259miyy\u0259timizin \u0259sas s\u00fctunlar\u0131ndan biri olan h\u0259mr\u0259ylik v\u0259 m\u0259rh\u0259m\u0259t bir daha \u00f6z\u00fcn\u00fc b\u00fcruz\u0259 versin. Biz h\u0259m \u00f6z\u00fcm\u00fcz\u0259, h\u0259m d\u0259 b\u00fct\u00fcn d\u00fcnyaya g\u00f6st\u0259r\u0259k ki, biz b\u00f6y\u00fck xalq\u0131q.<\/p>\n<p>\u015eadam ki, q\u0131sa m\u00fcdd\u0259t \u0259rzind\u0259 bu fonda veril\u0259n ian\u0259l\u0259r art\u0131q b\u00f6y\u00fck r\u0259q\u0259ml\u0259r\u0259 g\u0259lib \u00e7at\u0131bd\u0131r. Fond yarand\u0131qda Prezidentin ehtiyat fondundan 20 milyon manat ayr\u0131l\u0131b. Fond bir ne\u00e7\u0259 g\u00fcnd\u00fcr ki, art\u0131q o ian\u0259l\u0259ri q\u0259bul etm\u0259y\u0259 ba\u015flam\u0131\u015fd\u0131r. Ancaq d\u00fcn\u0259n ax\u015fam m\u0259n\u0259 veril\u0259n m\u0259lumata g\u00f6r\u0259, Fondda art\u0131q 60 milyon manat v\u0259sait y\u0131\u011f\u0131l\u0131bd\u0131r. Bu, xalq\u0131m\u0131z\u0131n n\u0259 q\u0259d\u0259r b\u00f6y\u00fck v\u0259 y\u00fcks\u0259k keyfiyy\u0259tl\u0259r\u0259 malik oldu\u011funu bir daha g\u00f6st\u0259rir.<\/p>\n<p>M\u0259nim g\u00f6st\u0259ri\u015fiml\u0259 &#8220;koronavirusinfo.az&#8221; sayt\u0131nda b\u00fct\u00fcn v\u0259t\u0259nda\u015flar\u0131n v\u0259 \u015firk\u0259tl\u0259rin adlar\u0131, onlar\u0131n ian\u0259l\u0259rinin m\u0259bl\u0259\u011fi g\u00f6st\u0259rilir, \u00f6z\u00fc d\u0259 \u0259lifba s\u0131ras\u0131 il\u0259. Biz ham\u0131m\u0131z b\u0259rab\u0259rik v\u0259 v\u0259saitd\u0259n as\u0131l\u0131 olmayaraq, b\u00fct\u00fcn insanlar\u0131n, b\u00fct\u00fcn \u015firk\u0259tl\u0259rin adlar\u0131 \u0259lifba s\u0131ras\u0131 il\u0259 d\u0259rc edilir.<\/p>\n<p>F\u00fcrs\u0259td\u0259n istifad\u0259 ed\u0259r\u0259k bu g\u00fcn\u0259 q\u0259d\u0259r Fonda ian\u0259 vermi\u015f b\u00fct\u00fcn insanlara, b\u00fct\u00fcn \u015firk\u0259tl\u0259r\u0259 d\u0259rin minn\u0259tdarl\u0131\u011f\u0131m\u0131 bildirir\u0259m. Bu, bir daha bizim birliyimizi, g\u00fcc\u00fcm\u00fcz\u00fc g\u00f6st\u0259rir v\u0259 onu g\u00f6st\u0259rir ki, biz birg\u0259 s\u0259yl\u0259rl\u0259 bu x\u0259st\u0259liy\u0259 qalib g\u0259l\u0259c\u0259yik&#8221;.<\/p>\n","protected":false},"excerpt":{"rendered":"<p>Koronavirusla M\u00fcbariz\u0259y\u0259 D\u0259st\u0259k Fonduna ian\u0259 vermi\u015f b\u00fct\u00fcn insanlara, b\u00fct\u00fcn \u015firk\u0259tl\u0259r\u0259 d\u0259rin minn\u0259tdarl\u0131\u011f\u0131m\u0131 bildirir\u0259m. ARANTV.AZ\u00a0AZ\u018fRTAC-a istinad\u0259n bildirir ki,\u00a0bunu Az\u0259rbaycan Prezidenti \u0130lham \u018fliyev mart\u0131n 24-d\u0259 M\u0259nzil \u0130n\u015faat\u0131 D\u00f6vl\u0259t Agentliyinin ikinci layih\u0259si olan H\u00f6vsan ya\u015fay\u0131\u015f kompleksi il\u0259 tan\u0131\u015fl\u0131qdan sonra Az\u0259rbaycan Televiziyas\u0131na m\u00fcsahib\u0259sind\u0259 deyib. D\u00f6vl\u0259t ba\u015f\u00e7\u0131s\u0131 bildirib: &#8220;M\u0259n\u0259 bu g\u00fcn s\u0259h\u0259r veril\u0259n m\u0259lumata g\u00f6r\u0259, b\u0259zi ba\u015fqa \u00f6lk\u0259l\u0259rd\u0259 d\u0259 Koronavirusla M\u00fcbariz\u0259y\u0259 D\u0259st\u0259k Fonduna ox\u015far fondlar yarad\u0131l\u0131r. Biz buna ancaq sevin\u0259 bil\u0259rik. \u00c7\u00fcnki bu, birinci d\u0259f\u0259 deyil ki, Az\u0259rbaycan t\u0259r\u0259find\u0259n ir\u0259li s\u00fcr\u00fclm\u00fc\u015f t\u0259\u015f\u0259bb\u00fcsl\u0259r sonra ba\u015fqa \u00f6lk\u0259l\u0259r t\u0259r\u0259find\u0259n d\u0259 \u0259sas g\u00f6t\u00fcr\u00fcl\u0259r\u0259k eyni add\u0131mlar\u0131n at\u0131lmas\u0131na g\u0259tirib \u00e7\u0131xar\u0131r. Fondun&hellip;<\/p>\n","protected":false},"author":2,"featured_media":144961,"comment_status":"closed","ping_status":"closed","sticky":false,"template":"","format":"standard","meta":{"om_disable_all_campaigns":false,"_monsterinsights_skip_tracking":false,"_monsterinsights_sitenote_active":false,"_monsterinsights_sitenote_note":"","_monsterinsights_sitenote_category":0},"categories":[4],"tags":[],"aioseo_notices":[],"gutentor_comment":0,"rttpg_featured_image_url":{"full":["https:\/\/arantv.az\/wp-content\/uploads\/2020\/03\/836166.jpg",1200,900,false],"landscape":["https:\/\/arantv.az\/wp-content\/uploads\/2020\/03\/836166.jpg",1200,900,false],"portraits":["https:\/\/arantv.az\/wp-content\/uploads\/2020\/03\/836166.jpg",1200,900,false],"thumbnail":["https:\/\/arantv.az\/wp-content\/uploads\/2020\/03\/836166-150x150.jpg",150,150,true],"medium":["https:\/\/arantv.az\/wp-content\/uploads\/2020\/03\/836166-300x225.jpg",300,225,true],"large":["https:\/\/arantv.az\/wp-content\/uploads\/2020\/03\/836166-1024x768.jpg",640,480,true],"1536x1536":["https:\/\/arantv.az\/wp-content\/uploads\/2020\/03\/836166.jpg",1200,900,false],"2048x2048":["https:\/\/arantv.az\/wp-content\/uploads\/2020\/03\/836166.jpg",1200,900,false],"post-thumbnail":["https:\/\/arantv.az\/wp-content\/uploads\/2020\/03\/836166-240x172.jpg",240,172,true],"advps-thumb-one":["https:\/\/arantv.az\/wp-content\/uploads\/2020\/03\/836166-1200x620.jpg",1200,620,true]},"rttpg_author":{"display_name":"V\u00fcsal Rafiqo\u011flu","author_link":"https:\/\/arantv.az\/?author=2"},"rttpg_comment":0,"rttpg_category":"<a href=\"https:\/\/arantv.az\/?cat=4\" rel=\"category\">Siyas\u0259t<\/a>","rttpg_excerpt":"Koronavirusla M\u00fcbariz\u0259y\u0259 D\u0259st\u0259k Fonduna ian\u0259 vermi\u015f b\u00fct\u00fcn insanlara, b\u00fct\u00fcn \u015firk\u0259tl\u0259r\u0259 d\u0259rin minn\u0259tdarl\u0131\u011f\u0131m\u0131 bildirir\u0259m. ARANTV.AZ\u00a0AZ\u018fRTAC-a istinad\u0259n bildirir ki,\u00a0bunu Az\u0259rbaycan Prezidenti \u0130lham \u018fliyev mart\u0131n 24-d\u0259 M\u0259nzil \u0130n\u015faat\u0131 D\u00f6vl\u0259t Agentliyinin ikinci layih\u0259si olan H\u00f6vsan ya\u015fay\u0131\u015f kompleksi il\u0259 tan\u0131\u015fl\u0131qdan sonra Az\u0259rbaycan Televiziyas\u0131na m\u00fcsahib\u0259sind\u0259 deyib. D\u00f6vl\u0259t ba\u015f\u00e7\u0131s\u0131 bildirib: &#8220;M\u0259n\u0259 bu g\u00fcn s\u0259h\u0259r veril\u0259n m\u0259lumata g\u00f6r\u0259, b\u0259zi ba\u015fqa \u00f6lk\u0259l\u0259rd\u0259 d\u0259 Koronavirusla&hellip;","_links":{"self":[{"href":"https:\/\/arantv.az\/index.php?rest_route=\/wp\/v2\/posts\/144960"}],"collection":[{"href":"https:\/\/arantv.az\/index.php?rest_route=\/wp\/v2\/posts"}],"about":[{"href":"https:\/\/arantv.az\/index.php?rest_route=\/wp\/v2\/types\/post"}],"author":[{"embeddable":true,"href":"https:\/\/arantv.az\/index.php?rest_route=\/wp\/v2\/users\/2"}],"replies":[{"embeddable":true,"href":"https:\/\/arantv.az\/index.php?rest_route=%2Fwp%2Fv2%2Fcomments&post=144960"}],"version-history":[{"count":0,"href":"https:\/\/arantv.az\/index.php?rest_route=\/wp\/v2\/posts\/144960\/revisions"}],"wp:featuredmedia":[{"embeddable":true,"href":"https:\/\/arantv.az\/index.php?rest_route=\/wp\/v2\/media\/144961"}],"wp:attachment":[{"href":"https:\/\/arantv.az\/index.php?rest_route=%2Fwp%2Fv2%2Fmedia&parent=144960"}],"wp:term":[{"taxonomy":"category","embeddable":true,"href":"https:\/\/arantv.az\/index.php?rest_route=%2Fwp%2Fv2%2Fcategories&post=144960"},{"taxonomy":"post_tag","embeddable":true,"href":"https:\/\/arantv.az\/index.php?rest_route=%2Fwp%2Fv2%2Ftags&post=144960"}],"curies":[{"name":"wp","href":"https:\/\/api.w.org\/{rel}","templated":true}]}}